{"id":367053,"date":"2025-09-05T01:39:16","date_gmt":"2025-09-05T01:39:16","guid":{"rendered":"https:\/\/www.europesays.com\/fr\/367053\/"},"modified":"2025-09-05T01:39:16","modified_gmt":"2025-09-05T01:39:16","slug":"a-nice-prise-de-commandement-a-lescadron-departemental-de-securite-routiere","status":"publish","type":"post","link":"https:\/\/www.europesays.com\/fr\/367053\/","title":{"rendered":"\u00c0 Nice, prise de commandement \u00e0 l\u2019Escadron d\u00e9partemental de s\u00e9curit\u00e9 routi\u00e8re"},"content":{"rendered":"<p>Le capitaine Romain Pouilloux a officiellement pris ses fonctions ce jeudi matin \u00e0 la t\u00eate de l\u2019Escadron d\u00e9partemental de s\u00e9curit\u00e9 routi\u00e8re.<\/p>\n<p>La c\u00e9r\u00e9monie officielle de prise de commandement s\u2019est d\u00e9roul\u00e9e au sein de la caserne d\u00e9partementale Ausseur, avenue Sainte-Marguerite \u00e0 Nice.<\/p>\n<p>Devant un parterre d\u2019invit\u00e9s, le colonel Beno\u00eet Taponat, patron du groupement d\u00e9partemental de gendarmerie a investi le capitaine dans ses fonctions.<\/p>\n<p>Le capitaine Pouilloux, 22 ans de service, \u00e9tait depuis 2022 commandant en second du groupement. Il sera second\u00e9 par le capitaine Simon Bordillon.<\/p>\n<p>\u00ab\u00a0Les militaires de l\u2019Escadron d\u00e9partemental de s\u00e9curit\u00e9 routi\u00e8re sont les anges gardiens de nos d\u00e9placements\u00a0\u00bb, a comment\u00e9 le colonel Beno\u00eet Taponat lors de son discours.<\/p>\n<p>Il a salu\u00e9 l\u2019action de l\u2019EDSR aupr\u00e8s des d\u00e9linquants de la route, mais aussi des criminels \u00ab\u00a0sur la route\u00a0\u00bb, \u00e0 savoir tous ceux qui se d\u00e9placent pour commettre leurs m\u00e9faits, vols, trafics, agressions.<\/p>\n<p>L\u2019EDSR des Alpes-Maritimes est en pleine mutation. Le 1er octobre prochain, comme l\u2019ensemble des EDSR de France, il sera renomm\u00e9 Escadron d\u00e9partemental de contr\u00f4le des flux (EDCF). Une nouvelle appellation pour des missions \u00e9largies. \u00ab\u00a0Un beau d\u00e9fi op\u00e9rationnel\u00a0\u00bb, a comment\u00e9 le colonel Taponat.<\/p>\n<p><strong>L\u2019engagement des hommes de l\u2019EDSR salu\u00e9<\/strong><\/p>\n<p>              <img ci-src=\"https:\/\/www.nicematin.com\/faits-de-societe\/protec\/DATA_ART_16185061-X4caj41j.jpg?vh=0f5d1a&amp;ci_seal=1effe324cb\" alt=\"\"\/><br \/>\n        Le colonel Taponat, patron du groupement de gendarmerie des Alpes-Maritimes.  <strong>Photo G. L..<\/strong> <\/p>\n<p>Au-del\u00e0 de ses missions habituelles sur le r\u00e9seau routier et autoroutier, le futur EDCF engagera de tr\u00e8s nombreuses op\u00e9rations de contr\u00f4le sur les r\u00e9seaux ferr\u00e9s, sur les lignes de bus inter urbaines et internationales ainsi que dans les eaux littorales.<\/p>\n<p>\u00ab\u00a0Toujours avec la m\u00eame logique, intercepter les d\u00e9linquants dans leurs phases de mouvement, lorsqu\u2019ils n\u2019ont pas l\u2019initiative, lorsqu\u2019ils sont vuln\u00e9rables. Trafiquants de stup\u00e9fiants, d\u00e9tenteurs d\u2019armes prohib\u00e9es, fugitifs inscrits au fichier des personnes recherch\u00e9s, le panel d\u2019objectif est large.\u00a0\u00bb<\/p>\n<p>Le colonel Taponat a salu\u00e9 l\u2019engagement de l\u2019Escadron d\u00e9partemental de s\u00e9curit\u00e9 routi\u00e8re. Il a \u00e9videmment eu un mot pour \u00c9ric Comyn, adjudant membre du peloton motoris\u00e9, tu\u00e9 \u00e0 Mougins par un chauffard lors d\u2019un refus d\u2019obtemp\u00e9rer, en ao\u00fbt 2024.<\/p>\n<p>Sa veuve, Harmonie, \u00e9tait d\u2019ailleurs pr\u00e9sente \u00e0 la c\u00e9r\u00e9monie. Le colonel a \u00e9galement eu un mot pour les bless\u00e9s de l\u2019EDSR, \u00ab\u00a0qui dans la discr\u00e9tion et l\u2019humilit\u00e9 des interventions du quotidien sont atteints dans leur chair parce qu\u2019ils ont r\u00e9pondu pr\u00e9sent\u00a0\u00bb.<\/p>\n<p>Ce mercredi, <a href=\"https:\/\/www.nicematin.com\/faits-divers\/deux-gendarmes-de-l-autoroute-blesses-par-un-individu-errant-sur-l-a8-1000422\" target=\"_blank\" rel=\"noopener\">deux gendarmes du peloton de l\u2019autoroute de Nice,<\/a> ont d\u2019ailleurs \u00e9t\u00e9 l\u00e9g\u00e8rement bless\u00e9s par un homme qui divaguait sur l\u2019A8.<\/p>\n<p>              <img ci-src=\"https:\/\/www.nicematin.com\/faits-de-societe\/protec\/DATA_ART_16185060-4LnCiJBG.jpg?vh=013feb&amp;ci_seal=8e51cbbca9\" alt=\"\"\/><br \/>\n        Eric Ciotti, d\u00e9put\u00e9 des Alpes-Maritimes, saluant le nouveau commandant de l\u2019EDSR.  <strong>Photo G. L..<\/strong> <\/p>\n","protected":false},"excerpt":{"rendered":"Le capitaine Romain Pouilloux a officiellement pris ses fonctions ce jeudi matin \u00e0 la t\u00eate de l\u2019Escadron d\u00e9partemental&hellip;\n","protected":false},"author":2,"featured_media":367054,"comment_status":"","ping_status":"","sticky":false,"template":"","format":"standard","meta":{"footnotes":""},"categories":[2819],"tags":[1111,11,1777,674,332,1011,27,12,2401,882,25],"class_list":{"0":"post-367053","1":"post","2":"type-post","3":"status-publish","4":"format-standard","5":"has-post-thumbnail","7":"category-nice","8":"tag-actu","9":"tag-actualites","10":"tag-eu","11":"tag-europe","12":"tag-faits-de-societe","13":"tag-fr","14":"tag-france","15":"tag-news","16":"tag-nice","17":"tag-provence-alpes-cote-dazur","18":"tag-republique-francaise"},"share_on_mastodon":{"url":"https:\/\/pubeurope.com\/@fr\/115149141999210968","error":""},"_links":{"self":[{"href":"https:\/\/www.europesays.com\/fr\/wp-json\/wp\/v2\/posts\/367053","targetHints":{"allow":["GET"]}}],"collection":[{"href":"https:\/\/www.europesays.com\/fr\/wp-json\/wp\/v2\/posts"}],"about":[{"href":"https:\/\/www.europesays.com\/fr\/wp-json\/wp\/v2\/types\/post"}],"author":[{"embeddable":true,"href":"https:\/\/www.europesays.com\/fr\/wp-json\/wp\/v2\/users\/2"}],"replies":[{"embeddable":true,"href":"https:\/\/www.europesays.com\/fr\/wp-json\/wp\/v2\/comments?post=367053"}],"version-history":[{"count":0,"href":"https:\/\/www.europesays.com\/fr\/wp-json\/wp\/v2\/posts\/367053\/revisions"}],"wp:featuredmedia":[{"embeddable":true,"href":"https:\/\/www.europesays.com\/fr\/wp-json\/wp\/v2\/media\/367054"}],"wp:attachment":[{"href":"https:\/\/www.europesays.com\/fr\/wp-json\/wp\/v2\/media?parent=367053"}],"wp:term":[{"taxonomy":"category","embeddable":true,"href":"https:\/\/www.europesays.com\/fr\/wp-json\/wp\/v2\/categories?post=367053"},{"taxonomy":"post_tag","embeddable":true,"href":"https:\/\/www.europesays.com\/fr\/wp-json\/wp\/v2\/tags?post=367053"}],"curies":[{"name":"wp","href":"https:\/\/api.w.org\/{rel}","templated":true}]}}