{"id":367055,"date":"2025-09-05T01:40:22","date_gmt":"2025-09-05T01:40:22","guid":{"rendered":"https:\/\/www.europesays.com\/fr\/367055\/"},"modified":"2025-09-05T01:40:22","modified_gmt":"2025-09-05T01:40:22","slug":"trois-militants-propalestiniens-interpelles-apres-avoir-tente-dentrer-dans-une-synagogue-2","status":"publish","type":"post","link":"https:\/\/www.europesays.com\/fr\/367055\/","title":{"rendered":"Trois militants propalestiniens interpell\u00e9s apr\u00e8s avoir tent\u00e9 d\u2019entrer dans une synagogue"},"content":{"rendered":"<p class=\"mb-4 text-lg md:leading-8 break-words\"><strong>ANTIS\u00c9MITISME &#8211; Une enqu\u00eate pour \u00ab\u00a0violences aggrav\u00e9es\u00a0\u00bb et \u00ab\u00a0injures en raison de la religion\u00a0\u00bb est en cours. Le pr\u00e9fet et le maire Christian Estrosi ont d\u00e9nonc\u00e9 une \u00ab\u00a0intrusion intol\u00e9rable\u00a0\u00bb<\/strong><\/p>\n<p class=\"mb-4 text-lg md:leading-8 break-words\">Une r\u00e9union consacr\u00e9e \u00e0 l\u2019alyah a \u00e9t\u00e9 brutalement perturb\u00e9e jeudi soir au centre de <a href=\"https:\/\/www.20minutes.fr\/nice\/?at_medium=RSS%20feed&amp;at_campaign=ynews&amp;utm_source=yahoo&amp;utm_medium=rss&amp;utm_campaign=news_feed&amp;utm_content=in_article_link\" rel=\"nofollow noopener\" target=\"_blank\" data-ylk=\"slk:Nice;elm:context_link;itc:0;sec:content-canvas\" class=\"link \">Nice<\/a>. Selon le parquet et la pr\u00e9fecture, trois militants <a href=\"https:\/\/www.20minutes.fr\/monde\/palestine\/?at_medium=RSS%20feed&amp;at_campaign=ynews&amp;utm_source=yahoo&amp;utm_medium=rss&amp;utm_campaign=news_feed&amp;utm_content=in_article_link\" rel=\"nofollow noopener\" target=\"_blank\" data-ylk=\"slk:propalestiniens;elm:context_link;itc:0;sec:content-canvas\" class=\"link \">propalestiniens<\/a> ont tent\u00e9 d\u2019entrer \u00ab\u00a0de force\u00a0\u00bb dans une <a href=\"https:\/\/www.20minutes.fr\/dossier\/synagogue?at_medium=RSS%20feed&amp;at_campaign=ynews&amp;utm_source=yahoo&amp;utm_medium=rss&amp;utm_campaign=news_feed&amp;utm_content=in_article_link\" rel=\"nofollow noopener\" target=\"_blank\" data-ylk=\"slk:synagogue;elm:context_link;itc:0;sec:content-canvas\" class=\"link \">synagogue<\/a> Loubavitch, suscitant l\u2019intervention rapide de la police.<\/p>\n<p class=\"mb-4 text-lg md:leading-8 break-words\">Les faits se sont d\u00e9roul\u00e9s vers 19 heures. \u00ab\u00a0Plusieurs personnes dont certaines porteuses de drapeaux palestiniens tentaient de rentrer\u00a0\u00bb dans le lieu de culte o\u00f9 se tenait une rencontre d\u2019information sur l\u2019immigration des juifs en Isra\u00ebl, a pr\u00e9cis\u00e9 le parquet de Nice. Les premiers \u00e9l\u00e9ments de l\u2019enqu\u00eate \u00e9voquent \u00ab\u00a0des faits de <a href=\"https:\/\/www.20minutes.fr\/monde\/violences\/?at_medium=RSS%20feed&amp;at_campaign=ynews&amp;utm_source=yahoo&amp;utm_medium=rss&amp;utm_campaign=news_feed&amp;utm_content=in_article_link\" rel=\"nofollow noopener\" target=\"_blank\" data-ylk=\"slk:violences;elm:context_link;itc:0;sec:content-canvas\" class=\"link \">violences<\/a> et d\u2019injures en raison de la <a href=\"https:\/\/www.20minutes.fr\/dossier\/religion?at_medium=RSS%20feed&amp;at_campaign=ynews&amp;utm_source=yahoo&amp;utm_medium=rss&amp;utm_campaign=news_feed&amp;utm_content=in_article_link\" rel=\"nofollow noopener\" target=\"_blank\" data-ylk=\"slk:religion;elm:context_link;itc:0;sec:content-canvas\" class=\"link \">religion<\/a>\u00a0\u00bb. Une femme enceinte a notamment \u00e9t\u00e9 bouscul\u00e9e, a indiqu\u00e9 la pr\u00e9fecture sur X.<\/p>\n<p>Deux femmes et un sexag\u00e9naire<\/p>\n<p class=\"mb-4 text-lg md:leading-8 break-words\">Trois personnes, deux femmes quadrag\u00e9naires et un sexag\u00e9naire, ont \u00e9t\u00e9 interpell\u00e9es. Elles ont \u00e9t\u00e9 plac\u00e9es en garde \u00e0 vue dans le cadre d\u2019une enqu\u00eate en flagrance pour \u00ab\u00a0violences aggrav\u00e9es par trois circonstances \u2013 sur personne vuln\u00e9rable, en r\u00e9union et en raison de la religion \u2013 et injures publiques en raison de la religion\u00a0\u00bb.<\/p>\n<p><a href=\"https:\/\/www.20minutes.fr\/dossier\/agression_antisemite\" rel=\"nofollow noopener\" target=\"_blank\" data-ylk=\"slk:Notre dossier sur l&#039;antis\u00e9mitisme;elm:context_link;itc:0;sec:content-canvas\" class=\"link \">Notre dossier sur l&rsquo;antis\u00e9mitisme<\/a><\/p>\n<p class=\"mb-4 text-lg md:leading-8 break-words\">Les r\u00e9actions officielles n\u2019ont pas tard\u00e9. Le pr\u00e9fet des Alpes-Maritimes, Laurent Hottiaux, a condamn\u00e9 \u00ab\u00a0tr\u00e8s fermement cet acte\u00a0\u00bb et assur\u00e9 que des policiers resteraient d\u00e9ploy\u00e9s devant la synagogue \u00ab\u00a0autant que n\u00e9cessaire\u00a0\u00bb. Le maire de Nice, Christian Estrosi, a de son c\u00f4t\u00e9 d\u00e9nonc\u00e9 une \u00ab\u00a0intrusion intol\u00e9rable\u00a0\u00bb, rappelant la forte hausse des actes <a href=\"https:\/\/www.20minutes.fr\/dossier\/antisemitisme?at_medium=RSS%20feed&amp;at_campaign=ynews&amp;utm_source=yahoo&amp;utm_medium=rss&amp;utm_campaign=news_feed&amp;utm_content=in_article_link\" rel=\"nofollow noopener\" target=\"_blank\" data-ylk=\"slk:antis\u00e9mites;elm:context_link;itc:0;sec:content-canvas\" class=\"link \">antis\u00e9mites<\/a> en France depuis le 7\u00a0octobre 2023.<\/p>\n<p class=\"mb-4 text-lg md:leading-8 break-words\"><a href=\"https:\/\/www.20minutes.fr\/faits_divers\/4171343-20250904-nice-trois-militants-propalestiniens-interpelles-apres-avoir-tente-entrer-synagogue?at_medium=RSS%20feed&amp;at_campaign=ynews&amp;utm_source=yahoo&amp;utm_medium=rss&amp;utm_campaign=news_feed&amp;utm_content=read_more_link&quot;\" rel=\"nofollow noopener\" target=\"_blank\" data-ylk=\"slk:Lire la suite sur 20minutes;elm:context_link;itc:0;sec:content-canvas\" class=\"link \">Lire la suite sur 20minutes<\/a><\/p>\n<p>\u00c0 lire aussi :<br \/><a href=\"https:\/\/www.20minutes.fr\/faits_divers\/4170377-20250831-lyon-acte-intolerable-tag-free-gaza-peint-memorial-shoah?at_medium=RSS%20feed&amp;at_campaign=ynews&amp;utm_source=yahoo&amp;utm_medium=rss&amp;utm_campaign=news_feed&amp;utm_content=related_content_link\" rel=\"nofollow noopener\" target=\"_blank\" data-ylk=\"slk:Lyon\u00a0: \u00ab\u00a0Un acte intol\u00e9rable\u00a0\u00bb\u2026 Un tag \u00ab\u00a0Free Gaza\u00a0\u00bb peint sur un m\u00e9morial de la Shoah;elm:context_link;itc:0;sec:content-canvas\" class=\"link \">Lyon\u00a0: \u00ab\u00a0Un acte intol\u00e9rable\u00a0\u00bb\u2026 Un tag \u00ab\u00a0Free Gaza\u00a0\u00bb peint sur un m\u00e9morial de la Shoah<\/a><br \/><a href=\"https:\/\/www.20minutes.fr\/societe\/4170332-20250830-neuilly-seine-homme-profere-menaces-antisemites-couteau-pres-synagogue?at_medium=RSS%20feed&amp;at_campaign=ynews&amp;utm_source=yahoo&amp;utm_medium=rss&amp;utm_campaign=news_feed&amp;utm_content=related_content_link\" rel=\"nofollow noopener\" target=\"_blank\" data-ylk=\"slk:Neuilly-sur-Seine\u00a0: Un homme prof\u00e8re des menaces antis\u00e9mites avec un couteau pr\u00e8s d\u2019une synagogue;elm:context_link;itc:0;sec:content-canvas\" class=\"link \">Neuilly-sur-Seine\u00a0: Un homme prof\u00e8re des menaces antis\u00e9mites avec un couteau pr\u00e8s d\u2019une synagogue<\/a><\/p>\n","protected":false},"excerpt":{"rendered":"ANTIS\u00c9MITISME &#8211; Une enqu\u00eate pour \u00ab\u00a0violences aggrav\u00e9es\u00a0\u00bb et \u00ab\u00a0injures en raison de la religion\u00a0\u00bb est en cours. Le&hellip;\n","protected":false},"author":2,"featured_media":367056,"comment_status":"","ping_status":"","sticky":false,"template":"","format":"standard","meta":{"footnotes":""},"categories":[2819],"tags":[1111,11,2397,1777,674,1011,27,50146,10232,12,2401,882,25],"class_list":{"0":"post-367055","1":"post","2":"type-post","3":"status-publish","4":"format-standard","5":"has-post-thumbnail","7":"category-nice","8":"tag-actu","9":"tag-actualites","10":"tag-christian-estrosi","11":"tag-eu","12":"tag-europe","13":"tag-fr","14":"tag-france","15":"tag-la-religion","16":"tag-maire-de-nice","17":"tag-news","18":"tag-nice","19":"tag-provence-alpes-cote-dazur","20":"tag-republique-francaise"},"share_on_mastodon":{"url":"https:\/\/pubeurope.com\/@fr\/115149145545705406","error":""},"_links":{"self":[{"href":"https:\/\/www.europesays.com\/fr\/wp-json\/wp\/v2\/posts\/367055","targetHints":{"allow":["GET"]}}],"collection":[{"href":"https:\/\/www.europesays.com\/fr\/wp-json\/wp\/v2\/posts"}],"about":[{"href":"https:\/\/www.europesays.com\/fr\/wp-json\/wp\/v2\/types\/post"}],"author":[{"embeddable":true,"href":"https:\/\/www.europesays.com\/fr\/wp-json\/wp\/v2\/users\/2"}],"replies":[{"embeddable":true,"href":"https:\/\/www.europesays.com\/fr\/wp-json\/wp\/v2\/comments?post=367055"}],"version-history":[{"count":0,"href":"https:\/\/www.europesays.com\/fr\/wp-json\/wp\/v2\/posts\/367055\/revisions"}],"wp:featuredmedia":[{"embeddable":true,"href":"https:\/\/www.europesays.com\/fr\/wp-json\/wp\/v2\/media\/367056"}],"wp:attachment":[{"href":"https:\/\/www.europesays.com\/fr\/wp-json\/wp\/v2\/media?parent=367055"}],"wp:term":[{"taxonomy":"category","embeddable":true,"href":"https:\/\/www.europesays.com\/fr\/wp-json\/wp\/v2\/categories?post=367055"},{"taxonomy":"post_tag","embeddable":true,"href":"https:\/\/www.europesays.com\/fr\/wp-json\/wp\/v2\/tags?post=367055"}],"curies":[{"name":"wp","href":"https:\/\/api.w.org\/{rel}","templated":true}]}}