{"id":367057,"date":"2025-09-05T01:42:10","date_gmt":"2025-09-05T01:42:10","guid":{"rendered":"https:\/\/www.europesays.com\/fr\/367057\/"},"modified":"2025-09-05T01:42:10","modified_gmt":"2025-09-05T01:42:10","slug":"mobilisation-du-10-septembre-ce-que-lon-sait-du-mouvement-et-des-actions-prevues-en-loire-atlantique-et-en-vendee","status":"publish","type":"post","link":"https:\/\/www.europesays.com\/fr\/367057\/","title":{"rendered":"Mobilisation du 10 septembre\u00a0: ce que l&rsquo;on sait du mouvement et des actions pr\u00e9vues en Loire-Atlantique et en Vend\u00e9e"},"content":{"rendered":"<p>La mobilisation s&rsquo;organise depuis d\u00e9j\u00e0 plusieurs semaines en Loire-Atlantique et en Vend\u00e9e, en vue de la journ\u00e9e de blocage du 10 septembre. Nous avons d\u00e9j\u00e0 pu identifier une dizaine de points de rassemblement, \u00e0 Nantes, Saint-Nazaire et dans le Vignoble nantais.<\/p>\n<p>Que va-t-il se passer, <strong>mercredi 10 septembre<\/strong>, en Loire-Atlantique et en Vend\u00e9e\u00a0? Dans quelle mesure\u00a0<a class=\"IciLink ici-link IciArticleLink g-ici-body-regular-1 underline brand svelte-lu7k6w\" href=\"https:\/\/www.francebleu.fr\/infos\/economie-social\/corteges-blocages-actions-de-sabotage-a-quoi-s-attendent-les-autorites-pour-la-mobilisation-du-10-septembre-7696400\" rel=\"nofollow noopener\" target=\"_blank\">le mouvement \u00ab\u00a0Bloquons tout\u00a0\u00bb<\/a>, lanc\u00e9 apr\u00e8s les annonces du Premier ministre, Fran\u00e7ois Bayrou, sur les 44 milliards d&rsquo;\u00e9conomies du budget 2026, sera-t-il suivi dans nos deux d\u00e9partements\u00a0?\u00a0Il est encore un peu t\u00f4t pour le dire avec certitude, d&rsquo;autant que <strong>des assembl\u00e9es g\u00e9n\u00e9rales sont encore pr\u00e9vues ce week-end<\/strong>, pour organiser les actions. Des op\u00e9rations de tractage doivent aussi avoir lieu pour amplifier la mobilisation. On commence tout de m\u00eame \u00e0 voir ce qui se dessine, en particulier pour Nantes et Saint-Nazaire.<\/p>\n<p>Blocage du pont de Chevir\u00e9 \u00e0 Nantes<\/p>\n<p>Les autorit\u00e9s s&rsquo;attendent \u00e0 <strong>une mobilisation particuli\u00e8rement forte \u00e0 Nantes<\/strong> avec le blocage, d\u00e8s 6h du matin, du p\u00e9riph\u00e9rique et du tr\u00e8s symbolique pont de Chevir\u00e9, qui permet de franchir la Loire, comme l&rsquo;avaient fait\u00a0<a class=\"IciLink ici-link IciArticleLink g-ici-body-regular-1 underline brand svelte-lu7k6w\" href=\"https:\/\/www.francebleu.fr\/infos\/agriculture-peche\/les-agriculteurs-levent-le-blocage-sur-le-pont-de-chevire-a-nantes-8930150\" rel=\"nofollow noopener\" target=\"_blank\">les agriculteurs en janvier 2024<\/a>, mais aussi des entr\u00e9es nord et est de la ville, au niveau du <strong>Cardo \u00e0 Orvault<\/strong> et de la <strong>Prairie de Mauves, quartier Malakoff<\/strong>. C&rsquo;est ce qui est annonc\u00e9, notamment avec une carte tagu\u00e9e sous le pont en face du CHU. S&rsquo;y ajoute un rassemblement pr\u00e9vu tout r\u00e9cemment \u00e0 <strong>Bouguenais<\/strong>, au niveau du rond-point juste avant Trentemoult quand on arrive de la route de Pornic.<\/p>\n<p>\u00c0 Saint-Nazaire, le rendez-vous est donn\u00e9 au niveau de <strong>la zone commerciale de Trignac<\/strong>, en arrivant par la 2&#215;2 voies depuis Nantes, avec l&rsquo;id\u00e9e de mobiliser \u00e0 cet endroit des participants qui viendraient de la presqu&rsquo;\u00eele Gu\u00e9randaise pour concentrer les forces.<\/p>\n<p>Des rassemblements aussi \u00e0 Blain, Ancenis, Clisson et Vallet\u00a0?<\/p>\n<p>En Loire-Atlantique, des rassemblements sont aussi annonc\u00e9s \u00e0 Blain au rond-point de l&rsquo;\u00e9cluse, \u00e0 Ancenis, au rond-point de Terrena, \u00e0 Clisson, au niveau de la zone commerciale en arrivant de Vallet. Vallet o\u00f9 le rendez-vous a \u00e9t\u00e9 fix\u00e9 sur l&rsquo;aire de covoiturage \u00e0 l&rsquo;entr\u00e9e de la 2&#215;2 voies entre Nantes et Cholet, <strong>o\u00f9 sont longtemps rest\u00e9s les Gilets jaunes<\/strong> lors de leur mouvement en 2017.<\/p>\n<p>C&rsquo;est pour l&rsquo;instant <strong>beaucoup plus flou en Vend\u00e9e<\/strong>. Seule La Roche-sur-Yon est \u00e9voqu\u00e9e pour l&rsquo;instant, avec un modus operandi \u00e0 d\u00e9terminer.<\/p>\n<p>D\u00e8s lundi, des \u00ab\u00a0pots de d\u00e9part\u00a0\u00bb de Fran\u00e7ois Bayrou<\/p>\n<p>Voil\u00e0 pour la journ\u00e9e de mercredi qui sera pr\u00e9c\u00e9d\u00e9e, d\u00e8s ce lundi soir, de nombreux rassemblements <strong>devant les mairies \u00e0 l&rsquo;issue du vote de confiance<\/strong> \u00e0 l&rsquo;Assembl\u00e9e nationale et baptis\u00e9s \u00ab\u00a0Pot de d\u00e9part de Fran\u00e7ois Bayrou\u00a0\u00bb. Des rendez-vous sont d\u00e9j\u00e0 annonc\u00e9s \u00e0 Nantes, Saint-Nazaire, Rez\u00e9, Ancenis, Pornic ou encore Paimb\u0153uf.<\/p>\n<p><img loading=\"lazy\" decoding=\"async\" class=\"VisualPreview svelte-1rldrkz\" src=\"data:image\/jpeg;base64,\/9j\/2wBDACgcHiMeGSgjISMtKygwPGRBPDc3PHtYXUlkkYCZlo+AjIqgtObDoKrarYqMyP\/L2u71\/\/\/\/m8H\/\/\/\/6\/+b9\/\/j\/2wBDASstLTw1PHZBQXb4pYyl+Pj4+Pj4+Pj4+Pj4+Pj4+Pj4+Pj4+Pj4+Pj4+Pj4+Pj4+Pj4+Pj4+Pj4+Pj4+Pj4+Pj\/wAARCAAfACoDASIAAhEBAxEB\/8QAFgABAQEAAAAAAAAAAAAAAAAAAAEC\/8QAFhABAQEAAAAAAAAAAAAAAAAAABEB\/8QAFgEBAQEAAAAAAAAAAAAAAAAAAAEC\/8QAFREBAQAAAAAAAAAAAAAAAAAAABH\/2gAMAwEAAhEDEQA\/AJrOtJqLGYKBCEUKRQTUaENQUpUSoR\/\/2Q==\" alt=\"Comme ici sur l'\u00eele de Nantes, les appels au blocage se multiplient.\" width=\"600\" height=\"450\"\/>  Comme ici sur l&rsquo;\u00eele de Nantes, les appels au blocage se multiplient. \u00a9 Radio France &#8211; Marion FersingQui sont les organisateurs de la mobilisation<\/p>\n<p>Mais qui sont ceux qui organisent cette mobilisation\u00a0? Pour Nantes et Saint-Nazaire, on voit bien <strong>la patte de la gauche et de l&rsquo;ultra-gauche<\/strong> dans l&rsquo;organisation qui se met en place via la messagerie crypt\u00e9e Telegram. Aussi bien dans la couleur des tracts qui ont \u00e9t\u00e9 imprim\u00e9s ces derniers jours &#8211; o\u00f9 le rouge domine &#8211; que dans les termes qui sont employ\u00e9s. Plut\u00f4t que \u00ab\u00a0blocage\u00a0\u00bb, le rassemblement au niveau du Cardo, \u00e0 Orvault, a \u00e9t\u00e9 baptis\u00e9 <strong>\u00ab\u00a0F\u00eate de l&rsquo;Huma\u00a0\u00bb du Cardo<\/strong>, en r\u00e9f\u00e9rence au quotidien communiste. Parmi les plus actifs sur cette messagerie crypt\u00e9e &#8211; et qui donnent clairement leur identit\u00e9, parce qu&rsquo;il y a beaucoup de pseudos &#8211; on retrouve aussi <strong>des militants de la France Insoumise<\/strong>, anciens \u00e9lus ou candidats aux \u00e9lections l\u00e9gislatives.<\/p>\n<p><strong>Les syndicats<\/strong> sont l\u00e0, eux aussi. Force Ouvri\u00e8re appelle \u00e0 rejoindre les points de blocage, tout comme Sud rail. La CGT annonce de son c\u00f4t\u00e9 une op\u00e9ration de <strong>tractage au niveau de l&rsquo;a\u00e9roport de Nantes<\/strong> et plusieurs rassemblements \u00e0 Nantes et Saint-Nazaire. La CGT a aussi d\u00e9pos\u00e9 un pr\u00e9avis de gr\u00e8ve pour le 10. Les actions sont \u00e9galement relay\u00e9es par un collectif tr\u00e8s actif, au moment des violentes manifestations contre la loi travail en 2016. D&rsquo;ailleurs, <strong>les forces de l&rsquo;ordre craignent qu&rsquo;il y ait de la casse \u00e0 Nantes<\/strong>. Dans le quartier Pont-Rousseau, \u00e0 Rez\u00e9, ce n&rsquo;est pas un blocage qui est annonc\u00e9 pour le 10 septembre, mais une \u00ab\u00a0\u00e9meute\u00a0\u00bb.<\/p>\n<p>Il y a aussi des initiatives plus individuelles comme, <strong>\u00e0 Rez\u00e9, l&rsquo;\u00e9picerie Biocoop<\/strong> qui annonce qu&rsquo;elle sera ferm\u00e9e, mercredi, pour rejoindre le mouvement.<\/p>\n<p><img loading=\"lazy\" decoding=\"async\" class=\"VisualPreview svelte-1rldrkz\" src=\"data:image\/jpeg;base64,\/9j\/2wBDACgcHiMeGSgjISMtKygwPGRBPDc3PHtYXUlkkYCZlo+AjIqgtObDoKrarYqMyP\/L2u71\/\/\/\/m8H\/\/\/\/6\/+b9\/\/j\/2wBDASstLTw1PHZBQXb4pYyl+Pj4+Pj4+Pj4+Pj4+Pj4+Pj4+Pj4+Pj4+Pj4+Pj4+Pj4+Pj4+Pj4+Pj4+Pj4+Pj4+Pj\/wAARCAAqAB8DASIAAhEBAxEB\/8QAFwABAQEBAAAAAAAAAAAAAAAAAgMAAf\/EABcQAQEBAQAAAAAAAAAAAAAAAAABAhH\/xAAWAQEBAQAAAAAAAAAAAAAAAAABAAL\/xAAWEQEBAQAAAAAAAAAAAAAAAAAAEQH\/2gAMAwEAAhEDEQA\/AKdctHrWpDqpaU0loacVldGEQOktK6S0oTlLoQmoGoU6Jgf\/2Q==\" alt=\"\u00c0 Rez\u00e9, la Biocoop annonce \u00eatre ferm\u00e9e, le 10 septembre, pour &quot;rejoindre le mouvement&quot;.\" width=\"600\" height=\"800\"\/>  \u00c0 Rez\u00e9, la Biocoop annonce \u00eatre ferm\u00e9e, le 10 septembre, pour \u00ab\u00a0rejoindre le mouvement\u00a0\u00bb. \u00a9 Radio France &#8211; Anne Bertrand<\/p>\n","protected":false},"excerpt":{"rendered":"La mobilisation s&rsquo;organise depuis d\u00e9j\u00e0 plusieurs semaines en Loire-Atlantique et en Vend\u00e9e, en vue de la journ\u00e9e de&hellip;\n","protected":false},"author":2,"featured_media":367058,"comment_status":"","ping_status":"","sticky":false,"template":"","format":"standard","meta":{"footnotes":""},"categories":[2818],"tags":[1111,11,1777,674,1011,27,766,12,2636,25],"class_list":{"0":"post-367057","1":"post","2":"type-post","3":"status-publish","4":"format-standard","5":"has-post-thumbnail","7":"category-nantes","8":"tag-actu","9":"tag-actualites","10":"tag-eu","11":"tag-europe","12":"tag-fr","13":"tag-france","14":"tag-nantes","15":"tag-news","16":"tag-pays-de-la-loire","17":"tag-republique-francaise"},"share_on_mastodon":{"url":"https:\/\/pubeurope.com\/@fr\/115149153520488956","error":""},"_links":{"self":[{"href":"https:\/\/www.europesays.com\/fr\/wp-json\/wp\/v2\/posts\/367057","targetHints":{"allow":["GET"]}}],"collection":[{"href":"https:\/\/www.europesays.com\/fr\/wp-json\/wp\/v2\/posts"}],"about":[{"href":"https:\/\/www.europesays.com\/fr\/wp-json\/wp\/v2\/types\/post"}],"author":[{"embeddable":true,"href":"https:\/\/www.europesays.com\/fr\/wp-json\/wp\/v2\/users\/2"}],"replies":[{"embeddable":true,"href":"https:\/\/www.europesays.com\/fr\/wp-json\/wp\/v2\/comments?post=367057"}],"version-history":[{"count":0,"href":"https:\/\/www.europesays.com\/fr\/wp-json\/wp\/v2\/posts\/367057\/revisions"}],"wp:featuredmedia":[{"embeddable":true,"href":"https:\/\/www.europesays.com\/fr\/wp-json\/wp\/v2\/media\/367058"}],"wp:attachment":[{"href":"https:\/\/www.europesays.com\/fr\/wp-json\/wp\/v2\/media?parent=367057"}],"wp:term":[{"taxonomy":"category","embeddable":true,"href":"https:\/\/www.europesays.com\/fr\/wp-json\/wp\/v2\/categories?post=367057"},{"taxonomy":"post_tag","embeddable":true,"href":"https:\/\/www.europesays.com\/fr\/wp-json\/wp\/v2\/tags?post=367057"}],"curies":[{"name":"wp","href":"https:\/\/api.w.org\/{rel}","templated":true}]}}