{"id":367059,"date":"2025-09-05T01:43:15","date_gmt":"2025-09-05T01:43:15","guid":{"rendered":"https:\/\/www.europesays.com\/fr\/367059\/"},"modified":"2025-09-05T01:43:15","modified_gmt":"2025-09-05T01:43:15","slug":"avez-vous-vu-ce-lezard-autour-de-bordeaux-cette-espece-mediterraneenne-est-de-plus-en-plus-presente","status":"publish","type":"post","link":"https:\/\/www.europesays.com\/fr\/367059\/","title":{"rendered":"Avez-vous vu ce l\u00e9zard autour de Bordeaux ? Cette esp\u00e8ce m\u00e9diterran\u00e9enne est de plus en plus pr\u00e9sente"},"content":{"rendered":"<p>            Par<br \/>\n        <strong><br \/>\n            <a href=\"https:\/\/actu.fr\/auteur\/redaction-bordeaux\" title=\"Consulter tous les articles de R\u00e9daction Bordeaux\" target=\"_blank\" rel=\"noopener\">R\u00e9daction Bordeaux<\/a><br \/>\n        <\/strong><\/p>\n<p>        Publi\u00e9 le<\/p>\n<p>            4 sept. 2025 \u00e0 15h06        <\/p>\n<p>Vous l\u2019avez peut-\u00eatre d\u00e9j\u00e0 observ\u00e9 <a href=\"https:\/\/actu.fr\/bordeaux\/\" target=\"_blank\" rel=\"noopener\">\u00e0 Bordeaux.<\/a> Depuis les ann\u00e9es 2000, <strong>un petit gecko<\/strong> s\u2019est install\u00e9 en Nouvelle-Aquitaine\u2009: il s\u2019agit de la Tarente de Maur\u00e9tanie. L\u2019association Cistude Nature a \u00e9t\u00e9 mandat\u00e9e par <a href=\"https:\/\/actu.fr\/tag\/bordeaux-metropole\" target=\"_blank\" rel=\"noopener\">Bordeaux M\u00e9tropole<\/a> pour \u00ab\u2009faire une mise au point sur la colonisation de la Tarente de Maur\u00e9tanie\u2009\u00bb dans le territoire explique Matthieu Berroneau, herp\u00e9tologue de l\u2019association.\u00a0Dans <a href=\"https:\/\/www.facebook.com\/reel\/1456405839028423\/?s=single_unit\" target=\"_blank\" rel=\"noopener\">une vid\u00e9o publi\u00e9e fin ao\u00fbt\u00a02025,<\/a> il arpente \u00e0 v\u00e9lo les rues de la m\u00e9tropole pour rep\u00e9rer ces geckos et <strong>actualiser les donn\u00e9es<\/strong> de r\u00e9partition.<\/p>\n<p class=\" wall-content\">En 2022, environ <strong>250 individus<\/strong> avaient \u00e9t\u00e9 recens\u00e9s aux alentours de Bordeaux. L\u2019esp\u00e8ce \u00e9tait notamment pr\u00e9sente <a href=\"https:\/\/actu.fr\/nouvelle-aquitaine\/bordeaux_33063\/250-geckos-sont-recenses-a-bordeaux-les-riverains-invites-a-photographier-les-lezards_59678881.html\" target=\"_blank\" rel=\"noopener\">autour de la gare Sainte-Jean, vers la Bastide, la barri\u00e8re de Toulouse et les Chartrons.<\/a>\u00a0Pour compl\u00e9ter ses recherches, l\u2019association appelle le public \u00e0 signaler toute observation de la Tarente.<\/p>\n<p>Une esp\u00e8ce m\u00e9diterran\u00e9enne<\/p>\n<p class=\" wall-content\">L\u2019esp\u00e8ce est \u00ab\u2009anthropophile\u2009\u00bb, elle \u00ab\u2009s\u2019accommode plut\u00f4t bien des\u00a0<strong>am\u00e9nagements humains\u2009\u00bb,<\/strong> d\u00e9taille Cistude Nature. Principalement nocturne, elle s\u2019observe souvent pr\u00e8s des \u00e9clairages o\u00f9 elle vient se nourrir des insectes.<\/p>\n<p class=\" wall-content\">Commune de la c\u00f4te catalane \u00e0 la fronti\u00e8re italienne, l\u2019esp\u00e8ce s\u2019est progressivement install\u00e9e dans le Sud-Ouest. C\u2019est probablement via \u00ab\u2009les trains de marchandises et <strong>l\u2019importation d\u2019oliviers<\/strong> o\u00f9 la Tarente appr\u00e9cie de d\u00e9poser ses \u0153ufs\u2009\u00bb que l\u2019esp\u00e8ce s\u2019est d\u00e9plac\u00e9e. Elle n\u2019est pas envahissante, et peut m\u00eame \u00eatre utile\u2009: elle r\u00e9gule naturellement certaines populations d\u2019insectes (moustiques, araign\u00e9es\u2026) qu\u2019elle chasse.<\/p>\n<p>    <a href=\"https:\/\/www.facebook.com\/plugins\/post.php?href=https%3A%2F%2Fwww.facebook.com%2Fcistude.nature%2Fposts%2Fpfbid0489fmLzWaSqAfHanHw63EpnRYaBvA47zEhDSNyfVpVgFq6LjpFrg6oLyiEiGBk1il&amp;show_text=true&amp;width=350\" title=\"Ouvrie le lien\" target=\"_blank\" rel=\"noopener\">Cliquez ici pour visualiser le contenu<\/a><\/p>\n<p class=\" wall-content\">La Tarente de Maur\u00e9tanie n\u2019est pas le seul l\u00e9zard pr\u00e9sent autour de Bordeaux. Alors comment la diff\u00e9rencier des autres\u2009? \u00ab\u2009La Tarente de Maur\u00e9tanie est un gecko \u00e0 <strong>l\u2019allure massive et trapue,<\/strong> ses doigts sont dot\u00e9s de sorte de \u00ab\u2009ventouses\u2009\u00bb (qui lui permettent par exemple de monter le long d\u2019une vitre \u00e0 la verticale\u2009!), et son \u0153il pr\u00e9sente une pupille verticale, qui trahit ses m\u0153urs nocturnes\u2009\u00bb, d\u00e9taille l\u2019association Cistude Nature. Le gecko \u00e9met parfois des petits cris, notamment lorsqu\u2019il est captur\u00e9 ou en p\u00e9riode de reproduction.<\/p>\n<p>Le public est <strong>invit\u00e9 \u00e0 participer<\/strong> s\u2019il voit un de ces geckos, en le prenant en photo et en compl\u00e9tant <a href=\"https:\/\/form.jotform.com\/211732127232040\" target=\"_blank\" rel=\"noopener\">un formulaire de Cistude Nature<\/a>. Autre solution, envoyer un mail \u00e0 <a href=\"https:\/\/actu.fr\/cdn-cgi\/l\/email-protection\" class=\"__cf_email__\" data-cfemail=\"781f1d1b1317381b110b0c0d1c1d56170a1f\" target=\"_blank\" rel=\"noopener\">[email\u00a0protected]<\/a> avec la photo et l\u2019adresse pr\u00e9cise de l\u2019observation.<\/p>\n<p class=\" wall-content\">Personnalisez votre actualit\u00e9 en ajoutant vos villes et m\u00e9dias en favori avec <a href=\"https:\/\/moncompte.actu.fr\" title=\"D\u00e9couvez Mon Actu\" rel=\"nofollow noopener\" data-trk=\"{&quot;cta&quot;:{&quot;action&quot;:&quot;https:\\\/\\\/moncompte.actu.fr&quot;,&quot;category&quot;:&quot;mon compte&quot;,&quot;from&quot;:&quot;article footer&quot;,&quot;name&quot;:&quot;Mon actu&quot;,&quot;type&quot;:&quot;cta&quot;}}\" target=\"_blank\">Mon Actu<\/a>.<\/p>\n","protected":false},"excerpt":{"rendered":"Par R\u00e9daction Bordeaux Publi\u00e9 le 4 sept. 2025 \u00e0 15h06 Vous l\u2019avez peut-\u00eatre d\u00e9j\u00e0 observ\u00e9 \u00e0 Bordeaux. Depuis&hellip;\n","protected":false},"author":2,"featured_media":367060,"comment_status":"","ping_status":"","sticky":false,"template":"","format":"standard","meta":{"footnotes":""},"categories":[2817],"tags":[1111,11,1867,1130,1997,1777,674,1011,27,12,2219,52,25],"class_list":{"0":"post-367059","1":"post","2":"type-post","3":"status-publish","4":"format-standard","5":"has-post-thumbnail","7":"category-bordeaux","8":"tag-actu","9":"tag-actualites","10":"tag-animaux","11":"tag-biodiversite","12":"tag-bordeaux","13":"tag-eu","14":"tag-europe","15":"tag-fr","16":"tag-france","17":"tag-news","18":"tag-nouvelle-aquitaine","19":"tag-planete","20":"tag-republique-francaise"},"share_on_mastodon":{"url":"https:\/\/pubeurope.com\/@fr\/115149157495048672","error":""},"_links":{"self":[{"href":"https:\/\/www.europesays.com\/fr\/wp-json\/wp\/v2\/posts\/367059","targetHints":{"allow":["GET"]}}],"collection":[{"href":"https:\/\/www.europesays.com\/fr\/wp-json\/wp\/v2\/posts"}],"about":[{"href":"https:\/\/www.europesays.com\/fr\/wp-json\/wp\/v2\/types\/post"}],"author":[{"embeddable":true,"href":"https:\/\/www.europesays.com\/fr\/wp-json\/wp\/v2\/users\/2"}],"replies":[{"embeddable":true,"href":"https:\/\/www.europesays.com\/fr\/wp-json\/wp\/v2\/comments?post=367059"}],"version-history":[{"count":0,"href":"https:\/\/www.europesays.com\/fr\/wp-json\/wp\/v2\/posts\/367059\/revisions"}],"wp:featuredmedia":[{"embeddable":true,"href":"https:\/\/www.europesays.com\/fr\/wp-json\/wp\/v2\/media\/367060"}],"wp:attachment":[{"href":"https:\/\/www.europesays.com\/fr\/wp-json\/wp\/v2\/media?parent=367059"}],"wp:term":[{"taxonomy":"category","embeddable":true,"href":"https:\/\/www.europesays.com\/fr\/wp-json\/wp\/v2\/categories?post=367059"},{"taxonomy":"post_tag","embeddable":true,"href":"https:\/\/www.europesays.com\/fr\/wp-json\/wp\/v2\/tags?post=367059"}],"curies":[{"name":"wp","href":"https:\/\/api.w.org\/{rel}","templated":true}]}}