{"id":367061,"date":"2025-09-05T01:44:26","date_gmt":"2025-09-05T01:44:26","guid":{"rendered":"https:\/\/www.europesays.com\/fr\/367061\/"},"modified":"2025-09-05T01:44:26","modified_gmt":"2025-09-05T01:44:26","slug":"selon-pierre-hurmic-bordeaux-rayonne-depuis-cinq-ans","status":"publish","type":"post","link":"https:\/\/www.europesays.com\/fr\/367061\/","title":{"rendered":"selon Pierre Hurmic, Bordeaux \u00ab\u00a0rayonne\u00a0\u00bb depuis cinq ans"},"content":{"rendered":"<p class=\"article__intro\">Ce 4 septembre, Pierre Hurmic le maire de Bordeaux a, lui aussi, fait sa rentr\u00e9e. Un discours tr\u00e8s politique qui rev\u00eat des airs de bilans de fin de mandat dans un contexte d\u2019instabilit\u00e9 politique nationale et de pr\u00e9paration des \u00e9lections municipales, en mars 2026.<\/p>\n<p>\n      L\u2019actu des r\u00e9gions\n    <\/p>\n<p>\n      Chaque jour, un tour d\u2019horizon des principales infos de toutes les r\u00e9gions.\n    <\/p>\n<p>    France T\u00e9l\u00e9visions utilise votre adresse e-mail afin de vous envoyer la newsletter \u00ab\u00a0L\u2019actu des r\u00e9gions\u00a0\u00bb. Vous pouvez vous d\u00e9sinscrire \u00e0 tout moment via le lien en bas de cette newsletter. <a target=\"_blank\" href=\"https:\/\/www.francetelevisions.fr\/groupe\/confidentialite\/politique-de-confidentialite\/politique-de-confidentialite-de-france-televisions-6503\" rel=\"nofollow noopener\">Notre politique de confidentialit\u00e9<\/a><\/p>\n<p>Le 10 septembre, Pierre Hurmic l\u2019assure, il sera \u201cau travail, \u00e0 l\u2019H\u00f4tel de ville, parce que la vie municipale ne s\u2019arr\u00eate pas\u201d. Le mouvement de blocage, lanc\u00e9 par le collectif des Essentiels, se tiendra aussi \u00e0 Bordeaux, m\u00eame si, pour l\u2019heure, son organisation reste n\u00e9buleuse. <\/p>\n<p>\u201cJ\u2019esp\u00e8re que cela se passera le mieux possible, sans d\u00e9bordement. Je ne suis pas un maire hors sol, bunkeris\u00e9 dans son h\u00f4tel de ville. Je serai \u00e0 l\u2019\u00e9coute des col\u00e8res, c\u2019est ce qui avait manqu\u00e9 pendant les gilets jaunes\u201d, envisage Pierre Hurmic, sans s\u2019\u00e9tendre sur sa vision du mouvement.<\/p>\n<p><a data-article-figure=\"\" href=\"https:\/\/france3-regions.franceinfo.fr\/image\/gw_5-KvZnPkbXhXjOxCwbebabck\/1920x1080\/regions\/2025\/09\/04\/ftv-0553-00-00-03-11-68b9b0ab4e6ac062007820.jpg\" data-pswp-width=\"1920\" data-pswp-height=\"1080\" target=\"_blank\" rel=\"nofollow noopener\"><\/p>\n<p>          <img width=\"600\" height=\"400\" class=\"article-image lazy\" data-src=\"https:\/\/www.europesays.com\/fr\/wp-content\/uploads\/2025\/09\/ftv-0553-00-00-03-11-68b9b0ab4e6ac062007820.jpg\" alt=\"Le discours de Pierre Hurmic a laiss\u00e9 entrevoir un bilan de fin de mandat, quelques mois avant les \u00e9lections municipales.\" fetchpriority=\"high\" as=\"image\"\/><\/p>\n<p>\n            Le discours de Pierre Hurmic a laiss\u00e9 entrevoir un bilan de fin de mandat, quelques mois avant les \u00e9lections municipales.<br \/>\n                           \u2022<br \/>\n                                      \u00a9 France 3 Aquitaine\n                      <\/p>\n<p><\/a><\/p>\n<p>Au-del\u00e0 de cette date-cl\u00e9, le mois de septembre, cette ann\u00e9e, est r\u00e9solument politique : vote de confiance \u00e0 Fran\u00e7ois Bayrou le 8 septembre prochain ou encore la mobilisation syndicale le 18 septembre. Pourtant, Pierre Hurmic vise, lui, une autre date : celles des \u00e9lections municipales en mars 2026.<\/p>\n<p>Aujourd\u2019hui, si le maire de Bordeaux se refuse \u00e0 tout commentaire sur une potentielle candidature, il assure que sa \u201cd\u00e9cision est prise\u201d. \u201cJe consid\u00e8re que ce n\u2019est pas le moment opportun, je vous en parlerai au moment o\u00f9 nous lancerons la campagne \u00e9lectorale\u201d, indique le maire de Bordeaux.<\/p>\n<p><a data-article-figure=\"\" href=\"https:\/\/france3-regions.franceinfo.fr\/image\/Vqx9N0OXklkj2QP21qUpqkmRVnY\/1920x1080\/regions\/2025\/09\/04\/ftv-0575-00-01-28-00-68b9b0076f344900075362.jpg\" data-pswp-width=\"1920\" data-pswp-height=\"1080\" target=\"_blank\" rel=\"nofollow noopener\"><\/p>\n<p>          <img width=\"600\" height=\"400\" class=\"article-image lazy\" data-src=\"https:\/\/www.europesays.com\/fr\/wp-content\/uploads\/2025\/09\/ftv-0575-00-01-28-00-68b9b0076f344900075362.jpg\" alt=\"Thomas Cazenave a annonc\u00e9 une alliance politique avec Alexandra Siarri en vue des municipales.\" fetchpriority=\"high\" as=\"image\"\/><\/p>\n<p>\n            Thomas Cazenave a annonc\u00e9 une alliance politique avec Alexandra Siarri en vue des municipales.<br \/>\n                           \u2022<br \/>\n                                      \u00a9 France 3 Aquitaine\n                      <\/p>\n<p><\/a><\/p>\n<p>La bataille semble cependant d\u00e9j\u00e0 lanc\u00e9e. Ce mercredi 4 septembre, quelques heures avant son allocution de rentr\u00e9e, ses opposants politiques Thomas Cazenave, (Renaissance), et l&rsquo;ancienne adjointe d&rsquo;Alain Jupp\u00e9 Alexandra Siarri ont annonc\u00e9 dans les colonnes de Sud-Ouest une alliance politique. \u201cC\u2019est ce qui \u00e9tait attendu. Ils entament une campagne dans laquelle ils n&rsquo;iront pas jusqu\u2019au bout. Ils organisent leur ralliement, \u00e7a ne m\u00e9rite pas plus de commentaire de ma part\u201d, r\u00e9pond Pierre Hurmic.<\/p>\n<p>\u201cJ\u2019appelle depuis plusieurs mois \u00e0 un grand rassemblement, parce que c\u2019est ce que les Bordelais et Bordelaises nous ont rapport\u00e9. Ils ne sont pas d\u2019accord avec Pierre Hurmic mais d\u00e9sunis, ils nous indiquent que nous perdrons\u201d, rapporteThomas Cazenave.<\/p>\n<blockquote class=\"ftvi_content_quote\">\n<p class=\"ftvi_citation_quote\">Ils continueront jusqu\u2019au bout \u00e0 \u00eatre des ambassadeurs de Paris \u00e0 Bordeaux. Moi, je pr\u00e9f\u00e8re \u00eatre l\u2019ambassadeur de Bordeaux \u00e0 Paris.<\/p>\n<p>Pierre Hurmic<\/p>\n<p class=\"ftvi_citation_source\">Maire de Bordeaux<\/p>\n<\/blockquote>\n<p>De commentaire, le maire de Bordeaux s\u2019en accordera cependant un, quelques minutes plus tard. \u201cCes candidats macronistes incarnent un pouvoir symbole d&rsquo;impuissance totale et de choix hasardeux. Comment ceux qui ont ruin\u00e9 la France seraient les mieux plac\u00e9s pour g\u00e9rer la ville de Bordeaux demain ? Je souhaite que cette ville soit le plus loin possible de ce type d\u2019influence\u00a0\u00bb, interroge le maire de Bordeaux.<\/p>\n<p>Sans attaquer ses opposants, l\u2019\u00e9dile bordelais pr\u00e9f\u00e8re se tourner vers l\u2019\u00e9chelon national et fustiger \u201cles derniers gouvernements qui se sont montr\u00e9s incons\u00e9quents, avec un vrai d\u00e9ni de responsabilit\u00e9\u201d. Une mani\u00e8re de \u201cse d\u00e9rober\u201d selon Thomas Cazenave. \u201cIl veut nationaliser le d\u00e9bat parce qu\u2019il n\u2019est peut-\u00eatre pas fier de son bilan. Restons sur les besoins des Bordelais. Ce ne doit pas \u00eatre un sujet partisan\u201d, r\u00e9torque le d\u00e9put\u00e9 macroniste.<\/p>\n<p>\u00c0 ce \u201cchaos politique\u201d, Pierre Hurmic rappelle, arm\u00e9 de chiffres, l&rsquo;importance de l\u2019\u00e9chelon municipal. \u201cDans ce contexte national, les collectivit\u00e9s locales ont un r\u00f4le primordial \u00e0 jouer et des responsabilit\u00e9s particuli\u00e8res \u00e0 assumer. Plus l\u2019\u00e9tat est d\u00e9faillant et plus les collectivit\u00e9s doivent agir en premi\u00e8re ligne\u201d, assure Pierre Hurmic.<\/p>\n<p><a data-article-figure=\"\" href=\"https:\/\/france3-regions.franceinfo.fr\/image\/JZP-rGJx6d3fJZyY4iLMSjNwd3E\/1920x1080\/regions\/2025\/09\/04\/sdk-encadredment-des-loyers-a-bordeaux-00-00-24-09-68b9af7d3e1d7534857629.jpg\" data-pswp-width=\"1920\" data-pswp-height=\"1080\" target=\"_blank\" rel=\"nofollow noopener\"><\/p>\n<p>          <img width=\"600\" height=\"400\" class=\"article-image lazy\" data-src=\"https:\/\/www.europesays.com\/fr\/wp-content\/uploads\/2025\/09\/sdk-encadredment-des-loyers-a-bordeaux-00-00-24-09-68b9af7d3e1d7534857629.jpg\" alt=\"Pierre Hurmic a tenu \u00e0 rappeler l'importance du maillon municipale dans la politique.\" fetchpriority=\"high\" as=\"image\"\/><\/p>\n<p>\n            Pierre Hurmic a tenu \u00e0 rappeler l&rsquo;importance du maillon municipale dans la politique.<br \/>\n                           \u2022<br \/>\n                                      \u00a9 France 3 Aquitaine\n                      <\/p>\n<p><\/a><\/p>\n<p>Ce d\u00e9clin politique, le maire de Bordeaux en a fait d\u2019ailleurs son pr\u00e9ambule. \u201cL\u2019\u00e9t\u00e9 que nous venons de vivre est l\u2019\u00e9t\u00e9 de tous les dangers. La maison br\u00fble, mais l\u2019humanit\u00e9 persiste \u00e0 s\u2019entred\u00e9chirer. Le bruit de bottes, le fracas des armes ont r\u00e9sonn\u00e9 tout l\u2019\u00e9t\u00e9. Les puissants s\u2019affrontent au lieu de se liguer face au p\u00e9ril climatique\u201d, avait entam\u00e9 le maire de Bordeaux, \u00e9grenant les p\u00e9riodes de canicule et les guerres \u00e9conomiques et politiques qui ont \u00e9maill\u00e9 l\u2019\u00e9t\u00e9.<\/p>\n<p>Dans ce sombre bilan que dessine le maire de Bordeaux, Bordeaux appara\u00eet \u00e0 contre-courant. \u201cLa France est en panne, et pendant ce temps, Bordeaux rayonne\u201d, avance le maire, \u00e9voquant une fr\u00e9quentation touristique doubl\u00e9e ou encore l\u2019accueil en octobre du 7e forum mondial de l\u2019ESS.<\/p>\n<p>Faux, r\u00e9pond Thomas Cazenave qui d\u00e9nonce des probl\u00e8mes de s\u00e9curit\u00e9, de salubrit\u00e9 ou encore sur l\u2019\u00e9conomie. \u201cJe ne me retrouve pas dans ce dessin idyllique. Il y a des d\u00e9gradations au niveau de l\u2019ins\u00e9curit\u00e9, des commerces qui ferment r\u00e9guli\u00e8rement dans le centre-ville de bordeaux ou encore les probl\u00e9matiques de d\u00e9placements, d\u00e9taille le d\u00e9put\u00e9 de la majorit\u00e9. C\u2019est ce qui ressort de notre consultation aupr\u00e8s de 2 000 Bordelais.\u201d<\/p>\n<blockquote class=\"ftvi_content_quote\">\n<p class=\"ftvi_citation_quote\">En d\u00e9but de mandat, on annonce, en fin de mandat, on livre.<\/p>\n<p>Pierre Hurmic<\/p>\n<p class=\"ftvi_citation_source\">Maire de Bordeaux<\/p>\n<\/blockquote>\n<p>Le maire d\u00e9crit ainsi une ville plus verte, gr\u00e2ce \u00e0 la v\u00e9g\u00e9talisation de la ville et de ses places comme l\u2019esplanade Charles de Gaulle \u00e0 M\u00e9riadeck ou le r\u00e9am\u00e9nagement des all\u00e9es de Tourny, les refontes des cours d\u2019\u00e9coles ou encore \u00e0 la multiplication des panneaux solaires sur les toits des b\u00e2timents publics. \u201cAujourd\u2019hui, 41% du foncier public est autonomie \u00e9nerg\u00e9tiquement, on \u00e9tait \u00e0 30% en 2020\u201d, avance Pierre Hurmic.<\/p>\n<p><a data-article-figure=\"\" href=\"https:\/\/france3-regions.franceinfo.fr\/image\/bKbx9Mxs4-0ebZFFDmZmZv-Y35s\/1920x1080\/regions\/2025\/09\/04\/s33-gestion-canicule-ecoles-pessac-bordeaux-00-00-20-03-68b9afa44f59c946195618.jpg\" data-pswp-width=\"1920\" data-pswp-height=\"1080\" target=\"_blank\" rel=\"nofollow noopener\"><\/p>\n<p>          <img width=\"600\" height=\"400\" class=\"article-image lazy\" data-src=\"https:\/\/www.europesays.com\/fr\/wp-content\/uploads\/2025\/09\/s33-gestion-canicule-ecoles-pessac-bordeaux-00-00-20-03-68b9afa44f59c946195618.jpg\" alt=\"Pierre Hurmic a voulu mettre l'accent sur la v\u00e9g\u00e9talisation de la ville et des \u00e9coles, qui ont permis de lutter notamment contre la canicule.\" fetchpriority=\"high\" as=\"image\"\/><\/p>\n<p>\n            Pierre Hurmic a voulu mettre l&rsquo;accent sur la v\u00e9g\u00e9talisation de la ville et des \u00e9coles, qui ont permis de lutter notamment contre la canicule.<br \/>\n                           \u2022<br \/>\n                                      \u00a9 France 3 Aquitaine\n                      <\/p>\n<p><\/a><\/p>\n<p>\u201cTourn\u00e9e vers les enfants\u201d, Bordeaux compte d\u00e9sormais deux nouvelles \u00e9coles et trois nouvelles cr\u00e8ches, des cantines Z\u00e9ro plastique servant \u00e0 71% des produits bios, l\u2019accroissement du dispositif \u201cla rue aux enfants\u201d. Trois nouveaux \u00e9quipements sportifs, dont la piscine Jean Zay \u00e0 Caud\u00e9ran, ach\u00e8vent le plan de r\u00e9habilitation des piscines bordelaises.<\/p>\n<p>Les infrastructures sportives ne sont pas les seules \u00e0 parachever leur remise en beaut\u00e9. La Fl\u00e8che Saint-Michel devrait se d\u00e9voiler au printemps comme le garage moderne ou encore le mus\u00e9e des arts d\u00e9coratifs et du design. Plus proche encore de l\u2019\u00e9dile, la nouvelle porte de la mairie de Bordeaux,<a href=\"https:\/\/france3-regions.franceinfo.fr\/nouvelle-aquitaine\/gironde\/bordeaux\/incendie-de-la-porte-de-la-mairie-de-bordeaux-jeudi-soir-apres-la-mobilisation-historique-contre-la-reforme-des-retraites-2738882.html\" target=\"_blank\" rel=\"noopener nofollow\"> br\u00fbl\u00e9e en 2023, <\/a>sera pos\u00e9e, dans sa nouvelle version, en novembre prochain.<\/p>\n","protected":false},"excerpt":{"rendered":"Ce 4 septembre, Pierre Hurmic le maire de Bordeaux a, lui aussi, fait sa rentr\u00e9e. Un discours tr\u00e8s&hellip;\n","protected":false},"author":2,"featured_media":367062,"comment_status":"","ping_status":"","sticky":false,"template":"","format":"standard","meta":{"footnotes":""},"categories":[2817],"tags":[1111,11,1997,1777,674,1011,27,12,2219,25],"class_list":{"0":"post-367061","1":"post","2":"type-post","3":"status-publish","4":"format-standard","5":"has-post-thumbnail","7":"category-bordeaux","8":"tag-actu","9":"tag-actualites","10":"tag-bordeaux","11":"tag-eu","12":"tag-europe","13":"tag-fr","14":"tag-france","15":"tag-news","16":"tag-nouvelle-aquitaine","17":"tag-republique-francaise"},"share_on_mastodon":{"url":"https:\/\/pubeurope.com\/@fr\/115149161393868381","error":""},"_links":{"self":[{"href":"https:\/\/www.europesays.com\/fr\/wp-json\/wp\/v2\/posts\/367061","targetHints":{"allow":["GET"]}}],"collection":[{"href":"https:\/\/www.europesays.com\/fr\/wp-json\/wp\/v2\/posts"}],"about":[{"href":"https:\/\/www.europesays.com\/fr\/wp-json\/wp\/v2\/types\/post"}],"author":[{"embeddable":true,"href":"https:\/\/www.europesays.com\/fr\/wp-json\/wp\/v2\/users\/2"}],"replies":[{"embeddable":true,"href":"https:\/\/www.europesays.com\/fr\/wp-json\/wp\/v2\/comments?post=367061"}],"version-history":[{"count":0,"href":"https:\/\/www.europesays.com\/fr\/wp-json\/wp\/v2\/posts\/367061\/revisions"}],"wp:featuredmedia":[{"embeddable":true,"href":"https:\/\/www.europesays.com\/fr\/wp-json\/wp\/v2\/media\/367062"}],"wp:attachment":[{"href":"https:\/\/www.europesays.com\/fr\/wp-json\/wp\/v2\/media?parent=367061"}],"wp:term":[{"taxonomy":"category","embeddable":true,"href":"https:\/\/www.europesays.com\/fr\/wp-json\/wp\/v2\/categories?post=367061"},{"taxonomy":"post_tag","embeddable":true,"href":"https:\/\/www.europesays.com\/fr\/wp-json\/wp\/v2\/tags?post=367061"}],"curies":[{"name":"wp","href":"https:\/\/api.w.org\/{rel}","templated":true}]}}