{"id":367063,"date":"2025-09-05T01:45:19","date_gmt":"2025-09-05T01:45:19","guid":{"rendered":"https:\/\/www.europesays.com\/fr\/367063\/"},"modified":"2025-09-05T01:45:19","modified_gmt":"2025-09-05T01:45:19","slug":"3-jours-dinauguration-gratuits-pour-louverture-dold-school-le-nouveau-repere-festif-et-artistique-toulousain","status":"publish","type":"post","link":"https:\/\/www.europesays.com\/fr\/367063\/","title":{"rendered":"3 jours d\u2019inauguration gratuits pour l\u2019ouverture d\u2019Old School, le nouveau rep\u00e8re festif et artistique toulousain"},"content":{"rendered":"<p>C\u2019est le grand opening d\u2019une adresse qui risque de retourner les soir\u00e9es toulousaines : <strong>Old School Toulouse<\/strong> <strong>ouvre ses portes le week-end du 4 au 6 septembre<\/strong>. Install\u00e9\u00a0en plein c\u0153ur du centre-ville, <strong>au 9 rue Cl\u00e9mence Isaure (m\u00e9tro Esquirol)<\/strong>, le spot annonce la couleur : une <strong>ambiance brute et chaleureuse<\/strong>, une d\u00e9co pens\u00e9e par des <strong>artistes locaux<\/strong>, <strong>street food<\/strong>, et une programmation musicale qui m\u00e9lange<strong> hip-hop, house et\u00a0bass music<\/strong> dans la cave.<\/p>\n<p>\u00a0<\/p>\n<p>Trois jours de f\u00eate gratuite pour l\u2019inauguration<\/p>\n<p>Pour marquer son arriv\u00e9e,<strong> <a href=\"https:\/\/www.instagram.com\/oldschool.toulouse\/?hl=fr\" target=\"_self\" rel=\"nofollow noopener\">Old School<\/a> <\/strong>programme un week-end d\u2019inauguration durant trois jours, et <strong>c\u2019est gratuit ! <\/strong>Le <strong>jeudi 4 septembre<\/strong>, place au lancement <strong>avec DJ PoyPoy<\/strong> et son univers hip-hop, <strong>suivi de Marie Berson<\/strong> pour un set house vocal qui fera monter la temp\u00e9rature. Le lendemain, <strong>vendredi 5 septembre<\/strong>, le lieu donne carte blanche au <strong>collectif All Stars Toulouse<\/strong>, avec une soir\u00e9e house \/ clubbing emmen\u00e9e par Saint Amour<strong> et sa fameuse \u201cno phone party\u201d.<\/strong> \u00ab\u00a0L\u2019id\u00e9e, c\u2019est que ce qui se passe chez nous reste chez nous. On veut proposer une vibe de d\u00e9tox num\u00e9rique, profiter vraiment du moment humainement plut\u00f4t qu\u2019\u00e0 travers un \u00e9cran\u00a0\u00bb, explique Jordane, associ\u00e9e et responsable de la programmation musicale du lieu. \u00c0 l\u2019entr\u00e9e, un sticker sera m\u00eame pos\u00e9 sur la cam\u00e9ra des t\u00e9l\u00e9phones pour recr\u00e9er une atmosph\u00e8re intimiste \u00e0 la berlinoise. Enfin, le <strong>samedi 6 septembre<\/strong>, la vibe se fera plus \u00e9clectique, <strong>entre hip-hop old school et new school, soul, jazz et funk, gr\u00e2ce aux talents de Proleter, Gones et Juice.<\/strong><\/p>\n<p>\u00a0<\/p>\n<blockquote data-instgrm-permalink=\"https:\/\/www.instagram.com\/p\/DN2rSdFWB2P\/?utm_source=ig_embed&amp;utm_campaign=loading\" data-instgrm-version=\"14\" data-class=\"instagram-media\">\n<\/blockquote>\n<p>Une premi\u00e8re expo pour lancer le lieu<\/p>\n<p><strong>Old School, c\u2019est aussi un espace d\u2019expression artistique.<\/strong> Pour son premier accrochage, le bar accueille les \u0153uvres de <a href=\"https:\/\/www.instagram.com\/nikkok.k.o\/\" target=\"_self\" rel=\"nofollow noopener\"><strong>Nikko<\/strong><\/a>, <a href=\"https:\/\/www.instagram.com\/alx_fernandez_art\/\" target=\"_self\" rel=\"nofollow noopener\"><strong>Alx Fernandez<\/strong><\/a> et <a href=\"https:\/\/www.instagram.com\/mariannegazel\/\" target=\"_self\" rel=\"nofollow noopener\"><strong>Gazel<\/strong><\/a>, avec un <strong>vernissage pr\u00e9vu le 5 septembre d\u00e8s 19h<\/strong>. L\u2019occasion de trinquer tout en d\u00e9couvrant une sc\u00e9nographie qui donne le ton : ce lieu sera autant galerie que dancefloor.<\/p>\n<blockquote data-instgrm-permalink=\"https:\/\/www.instagram.com\/p\/DNSlPgHN0cA\/?utm_source=ig_embed&amp;utm_campaign=loading\" data-instgrm-version=\"14\" data-class=\"instagram-media\">\n<\/blockquote>\n<p>\u00a0<\/p>\n<p>L&rsquo;espace\u00a0a \u00e9t\u00e9 enti\u00e8rement repens\u00e9e par des <strong>artistes locaux <a href=\"http:\/\/instagram.com\/psena_lab\/\" target=\"_self\" rel=\"nofollow noopener\">Psena<\/a>, <a href=\"https:\/\/www.instagram.com\/calm_signs_\/\" target=\"_self\" rel=\"nofollow noopener\">Camille Louis Martinez<\/a>, <a href=\"https:\/\/www.instagram.com\/toncer\/\" target=\"_self\" rel=\"nofollow noopener\">Toncer<\/a>, <a href=\"https:\/\/www.instagram.com\/wanlebongamin\/\" target=\"_self\" rel=\"nofollow noopener\">Wan<\/a><\/strong> et l\u2019<a href=\"https:\/\/www.instagram.com\/idcorp_france\/\" target=\"_self\" rel=\"nofollow noopener\">entreprise Idcorp France<\/a>,\u00a0qui ont habill\u00e9 les murs de fresques et installations graphiques.\u00a0<strong>Un spot qui donne vie \u00e0 la culture hip-hop et o\u00f9 l\u2019esprit underground s\u2019incarne jusque dans les murs.<\/strong><\/p>\n<p>\u00a0<\/p>\n<p>L\u2019esprit OldSchool : musique, food et vibe urbain<\/p>\n<p><strong>Le duo\u00a0Jordane et Dan<\/strong>, amis de longue date, signe ici le\u00a0<strong>troisi\u00e8me Old School<\/strong>, et le plus ambitieux. Jordane, figure des sc\u00e8nes drum and bass et hip-hop locales, a rejoint le projet port\u00e9 par Dan depuis 2009, qui lui pilote la <strong>partie bar et restauration<\/strong>. En rez-de-chauss\u00e9e, <strong>le bar accueille d\u00e8s midi, avec une offre street food urbaine<\/strong> : smash burgers, tapas, inspirations am\u00e9ricaines. <strong>Le sous-sol, lui, se transforme en club \u00e0 partir de 22h.<\/strong> C\u00f4t\u00e9 programmation : battles de hip-hop pr\u00e9vues en octobre, soir\u00e9es house, drum and bass, dubstep, dancehall ou encore des <strong>soir\u00e9es stand-up les mardis soirs \u00e0 partir du 23 septembre.<\/strong><\/p>\n<p>\u00a0<\/p>\n<blockquote>\n<p>\u00ab\u00a0On veut un lieu hybride, \u00e0 la fois ancr\u00e9 dans la sc\u00e8ne locale et ouvert sur l\u2019ext\u00e9rieur, o\u00f9 artistes \u00e9mergents et en voie de professionnalisation se croisent\u00a0\u00bb, raconte Jordane.<\/p>\n<\/blockquote>\n<p>La line-up du lieu met en lumi\u00e8re des<strong> talents toulousains<\/strong>, mais aussi des <strong>guests venus d\u2019ailleurs<\/strong>, jusqu\u2019\u00e0 l\u2019Angleterre c\u00f4t\u00e9 drum and bass\u2026<br \/>\u00a0<\/p>\n<p>                                                                                                                                                                            <script async src=\"\/\/www.instagram.com\/embed.js\"><\/script><\/p>\n","protected":false},"excerpt":{"rendered":"C\u2019est le grand opening d\u2019une adresse qui risque de retourner les soir\u00e9es toulousaines : Old School Toulouse ouvre&hellip;\n","protected":false},"author":2,"featured_media":367064,"comment_status":"","ping_status":"","sticky":false,"template":"","format":"standard","meta":{"footnotes":""},"categories":[2816],"tags":[1111,11,1777,674,1011,27,12,2680,25,2312],"class_list":{"0":"post-367063","1":"post","2":"type-post","3":"status-publish","4":"format-standard","5":"has-post-thumbnail","7":"category-toulouse","8":"tag-actu","9":"tag-actualites","10":"tag-eu","11":"tag-europe","12":"tag-fr","13":"tag-france","14":"tag-news","15":"tag-occitanie","16":"tag-republique-francaise","17":"tag-toulouse"},"share_on_mastodon":{"url":"https:\/\/pubeurope.com\/@fr\/115149165271619513","error":""},"_links":{"self":[{"href":"https:\/\/www.europesays.com\/fr\/wp-json\/wp\/v2\/posts\/367063","targetHints":{"allow":["GET"]}}],"collection":[{"href":"https:\/\/www.europesays.com\/fr\/wp-json\/wp\/v2\/posts"}],"about":[{"href":"https:\/\/www.europesays.com\/fr\/wp-json\/wp\/v2\/types\/post"}],"author":[{"embeddable":true,"href":"https:\/\/www.europesays.com\/fr\/wp-json\/wp\/v2\/users\/2"}],"replies":[{"embeddable":true,"href":"https:\/\/www.europesays.com\/fr\/wp-json\/wp\/v2\/comments?post=367063"}],"version-history":[{"count":0,"href":"https:\/\/www.europesays.com\/fr\/wp-json\/wp\/v2\/posts\/367063\/revisions"}],"wp:featuredmedia":[{"embeddable":true,"href":"https:\/\/www.europesays.com\/fr\/wp-json\/wp\/v2\/media\/367064"}],"wp:attachment":[{"href":"https:\/\/www.europesays.com\/fr\/wp-json\/wp\/v2\/media?parent=367063"}],"wp:term":[{"taxonomy":"category","embeddable":true,"href":"https:\/\/www.europesays.com\/fr\/wp-json\/wp\/v2\/categories?post=367063"},{"taxonomy":"post_tag","embeddable":true,"href":"https:\/\/www.europesays.com\/fr\/wp-json\/wp\/v2\/tags?post=367063"}],"curies":[{"name":"wp","href":"https:\/\/api.w.org\/{rel}","templated":true}]}}