{"id":367067,"date":"2025-09-05T01:47:48","date_gmt":"2025-09-05T01:47:48","guid":{"rendered":"https:\/\/www.europesays.com\/fr\/367067\/"},"modified":"2025-09-05T01:47:48","modified_gmt":"2025-09-05T01:47:48","slug":"un-nouveau-salon-de-the-cosy-vient-douvrir-dans-le-vieux-lille","status":"publish","type":"post","link":"https:\/\/www.europesays.com\/fr\/367067\/","title":{"rendered":"Un nouveau salon de th\u00e9 cosy vient d\u2019ouvrir dans le Vieux-Lille"},"content":{"rendered":"<p><b>Un h\u00e9ritage sauv\u00e9 rue Bartholom\u00e9 Masurel<\/b><\/p>\n<p>Quand <strong>Pablo &amp; Valentina<\/strong> a tir\u00e9 sa r\u00e9v\u00e9rence en d\u00e9cembre dernier, beaucoup ont eu un petit pincement au c\u0153ur. Mais <strong>Myriam, fid\u00e8le cliente et commer\u00e7ante du quartier,<\/strong> n\u2019a pas laiss\u00e9 le spot dispara\u00eetre. R\u00e9sultat\u00a0: depuis fin juin, <b>Maison 17 <\/b>a pris la rel\u00e8ve, dans la m\u00eame veine que son pr\u00e9d\u00e9cesseur, mais avec son propre charme.<\/p>\n<blockquote class=\"instagram-media\" data-instgrm-permalink=\"https:\/\/www.instagram.com\/p\/DMkQjLTtlSs\/?utm_source=ig_embed&amp;utm_campaign=loading\" data-instgrm-version=\"14\" style=\"background: #FFF; border: 0; border-radius: 3px; box-shadow: 0 0 1px 0 rgba(0,0,0,0.5),0 1px 10px 0 rgba(0,0,0,0.15); margin: 1px; max-width: 540px; min-width: 326px; padding: 0; width: calc(100% - 2px);\">\n<\/blockquote>\n<p><b>Midi l\u00e9ger, apr\u00e8s-midi gourmand<\/b><\/p>\n<p>Ici, pas de carte \u00e0 rallonge, mais du<strong> 100 % maison <\/strong>pens\u00e9 par les chefs Alex et Guillaume. Le midi, place \u00e0 une petite r<strong>estauration simple et fra\u00eeche <\/strong>(parfait avant de retourner bosser). Puis, d\u00e8s l\u2019apr\u00e8s-midi<strong>, le salon de th\u00e9 s\u2019anime\u00a0: g\u00e2teaux moelleux, flan au chocolat<\/strong> valid\u00e9 par les premiers habitu\u00e9s, glace et chantilly maison qui font d\u00e9j\u00e0 parler d\u2019elles. La rentr\u00e9e s\u2019annonce douce, et \u00e7a se passe clairement ici.<\/p>\n<blockquote class=\"instagram-media\" data-instgrm-permalink=\"https:\/\/www.instagram.com\/p\/DMzyRZEtyi3\/?utm_source=ig_embed&amp;utm_campaign=loading\" data-instgrm-version=\"14\" style=\"background: #FFF; border: 0; border-radius: 3px; box-shadow: 0 0 1px 0 rgba(0,0,0,0.5),0 1px 10px 0 rgba(0,0,0,0.15); margin: 1px; max-width: 540px; min-width: 326px; padding: 0; width: calc(100% - 2px);\">\n<\/blockquote>\n<p><b>Bient\u00f4t des brunchs &amp; des cr\u00eapes<\/b><\/p>\n<p>Cerise sur le g\u00e2teau (ou plut\u00f4t p\u00e2te \u00e0 tartiner sur la cr\u00eape)<strong>\u00a0: Maison 17 pr\u00e9voit d\u2019ajouter tr\u00e8s bient\u00f4t une offre brunch et cr\u00eapes maison.<\/strong> De quoi allonger les dimanches matin sous le signe du confort food. Autant dire qu\u2019on a d\u00e9j\u00e0 envie de booker.<\/p>\n<blockquote class=\"instagram-media\" data-instgrm-permalink=\"https:\/\/www.instagram.com\/p\/DN8BUqZDF4b\/?utm_source=ig_embed&amp;utm_campaign=loading\" data-instgrm-version=\"14\" style=\"background: #FFF; border: 0; border-radius: 3px; box-shadow: 0 0 1px 0 rgba(0,0,0,0.5),0 1px 10px 0 rgba(0,0,0,0.15); margin: 1px; max-width: 540px; min-width: 326px; padding: 0; width: calc(100% - 2px);\">\n<\/blockquote>\n<p><b>Une ambiance cosy &amp; d\u00e9tendue<\/b><\/p>\n<p>Avec son accueil bienveillant, ses <strong>prix raisonnables et sa d\u00e9co cosy,<\/strong> Maison 17 joue la carte du <b>\u201cviens comme tu es\u201d<\/b>. Que tu viennes te r\u00e9chauffer avec un cappuccino apr\u00e8s un tour dans le Vieux-Lille, te poser avec un bon bouquin, ou partager un go\u00fbter doudou avec tes potes, c\u2019est clairement le spot parfait pour adoucir le retour \u00e0 la r\u00e9alit\u00e9.<\/p>\n<p>Maison 17<\/p>\n<li class=\"address info\">17, rue Bartholom\u00e9 Masurel Lille<\/li>\n<li class=\"opening-hours\">Mardi &#8211; vendredi : 10:30 &#8211; 18:00<\/li>\n<li class=\"opening-hours\">Samedi : 10:30 &#8211; 19:00<\/li>\n<li class=\"opening-hours close\">Lundi &#8211; dimanche : Ferm\u00e9<\/li>\n<p><script async src=\"\/\/www.instagram.com\/embed.js\"><\/script><\/p>\n","protected":false},"excerpt":{"rendered":"Un h\u00e9ritage sauv\u00e9 rue Bartholom\u00e9 Masurel Quand Pablo &amp; Valentina a tir\u00e9 sa r\u00e9v\u00e9rence en d\u00e9cembre dernier, beaucoup&hellip;\n","protected":false},"author":2,"featured_media":367068,"comment_status":"","ping_status":"","sticky":false,"template":"","format":"standard","meta":{"footnotes":""},"categories":[2815],"tags":[1111,11,1777,674,1011,27,811,1307,12,25],"class_list":{"0":"post-367067","1":"post","2":"type-post","3":"status-publish","4":"format-standard","5":"has-post-thumbnail","7":"category-lille","8":"tag-actu","9":"tag-actualites","10":"tag-eu","11":"tag-europe","12":"tag-fr","13":"tag-france","14":"tag-hauts-de-france","15":"tag-lille","16":"tag-news","17":"tag-republique-francaise"},"share_on_mastodon":{"url":"https:\/\/pubeurope.com\/@fr\/115149177081004281","error":""},"_links":{"self":[{"href":"https:\/\/www.europesays.com\/fr\/wp-json\/wp\/v2\/posts\/367067","targetHints":{"allow":["GET"]}}],"collection":[{"href":"https:\/\/www.europesays.com\/fr\/wp-json\/wp\/v2\/posts"}],"about":[{"href":"https:\/\/www.europesays.com\/fr\/wp-json\/wp\/v2\/types\/post"}],"author":[{"embeddable":true,"href":"https:\/\/www.europesays.com\/fr\/wp-json\/wp\/v2\/users\/2"}],"replies":[{"embeddable":true,"href":"https:\/\/www.europesays.com\/fr\/wp-json\/wp\/v2\/comments?post=367067"}],"version-history":[{"count":0,"href":"https:\/\/www.europesays.com\/fr\/wp-json\/wp\/v2\/posts\/367067\/revisions"}],"wp:featuredmedia":[{"embeddable":true,"href":"https:\/\/www.europesays.com\/fr\/wp-json\/wp\/v2\/media\/367068"}],"wp:attachment":[{"href":"https:\/\/www.europesays.com\/fr\/wp-json\/wp\/v2\/media?parent=367067"}],"wp:term":[{"taxonomy":"category","embeddable":true,"href":"https:\/\/www.europesays.com\/fr\/wp-json\/wp\/v2\/categories?post=367067"},{"taxonomy":"post_tag","embeddable":true,"href":"https:\/\/www.europesays.com\/fr\/wp-json\/wp\/v2\/tags?post=367067"}],"curies":[{"name":"wp","href":"https:\/\/api.w.org\/{rel}","templated":true}]}}