{"id":367070,"date":"2025-09-05T01:49:12","date_gmt":"2025-09-05T01:49:12","guid":{"rendered":"https:\/\/www.europesays.com\/fr\/367070\/"},"modified":"2025-09-05T01:49:12","modified_gmt":"2025-09-05T01:49:12","slug":"la-serie-israelienne-fauda-attendue-sur-netflix-renonce-a-tourner-a-marseille","status":"publish","type":"post","link":"https:\/\/www.europesays.com\/fr\/367070\/","title":{"rendered":"La s\u00e9rie isra\u00e9lienne \u00ab\u00a0Fauda\u00a0\u00bb attendue sur Netflix renonce \u00e0 tourner \u00e0 Marseille"},"content":{"rendered":"<p>Lanc\u00e9e en\u00a02015 et \u00e0 l\u2019arr\u00eat depuis\u00a02022, la s\u00e9rie Fauda (\u00ab\u00a0Chaos\u00a0\u00bb en arabe) cr\u00e9\u00e9e, \u00e9crite et en partie incarn\u00e9e par d\u2019anciens membres de l\u2019arm\u00e9e isra\u00e9lienne Tsahal, Lior Raz et Avi Issacharoff, a connu un succ\u00e8s international sur <a href=\"https:\/\/www.laprovence.com\/article\/culture-loisirs\/96137000148551\/netflix-soutient-lecole-kourtrajme-et-la-cinematheque-a-marseille\" target=\"_blank\" rel=\"noopener\">Netflix<\/a>. Sa saison 5 (avec au casting, une recrue fran\u00e7aise, la com\u00e9dienne et r\u00e9alisatrice M\u00e9lanie Laurent), dont certains \u00e9pisodes devaient \u00eatre tourn\u00e9s \u00e0 Marseille, est l\u2019un des grands rendez-vous attendus en 2026 sur la plateforme \u00e0 la lettre rouge. La s\u00e9rie suit Doron Kavillio (Lior Raz), agent des forces sp\u00e9ciales isra\u00e9liennes, dans sa traque des militants du Hamas et s\u2019offre comme une peinture r\u00e9aliste du conflit isra\u00e9lo-palestinien. La saison 5 r\u00e9alis\u00e9e par Omri Givon (Hostages), \u00ab\u00a0int\u00e9grera au premier plan la trag\u00e9die du 7\u00a0octobre\u00a02023\u00a0\u00bb, a indiqu\u00e9 Netflix.\u00a0 Le contexte de guerre et la fiction sont en effet intimement li\u00e9s : l&rsquo;un des producteurs de la s\u00e9rie, Matan Meir, qui s&rsquo;\u00e9tait port\u00e9 volontaire pour participer \u00e0 une action arm\u00e9e \u00e0 Gaza, a \u00e9t\u00e9 tu\u00e9 le 11 novembre 2023. L&rsquo;acteur et chanteur Idan Amedi, alias Sagi, a \u00e9t\u00e9 gravement bless\u00e9.<\/p>\n<p>Marseille int\u00e9gr\u00e9e au sc\u00e9nario<\/p>\n<p>Le teaser d\u00e9voile qu\u2019une partie de l\u2019intrigue de la saison 5 se d\u00e9roule \u00e0 Marseille. \u00ab\u00a0Le Nukhba (unit\u00e9 militaire d\u2019\u00e9lite du Hamas ndlr) est \u00e0 Marseille\u00a0\u00bb, d\u00e9clare un personnage sur une vue panoramique nocturne du Vieux Port. Coup de th\u00e9\u00e2tre, le producteur de la s\u00e9rie Yes Studios a officialis\u00e9 d\u00e9but septembre sa d\u00e9cision de d\u00e9localiser \u00e0 Budapest les sc\u00e8nes qui devaient \u00eatre tourn\u00e9es dans la cit\u00e9 phoc\u00e9enne, au motif que \u00ab\u00a0la s\u00e9curit\u00e9 de ses \u00e9quipes techniques et artistiques\u00a0\u00bb n\u2019\u00e9tait pas garantie selon la cha\u00eene de t\u00e9l\u00e9vision isra\u00e9lienne N12, relay\u00e9e par le Jerusalem Post. La productrice Liat Benasuly Amit a relativis\u00e9 cette motivation dans une interview accord\u00e9e \u00e0 BFMTV. Elle d\u00e9clarait avoir \u00ab\u00a0d\u00e9cid\u00e9 de d\u00e9placer le lieu de tournage pour de nombreuses raisons autres que la s\u00e9curit\u00e9, et nous avons d\u00e9j\u00e0 aim\u00e9 tourner \u00e0 Budapest par le pass\u00e9\u00a0\u00bb.<\/p>\n<p>Courriel \u00e0 la Mission cin\u00e9ma<\/p>\n<p>Contact\u00e9e par La Provence, une source proche de la Mission cin\u00e9ma Marseille a confirm\u00e9 avoir \u00e9t\u00e9 sollicit\u00e9e par la production ex\u00e9cutive marseillaise HVH pour une demande de tournage de 9 jours envisag\u00e9 au mois d\u2019ao\u00fbt. Celle-ci s\u2019est ravis\u00e9e quelques semaines plus tard. \u00ab\u00a0J\u2019ai le regret de vous informer que compte tenu de l\u2019actualit\u00e9 en Isra\u00ebl et de la guerre avec l\u2019Iran, nous sommes contraints d\u2019annuler le tournage de la s\u00e9rie Fauda \u00e0 Marseille en ao\u00fbt prochain, indiquait HVH dans un mail d\u00e9but juillet. En effet, nos clients ont arr\u00eat\u00e9 le tournage en Isra\u00ebl et sont aujourd\u2019hui aux abris et ne voyageront pas pour l\u2019instant. De plus, plusieurs membres de l\u2019\u00e9quipe, r\u00e9servistes de l\u2019arm\u00e9e, sont au front\u2026 Par ailleurs, vu la situation avec Gaza, ils craignent de subir des protestations\/manifestations sur le plateau \u00e0 Marseille [\u2026] En tout cas, nous tenons \u00e0 vous remercier pour vos autorisations et le temps que vous avez pu passer sur notre dossier.\u00a0\u00bb<\/p>\n<p>Des craintes de perturbations du tournage ont donc bien pes\u00e9 dans la balance.<\/p>\n<p>Flamb\u00e9e d\u2019actes antis\u00e9mites<\/p>\n<p>\u00ab\u00a0Cela m\u2019afflige qu\u2019une s\u00e9rie isra\u00e9lienne soit contrainte de renoncer \u00e0 tourner des \u00e9pisodes \u00e0 Marseille, a r\u00e9agi <a href=\"https:\/\/www.laprovence.com\/article\/region\/1692900084006115\/7-octobre-on-a-defigure-lhumanite-le-cri-du-coeur-de-fabienne-bendayan-presidente-du-crif-marseille-provence\" target=\"_blank\" rel=\"noopener\">Fabienne Bendayan, pr\u00e9sidente du Conseil repr\u00e9sentatif des institutions juives de France (Crif) Marseille<\/a>. Malheureusement pour notre ville, cela laisse une trace ind\u00e9l\u00e9bile d\u2019une r\u00e9putation sulfureuse qui se caract\u00e9rise par un sentiment d\u2019ins\u00e9curit\u00e9 g\u00e9n\u00e9ral. De toute \u00e9vidence, la flamb\u00e9e des actes antis\u00e9mites n\u2019est pas \u00e9trang\u00e8re \u00e0 ce que la production a appel\u00e9 &lsquo;climat d\u2019ins\u00e9curit\u00e9&rsquo;. Le seul week-end du 30 et 31 ao\u00fbt, on a d\u00e9nombr\u00e9 quatre agressions antis\u00e9mites. C\u2019est triste et honteux pour Marseille.\u00a0\u00bb Le 30 et 31 ao\u00fbt, le Crif assure en effet relev\u00e9 quatre agressions antis\u00e9mites : une femme trait\u00e9e de \u00ab\u00a0sale Juive\u00a0\u00bb \u00e0 la sortie de la synagogue, un rabbin pris \u00e0 partie, des affiches en m\u00e9moire d\u2019Ilan Halimi arrach\u00e9es, une agression physique accompagn\u00e9e d\u2019un \u00ab\u00a0sale sioniste\u00a0\u00bb par un individu hurlant \u00ab\u00a0Free Palestine, fuck Isra\u00ebl\u00a0\u00bb devant une synagogue\u2026 autant de signaux que l\u2019organisme juge ne pas \u00eatre des \u00ab\u00a0incidents isol\u00e9s mais les sympt\u00f4mes d\u2019un climat d\u00e9l\u00e9t\u00e8re qui s\u2019installe de fa\u00e7on alarmante\u00a0\u00bb.<\/p>\n","protected":false},"excerpt":{"rendered":"Lanc\u00e9e en\u00a02015 et \u00e0 l\u2019arr\u00eat depuis\u00a02022, la s\u00e9rie Fauda (\u00ab\u00a0Chaos\u00a0\u00bb en arabe) cr\u00e9\u00e9e, \u00e9crite et en partie incarn\u00e9e&hellip;\n","protected":false},"author":2,"featured_media":367071,"comment_status":"","ping_status":"","sticky":false,"template":"","format":"standard","meta":{"footnotes":""},"categories":[2814],"tags":[17,1111,11,38186,1102,251,1777,674,50147,1011,27,5769,884,127,12,882,27701,25,521,3356],"class_list":{"0":"post-367070","1":"post","2":"type-post","3":"status-publish","4":"format-standard","5":"has-post-thumbnail","7":"category-marseille","8":"tag-17","9":"tag-actu","10":"tag-actualites","11":"tag-attendue","12":"tag-breakingnews","13":"tag-culture","14":"tag-eu","15":"tag-europe","16":"tag-fauda","17":"tag-fr","18":"tag-france","19":"tag-israelienne","20":"tag-marseille","21":"tag-netflix","22":"tag-news","23":"tag-provence-alpes-cote-dazur","24":"tag-renonce","25":"tag-republique-francaise","26":"tag-serie","27":"tag-sur"},"share_on_mastodon":{"url":"https:\/\/pubeurope.com\/@fr\/115149181012009972","error":""},"_links":{"self":[{"href":"https:\/\/www.europesays.com\/fr\/wp-json\/wp\/v2\/posts\/367070","targetHints":{"allow":["GET"]}}],"collection":[{"href":"https:\/\/www.europesays.com\/fr\/wp-json\/wp\/v2\/posts"}],"about":[{"href":"https:\/\/www.europesays.com\/fr\/wp-json\/wp\/v2\/types\/post"}],"author":[{"embeddable":true,"href":"https:\/\/www.europesays.com\/fr\/wp-json\/wp\/v2\/users\/2"}],"replies":[{"embeddable":true,"href":"https:\/\/www.europesays.com\/fr\/wp-json\/wp\/v2\/comments?post=367070"}],"version-history":[{"count":0,"href":"https:\/\/www.europesays.com\/fr\/wp-json\/wp\/v2\/posts\/367070\/revisions"}],"wp:featuredmedia":[{"embeddable":true,"href":"https:\/\/www.europesays.com\/fr\/wp-json\/wp\/v2\/media\/367071"}],"wp:attachment":[{"href":"https:\/\/www.europesays.com\/fr\/wp-json\/wp\/v2\/media?parent=367070"}],"wp:term":[{"taxonomy":"category","embeddable":true,"href":"https:\/\/www.europesays.com\/fr\/wp-json\/wp\/v2\/categories?post=367070"},{"taxonomy":"post_tag","embeddable":true,"href":"https:\/\/www.europesays.com\/fr\/wp-json\/wp\/v2\/tags?post=367070"}],"curies":[{"name":"wp","href":"https:\/\/api.w.org\/{rel}","templated":true}]}}