{"id":367072,"date":"2025-09-05T01:50:22","date_gmt":"2025-09-05T01:50:22","guid":{"rendered":"https:\/\/www.europesays.com\/fr\/367072\/"},"modified":"2025-09-05T01:50:22","modified_gmt":"2025-09-05T01:50:22","slug":"surpris-lancien-avocat-dabdelkader-d-lassaillant-de-marseille-nimaginait-pas-ce-degre-de-violence-de-son-ex-client","status":"publish","type":"post","link":"https:\/\/www.europesays.com\/fr\/367072\/","title":{"rendered":"\u00ab\u00a0Surpris\u00a0\u00bb, l&rsquo;ancien avocat d&rsquo;Abdelkader D., l&rsquo;assaillant de Marseille, \u00ab\u00a0n&rsquo;imaginait pas ce degr\u00e9 de violence\u00a0\u00bb de son ex-client"},"content":{"rendered":"<p>Aupr\u00e8s de BFMTV, l&rsquo;ancien avocat d&rsquo;Abdelkader D., qui a bless\u00e9 cinq personnes \u00e0 Marseille ce mardi, estime que son client voulait \u00ab\u00a0s&rsquo;ins\u00e9rer professionnellement depuis son entr\u00e9e en France en 2019\u00a0\u00bb.<\/p>\n<p>Ce sont des faits qui \u00ab\u00a0surprennent\u00a0\u00bb Marc Makpawo. L&rsquo;ancien avocat d&rsquo;Abdelkader D., qui a <a href=\"https:\/\/www.bfmtv.com\/marseille\/profil-de-l-assaillant-periple-criminel-ce-que-l-on-sait-de-l-attaque-au-couteau-dans-un-hotel-a-marseille_AV-202509020727.html\" title=\"Profil de l&#039;assaillant, &quot;p\u00e9riple criminel&quot;... Ce que l&#039;on sait de l&#039;attaque au couteau dans un h\u00f4tel \u00e0 Marseille\" class=\"internal_link\" rel=\"nofollow noopener\" target=\"_blank\">bless\u00e9 cinq personnes \u00e0 Marseille ce mardi<\/a>, partage ce jeudi 4 septembre aupr\u00e8s de BFMTV son \u00e9tonnement face au \u00ab\u00a0degr\u00e9 de violences\u00a0\u00bb des faits \u00e0 Marseille.<\/p>\n<p>Selon lui, son client \u00ab\u00a0avait cette volont\u00e9 de s&rsquo;ins\u00e9rer professionnellement depuis son entr\u00e9e en France en 2019\u00a0\u00bb. \u00ab\u00a0Il avait pu travailler dans le b\u00e2timent ou la restauration\u00a0\u00bb, argumente Marc Makpawo qui \u00ab\u00a0\u00e9tait \u00e0 mille lieux d&rsquo;imaginer\u00a0\u00bb que l&rsquo;assaillant puisse \u00eatre l&rsquo;auteur de tels faits.<\/p>\n<p>La Tunisie d\u00e9nonce un \u00ab\u00a0meurtre injustifi\u00e9\u00a0\u00bb<\/p>\n<p>Ce dernier a d\u00e9fendu Abdelkader D. le 6 mai dernier devant le tribunal correctionnel de la Rochelle.\u00a0Il \u00e9tait reproch\u00e9 \u00e0 son client des faits de violences aggrav\u00e9es sur son neveu, \u00ab\u00a0Il avait d\u00e9but\u00e9 son intervention par des excuses, qu&rsquo;il a r\u00e9it\u00e9r\u00e9es \u00e0 la fin du proc\u00e8s\u00a0\u00bb, se souvient son ancien avocat. Dans cette affaire, <a href=\"https:\/\/www.bfmtv.com\/police-justice\/video-attaque-a-marseille-l-assaillant-etait-en-liberte-malgre-une-condamnation-pour-avoir-poignarde-son-neveu_VN-202509040343.html\" title=\"Attaque \u00e0 Marseille: l&#039;assaillant \u00e9tait en libert\u00e9 malgr\u00e9 une condamnation pour avoir poignard\u00e9 son neveu\" class=\"internal_link\" rel=\"nofollow noopener\" target=\"_blank\">il a \u00e9t\u00e9 condamn\u00e9 \u00e0 4 ans de prison<\/a>, dont 3 avec sursis. Il avait fait appel, raison pour laquelle il n&rsquo;\u00e9tait pas en d\u00e9tention.<\/p>\n<p>Marc Makpawo explique aussi que, dans la proc\u00e9dure de la Rochelle, son client \u00ab\u00a0n&rsquo;avait aucune probl\u00e9matique psychiatrique\u00a0\u00bb, un point sur lequel appara\u00eet des divergences avec l&rsquo;enqu\u00eate en cours sur l&rsquo;attaque dans la cit\u00e9 phoc\u00e9enne.<\/p>\n<p><a href=\"https:\/\/www.bfmtv.com\/police-justice\/attaque-au-couteau-a-marseille-la-personne-gravement-blessee-est-actuellement-hors-de-danger_AN-202509030695.html\" title=\"Attaque au couteau \u00e0 Marseille: la personne gravement bless\u00e9e est &quot;actuellement hors de danger&quot;\" class=\"internal_link\" rel=\"nofollow noopener\" target=\"_blank\">Selon le procureur de Marseille Nicolas Bessone,<\/a> Abdelkader D. \u00ab\u00a0n&rsquo;apparaissait pas radicalis\u00e9\u00a0\u00bb mais souffrait de troubles psychiatriques. L&rsquo;homme de 35 ans de nationalit\u00e9 tunisienne \u00ab\u00a0a \u00e9t\u00e9 quitt\u00e9 par sa compagne \u00e0 cause de probl\u00e8mes d&rsquo;addiction \u00e0 la coca\u00efne et \u00e0 l&rsquo;alcool\u00a0\u00bb, a pr\u00e9cis\u00e9 le magistrat ce mercredi. \u00ab\u00a0Il se trouvait en situation r\u00e9guli\u00e8re sur le territoire national\u00a0\u00bb, a pr\u00e9cis\u00e9 Nicolas Bessonne.<\/p>\n<p>L&rsquo;assaillant a \u00e9t\u00e9 abattu par les forces de l&rsquo;ordre au terme d&rsquo;un \u00ab\u00a0p\u00e9riple meurtrier\u00a0\u00bb qui a dur\u00e9 \u00ab\u00a0une dizaine de minutes\u00a0\u00bb, selon le procureur de Marseille. <a href=\"https:\/\/www.bfmtv.com\/police-justice\/la-tunisie-denonce-le-meurtre-injustifie-de-l-assaillant-au-couteau-abattu-par-la-police-a-marseille_AD-202509030971.html\" title=\"La Tunisie d\u00e9nonce le &quot;meurtre injustifi\u00e9&quot; de l&#039;assaillant au couteau abattu par la police \u00e0 Marseille\" class=\"internal_link\" rel=\"nofollow noopener\" target=\"_blank\">Un usage de la force d\u00e9nonc\u00e9 par la Tunisie<\/a>, qui a qualifi\u00e9 de \u00ab\u00a0meurtre injustifi\u00e9\u00a0\u00bb la mort d&rsquo;un de ses ressortissants et qui a convoqu\u00e9 le charg\u00e9 d&rsquo;affaires par int\u00e9rim de l&rsquo;ambassade de France \u00e0 Tunis pour lui faire part de sa \u00ab\u00a0vive protestation\u00a0\u00bb.<\/p>\n<p>Victor Peres Boucheron et Matthias Tesson, avec Matthieu Heyman<\/p>\n","protected":false},"excerpt":{"rendered":"Aupr\u00e8s de BFMTV, l&rsquo;ancien avocat d&rsquo;Abdelkader D., qui a bless\u00e9 cinq personnes \u00e0 Marseille ce mardi, estime que&hellip;\n","protected":false},"author":2,"featured_media":367073,"comment_status":"","ping_status":"","sticky":false,"template":"","format":"standard","meta":{"footnotes":""},"categories":[2814],"tags":[1111,11,1777,674,1011,27,884,12,882,25],"class_list":{"0":"post-367072","1":"post","2":"type-post","3":"status-publish","4":"format-standard","5":"has-post-thumbnail","7":"category-marseille","8":"tag-actu","9":"tag-actualites","10":"tag-eu","11":"tag-europe","12":"tag-fr","13":"tag-france","14":"tag-marseille","15":"tag-news","16":"tag-provence-alpes-cote-dazur","17":"tag-republique-francaise"},"share_on_mastodon":{"url":"https:\/\/pubeurope.com\/@fr\/115149184909136889","error":""},"_links":{"self":[{"href":"https:\/\/www.europesays.com\/fr\/wp-json\/wp\/v2\/posts\/367072","targetHints":{"allow":["GET"]}}],"collection":[{"href":"https:\/\/www.europesays.com\/fr\/wp-json\/wp\/v2\/posts"}],"about":[{"href":"https:\/\/www.europesays.com\/fr\/wp-json\/wp\/v2\/types\/post"}],"author":[{"embeddable":true,"href":"https:\/\/www.europesays.com\/fr\/wp-json\/wp\/v2\/users\/2"}],"replies":[{"embeddable":true,"href":"https:\/\/www.europesays.com\/fr\/wp-json\/wp\/v2\/comments?post=367072"}],"version-history":[{"count":0,"href":"https:\/\/www.europesays.com\/fr\/wp-json\/wp\/v2\/posts\/367072\/revisions"}],"wp:featuredmedia":[{"embeddable":true,"href":"https:\/\/www.europesays.com\/fr\/wp-json\/wp\/v2\/media\/367073"}],"wp:attachment":[{"href":"https:\/\/www.europesays.com\/fr\/wp-json\/wp\/v2\/media?parent=367072"}],"wp:term":[{"taxonomy":"category","embeddable":true,"href":"https:\/\/www.europesays.com\/fr\/wp-json\/wp\/v2\/categories?post=367072"},{"taxonomy":"post_tag","embeddable":true,"href":"https:\/\/www.europesays.com\/fr\/wp-json\/wp\/v2\/tags?post=367072"}],"curies":[{"name":"wp","href":"https:\/\/api.w.org\/{rel}","templated":true}]}}