{"id":367074,"date":"2025-09-05T01:51:14","date_gmt":"2025-09-05T01:51:14","guid":{"rendered":"https:\/\/www.europesays.com\/fr\/367074\/"},"modified":"2025-09-05T01:51:14","modified_gmt":"2025-09-05T01:51:14","slug":"lagresseur-arme-stoppe-par-le-personnel-du-lycee","status":"publish","type":"post","link":"https:\/\/www.europesays.com\/fr\/367074\/","title":{"rendered":"l\u2019agresseur arm\u00e9 stopp\u00e9 par le personnel du lyc\u00e9e"},"content":{"rendered":"<p>Un vol \u00e0 l\u2019arrach\u00e9 a vis\u00e9 un adolescent ce jeudi matin dans un \u00e9tablissement scolaire du 5e arrondissement de Lyon.\u00a0<\/p>\n<p>Selon les informations du parquet, l\u2019agresseur, un homme d\u2019une vingtaine d\u2019ann\u00e9es, s\u2019est introduit dans le lyc\u00e9e Lazariste-La Salle, mont\u00e9e Saint-Barth\u00e9lemy, avant de poursuivre un \u00e9l\u00e8ve pour lui arracher sa cha\u00eene.<\/p>\n<p>L\u2019individu a utilis\u00e9 une bombe au poivre, provoquant des griffures au visage de la victime, rapporte le\u00a0<a href=\"https:\/\/c.leprogres.fr\/faits-divers-justice\/2025\/09\/04\/un-arracheur-de-collier-s-attaque-a-un-eleve-dans-un-etablissement-scolaire-il-est-maitrise-par-un-prof-et-un-agent\" target=\"_blank\" rel=\"noopener nofollow\">Progr\u00e8s<\/a>. Rapidement, un professeur de sport et un agent de l\u2019\u00e9tablissement sont intervenus et ont ma\u00eetris\u00e9 le suspect jusqu\u2019\u00e0 l\u2019arriv\u00e9e des forces de l\u2019ordre.<\/p>\n<p>Plac\u00e9 en garde \u00e0 vue, l\u2019homme, de nationalit\u00e9 tunisienne et en situation irr\u00e9guli\u00e8re, fait d\u00e9sormais l\u2019objet d\u2019une enqu\u00eate. Celle-ci devra d\u00e9terminer s\u2019il est impliqu\u00e9 dans d\u2019autres vols avec violences, alors que le ph\u00e9nom\u00e8ne des arrachages de colliers conna\u00eet une forte hausse dans la M\u00e9tropole de Lyon ces derni\u00e8res semaines.<\/p>\n","protected":false},"excerpt":{"rendered":"Un vol \u00e0 l\u2019arrach\u00e9 a vis\u00e9 un adolescent ce jeudi matin dans un \u00e9tablissement scolaire du 5e arrondissement&hellip;\n","protected":false},"author":2,"featured_media":367075,"comment_status":"","ping_status":"","sticky":false,"template":"","format":"standard","meta":{"footnotes":""},"categories":[1889],"tags":[1111,11,2813,2190,2430,1109,251,1112,2811,1777,674,118,1011,27,1922,1110,1114,2428,2810,12,241,316,25,2812,517,800],"class_list":{"0":"post-367074","1":"post","2":"type-post","3":"status-publish","4":"format-standard","5":"has-post-thumbnail","7":"category-lyon","8":"tag-actu","9":"tag-actualites","10":"tag-article","11":"tag-asvel","12":"tag-auvergne-rhone-alpes","13":"tag-breves","14":"tag-culture","15":"tag-depeches","16":"tag-economique","17":"tag-eu","18":"tag-europe","19":"tag-faits-divers","20":"tag-fr","21":"tag-france","22":"tag-info","23":"tag-informations","24":"tag-infos","25":"tag-lyon","26":"tag-lyonmag","27":"tag-news","28":"tag-ol","29":"tag-politique","30":"tag-republique-francaise","31":"tag-sociale","32":"tag-sport","33":"tag-transports"},"share_on_mastodon":{"url":"https:\/\/pubeurope.com\/@fr\/115149188816706261","error":""},"_links":{"self":[{"href":"https:\/\/www.europesays.com\/fr\/wp-json\/wp\/v2\/posts\/367074","targetHints":{"allow":["GET"]}}],"collection":[{"href":"https:\/\/www.europesays.com\/fr\/wp-json\/wp\/v2\/posts"}],"about":[{"href":"https:\/\/www.europesays.com\/fr\/wp-json\/wp\/v2\/types\/post"}],"author":[{"embeddable":true,"href":"https:\/\/www.europesays.com\/fr\/wp-json\/wp\/v2\/users\/2"}],"replies":[{"embeddable":true,"href":"https:\/\/www.europesays.com\/fr\/wp-json\/wp\/v2\/comments?post=367074"}],"version-history":[{"count":0,"href":"https:\/\/www.europesays.com\/fr\/wp-json\/wp\/v2\/posts\/367074\/revisions"}],"wp:featuredmedia":[{"embeddable":true,"href":"https:\/\/www.europesays.com\/fr\/wp-json\/wp\/v2\/media\/367075"}],"wp:attachment":[{"href":"https:\/\/www.europesays.com\/fr\/wp-json\/wp\/v2\/media?parent=367074"}],"wp:term":[{"taxonomy":"category","embeddable":true,"href":"https:\/\/www.europesays.com\/fr\/wp-json\/wp\/v2\/categories?post=367074"},{"taxonomy":"post_tag","embeddable":true,"href":"https:\/\/www.europesays.com\/fr\/wp-json\/wp\/v2\/tags?post=367074"}],"curies":[{"name":"wp","href":"https:\/\/api.w.org\/{rel}","templated":true}]}}