{"id":367076,"date":"2025-09-05T01:52:13","date_gmt":"2025-09-05T01:52:13","guid":{"rendered":"https:\/\/www.europesays.com\/fr\/367076\/"},"modified":"2025-09-05T01:52:13","modified_gmt":"2025-09-05T01:52:13","slug":"lyon-a-vocation-a-accueillir-les-meilleurs-joueurs-selon-thierry-ascione-et-jo-wilfried-tsonga","status":"publish","type":"post","link":"https:\/\/www.europesays.com\/fr\/367076\/","title":{"rendered":"Lyon a vocation \u00e0 accueillir \u00ables meilleurs joueurs\u00bb selon Thierry Ascione et Jo-Wilfried Tsonga"},"content":{"rendered":"<p>Les deux anciens joueurs, devenus organisateurs du futur tournoi ATP 250 qui se tiendra du 18 au 25 octobre, ont fait part de leurs ambitions.<\/p>\n<p class=\"fig-paragraph\">Le Grand Prix de tennis Auvergne-Rh\u00f4ne-Alpes, dont la premi\u00e8re \u00e9dition aura lieu du 18 au 25 octobre pr\u00e8s de Lyon, a vocation \u00e0 attirer certains des \u00abmeilleurs joueurs du monde\u00bb, ont annonc\u00e9 jeudi ses organisateurs, Thierry Ascione et Jo-Wilfried Tsonga. Cette \u00e9preuve qui se jouera sur une surface en r\u00e9sine, traditionnelle pour les comp\u00e9titions en salle, sera dot\u00e9e de 800.000 dollars environ, dans la fourchette haute de cette cat\u00e9gorie de tournois. Elle remplace l&rsquo;ATP 250 de Marseille, disput\u00e9 pour la derni\u00e8re fois en f\u00e9vrier, dont la soci\u00e9t\u00e9 Pampelonne Organisation, dirig\u00e9e par Ascione et Tsonga, \u00e9tait propri\u00e9taire \u00e0 100% depuis quelques mois.<\/p>\n<p class=\"fig-paragraph\">\u00abNous avons eu la possibilit\u00e9 de d\u00e9m\u00e9nager la date. En octobre, ce sera tr\u00e8s favorable dans le calendrier pour avoir un beau plateau, dans une p\u00e9riode o\u00f9 les joueurs sont encore \u00e0 la lutte pour se qualifier en vue du Masters\u00bb, ont assur\u00e9 les deux associ\u00e9s lors d&rsquo;une conf\u00e9rence de presse. \u00abL&rsquo;objectif est d&rsquo;avoir certains des meilleurs du monde, trois class\u00e9s parmi les dix premiers, les meilleurs Fran\u00e7ais et les meilleurs r\u00e9gionaux avec un cut esp\u00e9r\u00e9 autour du N.55\u00bb, a confi\u00e9 Thierry Ascione (44 ans, ex 81e joueur mondial), ancien entra\u00eeneur de Tsonga et directeur du tournoi.<\/p>\n<p>                                    <a class=\"fig-a11y-skip a11y-hidden\" href=\"#fig-a11y-skip-main-inarticle\"><br \/>\n        Passer la publicit\u00e9<br \/>\n    <\/a><\/p>\n<p>11.000 places dans la LDLC Arena<\/p>\n<p class=\"fig-paragraph\">Le tournoi se jouera \u00e0 la LDLC Arena de Decines-Charpieu, o\u00f9 \u00ables conditions de jeu seront exceptionnelles. L&rsquo;ATP a \u00e9t\u00e9 tr\u00e8s impressionn\u00e9e par la salle et a totalement adh\u00e9r\u00e9 au changement de lieu, de Marseille vers Lyon\u00bb, a assur\u00e9 Tsonga, pr\u00e9sident de Pampelonne organisation. Ascione et Tsonga (40 ans, ex N.5 mondial et N.1 fran\u00e7ais), \u00e9taient d\u00e9j\u00e0 organisateurs de l&rsquo;Open Parc Auvergne-Rh\u00f4ne-Alpes, un tournoi ATP 250 qui s&rsquo;est disput\u00e9, sur terre battue, \u00e0 Lyon entre 2017 et 2024, la semaine pr\u00e9c\u00e9dant Roland-Garros. Toutefois, ils n&rsquo;\u00e9taient que locataires de la date, propri\u00e9t\u00e9 d&rsquo;un homme d&rsquo;affaires autrichien qui a choisi de rapatrier le tournoi en Allemagne pour en faire une \u00e9preuve de la cat\u00e9gorie ATP 500 en 2025.<\/p>\n<p class=\"fig-paragraph\">Pour ce Grand Prix Auvergne-Rh\u00f4ne-Alpes, la LDLC Arena, inaugur\u00e9e en novembre 2023, sera configur\u00e9e pour une capacit\u00e9 de 11.000 places. \u00abL&rsquo;\u00e9tablissement propose une programmation riche en \u00e9v\u00e9nements culturels, avec de nombreux concerts, ou sportifs avec notamment les matches de Villeurbanne en Euroligue de basket, du MMA ou encore du E-Sport\u00bb, a pr\u00e9cis\u00e9 Alexandre Aulas, PDG de la soci\u00e9t\u00e9 Holarena, fils de Jean-Michel Aulas dont la holding familiale, Holnest, est actionnaire majoritaire. Le fonds souverain de la R\u00e9gion Auvergne-Rh\u00f4ne-Alpes et la famille Ascione sont \u00e9galement dans le capital.<\/p>\n","protected":false},"excerpt":{"rendered":"Les deux anciens joueurs, devenus organisateurs du futur tournoi ATP 250 qui se tiendra du 18 au 25&hellip;\n","protected":false},"author":2,"featured_media":367077,"comment_status":"","ping_status":"","sticky":false,"template":"","format":"standard","meta":{"footnotes":""},"categories":[1889],"tags":[1111,47,11,4169,2430,525,1981,4178,1777,674,4179,1011,27,1114,3996,2428,4177,4176,4174,12,4175,25,1980,4171,1467,4172,4173,4170],"class_list":{"0":"post-367076","1":"post","2":"type-post","3":"status-publish","4":"format-standard","5":"has-post-thumbnail","7":"category-lyon","8":"tag-actu","9":"tag-actualite","10":"tag-actualites","11":"tag-atp","12":"tag-auvergne-rhone-alpes","13":"tag-calendrier","14":"tag-classement","15":"tag-coupe-davis","16":"tag-eu","17":"tag-europe","18":"tag-fed-cup","19":"tag-fr","20":"tag-france","21":"tag-infos","22":"tag-jeux-olympiques","23":"tag-lyon","24":"tag-masters-1000","25":"tag-masters-500","26":"tag-masters-series","27":"tag-news","28":"tag-open-daustralie","29":"tag-republique-francaise","30":"tag-resultats","31":"tag-roland-garros","32":"tag-tennis","33":"tag-us-open","34":"tag-wimbledon","35":"tag-wta"},"share_on_mastodon":{"url":"https:\/\/pubeurope.com\/@fr\/115149192746260950","error":""},"_links":{"self":[{"href":"https:\/\/www.europesays.com\/fr\/wp-json\/wp\/v2\/posts\/367076","targetHints":{"allow":["GET"]}}],"collection":[{"href":"https:\/\/www.europesays.com\/fr\/wp-json\/wp\/v2\/posts"}],"about":[{"href":"https:\/\/www.europesays.com\/fr\/wp-json\/wp\/v2\/types\/post"}],"author":[{"embeddable":true,"href":"https:\/\/www.europesays.com\/fr\/wp-json\/wp\/v2\/users\/2"}],"replies":[{"embeddable":true,"href":"https:\/\/www.europesays.com\/fr\/wp-json\/wp\/v2\/comments?post=367076"}],"version-history":[{"count":0,"href":"https:\/\/www.europesays.com\/fr\/wp-json\/wp\/v2\/posts\/367076\/revisions"}],"wp:featuredmedia":[{"embeddable":true,"href":"https:\/\/www.europesays.com\/fr\/wp-json\/wp\/v2\/media\/367077"}],"wp:attachment":[{"href":"https:\/\/www.europesays.com\/fr\/wp-json\/wp\/v2\/media?parent=367076"}],"wp:term":[{"taxonomy":"category","embeddable":true,"href":"https:\/\/www.europesays.com\/fr\/wp-json\/wp\/v2\/categories?post=367076"},{"taxonomy":"post_tag","embeddable":true,"href":"https:\/\/www.europesays.com\/fr\/wp-json\/wp\/v2\/tags?post=367076"}],"curies":[{"name":"wp","href":"https:\/\/api.w.org\/{rel}","templated":true}]}}