{"id":367080,"date":"2025-09-05T01:55:14","date_gmt":"2025-09-05T01:55:14","guid":{"rendered":"https:\/\/www.europesays.com\/fr\/367080\/"},"modified":"2025-09-05T01:55:14","modified_gmt":"2025-09-05T01:55:14","slug":"une-femme-decede-apres-deux-jours-a-lhopital-en-etat-de-mort-cerebrale-son-compagnon-mis-en-examen","status":"publish","type":"post","link":"https:\/\/www.europesays.com\/fr\/367080\/","title":{"rendered":"Une femme d\u00e9c\u00e8de apr\u00e8s deux jours \u00e0 l\u2019h\u00f4pital en \u00e9tat de mort c\u00e9r\u00e9brale, son compagnon mis en examen"},"content":{"rendered":"<p class=\"paragraph text_align_left lp-f-body-02\">Un homme de 31 ans a \u00e9t\u00e9 mis en examen et plac\u00e9 en d\u00e9tention provisoire pour \u00ab <a href=\"https:\/\/www.leparisien.fr\/faits-divers\/pyrenees-atlantiques-un-homme-deja-condamne-pour-violences-mis-en-examen-pour-le-meurtre-de-sa-compagne-16-07-2025-WELCEUOQSZGYHJKHDTL5S4MQQA.php\" target=\"_blank\" rel=\"noreferrer nofollow noopener\">meurtre par conjoint<\/a> \u00bb apr\u00e8s que sa compagne est d\u00e9c\u00e9d\u00e9e mardi \u00e0 l\u2019h\u00f4pital de Pau, a-t-on appris jeudi soir aupr\u00e8s du parquet.<\/p>\n<p class=\"paragraph text_align_left lp-f-body-02\">Comme r\u00e9v\u00e9l\u00e9 mercredi par la presse locale, une femme de 41 ans, hospitalis\u00e9e depuis dimanche en <a href=\"https:\/\/www.leparisien.fr\/societe\/sante\/que-ressent-on-lorsquon-meurt-un-pic-dactivite-cerebrale-intrigue-les-scientifiques-03-05-2023-XG4ROJOFBNAAFMBNRC5IMGA5IE.php\" target=\"_blank\" rel=\"noreferrer nofollow noopener\">\u00e9tat de mort c\u00e9r\u00e9brale<\/a> au sein de l\u2019h\u00f4pital de Pau, est d\u00e9c\u00e9d\u00e9e mardi. Les circonstances de la mort \u00ab restent confuses \u00bb, commente le procureur de Pau, Rodolphe Jarry.<\/p>\n<p>Le conjoint plac\u00e9 en d\u00e9tention provisoire<\/p>\n<p class=\"paragraph text_align_left lp-f-body-02\">La femme pr\u00e9sentait un h\u00e9matome au niveau de la t\u00eate et le parquet de Pau, avis\u00e9 par la structure hospitali\u00e8re, avait d\u2019abord ouvert une enqu\u00eate en \u00ab recherche des causes des blessures \u00bb, indique le magistrat.<\/p>\n<p class=\"paragraph text_align_left lp-f-body-02\">Le compagnon de la quadrag\u00e9naire, interpell\u00e9 alors qu\u2019il lui rendait visite \u00e0 l\u2019h\u00f4pital, a \u00e9t\u00e9 mis en examen jeudi, apr\u00e8s l\u2019ouverture d\u2019une information judiciaire pour \u00ab meurtre par conjoint \u00bb, indique le magistrat. Il a \u00e9t\u00e9 plac\u00e9 en d\u00e9tention provisoire, conform\u00e9ment aux r\u00e9quisitions du parquet. Une qualification qui pourrait \u00eatre revue selon les avanc\u00e9es de l\u2019enqu\u00eate, d\u00e9sormais confi\u00e9e \u00e0 un juge d\u2019instruction, pr\u00e9cise-t-il.<\/p>\n<p class=\"lp-card-podcast-highlighting__title  lp-f-subtitle-05\">[4\/4] C\u00e9cile Vallin, les secrets d\u2019une disparition<\/p>\n<p class=\"lp-card-podcast-highlighting__description lp-f-ui-05\">Crime story raconte chaque semaine les grandes affaires criminelles.<\/p>\n<p><a class=\"lp-card-podcast-highlighting__call-to-action\" data-page-type=\"HP\" data-block-name=\"podcast-highlight\">\u00c9couter<\/a><\/p>\n<p class=\"paragraph text_align_left lp-f-body-02\">La victime avait \u00e9t\u00e9 retrouv\u00e9e inconsciente, au sol, par les sapeurs-pompiers, intervenus dimanche soir, dans le domicile du couple, \u00e0 Bill\u00e8re. L\u2019homme, qu\u2019elle fr\u00e9quentait \u00ab depuis le d\u00e9but de l\u2019ann\u00e9e \u00bb, selon le parquet, \u00e9tait trouv\u00e9 \u00ab prostr\u00e9 \u00bb, \u00e0 c\u00f4t\u00e9.<\/p>\n<p>Un \u00ab climat de violences conjugales \u00bb d\u00e9crit par les voisins<\/p>\n<p class=\"paragraph text_align_left lp-f-body-02\">L\u2019enqu\u00eate a d\u00e9voil\u00e9 un \u00ab climat de violences conjugales \u00bb dans le couple, selon des d\u00e9clarations de voisinage ou de l\u2019entourage, explique Rodolphe Jarry \u00e0 l\u2019AFP. Le compagnon mis en examen \u00e9voque, lui, des \u00ab violences r\u00e9ciproques \u00bb et conc\u00e8de \u00ab des disputes \u00bb le jour des faits, mais pas de violences. Il explique \u00e9galement qu\u2019elle aurait ing\u00e9r\u00e9 des m\u00e9dicaments.<\/p>\n<p class=\"paragraph text_align_left lp-f-body-02\">L\u2019autopsie a fait \u00e9tat \u00ab d\u2019un h\u00e9matome sous-dural au niveau du cr\u00e2ne \u00bb, mais des analyses approfondies \u00ab sont encore n\u00e9cessaires \u00bb explique le magistrat du parquet. Les conclusions des analyses toxicologiques sont attendues.<\/p>\n<p class=\"paragraph text_align_left lp-f-body-02\">Si la victime n\u2019avait jamais d\u00e9pos\u00e9 plainte pour des violences, \u00ab l\u2019homme a plusieurs condamnations \u00e0 son casier dont une pour des violences aggrav\u00e9es et une autre pour des violences conjugales \u00bb, pr\u00e9cise le procureur de Pau.<\/p>\n<p class=\"paragraph text_align_left lp-f-body-02\">En 2023, 96 femmes ont \u00e9t\u00e9 victimes de <a href=\"https:\/\/www.leparisien.fr\/val-de-marne-94\/feminicide-a-chevilly-larue-il-tue-sa-femme-avant-dessayer-de-se-suicider-09-05-2025-N4Q72JOYAJDFFNKTP2SZBNHMUM.php\" target=\"_blank\" rel=\"noreferrer nofollow noopener\">f\u00e9minicide<\/a> conjugal en France, un chiffre en baisse de 19% par rapport \u00e0 2022, selon le dernier bilan du minist\u00e8re de l\u2019Int\u00e9rieur publi\u00e9 fin novembre 2024.<\/p>\n","protected":false},"excerpt":{"rendered":"Un homme de 31 ans a \u00e9t\u00e9 mis en examen et plac\u00e9 en d\u00e9tention provisoire pour \u00ab meurtre&hellip;\n","protected":false},"author":2,"featured_media":367081,"comment_status":"","ping_status":"","sticky":false,"template":"","format":"standard","meta":{"footnotes":""},"categories":[1888],"tags":[1111,1928,11,1927,459,1777,674,118,1011,27,12,1926,626,1925,25],"class_list":{"0":"post-367080","1":"post","2":"type-post","3":"status-publish","4":"format-standard","5":"has-post-thumbnail","7":"category-paris","8":"tag-actu","9":"tag-actu-paris","10":"tag-actualites","11":"tag-actualites-paris","12":"tag-departements-horsidfo","13":"tag-eu","14":"tag-europe","15":"tag-faits-divers","16":"tag-fr","17":"tag-france","18":"tag-news","19":"tag-news-paris","20":"tag-paris","21":"tag-paris-news","22":"tag-republique-francaise"},"share_on_mastodon":{"url":"https:\/\/pubeurope.com\/@fr\/115149204574816893","error":""},"_links":{"self":[{"href":"https:\/\/www.europesays.com\/fr\/wp-json\/wp\/v2\/posts\/367080","targetHints":{"allow":["GET"]}}],"collection":[{"href":"https:\/\/www.europesays.com\/fr\/wp-json\/wp\/v2\/posts"}],"about":[{"href":"https:\/\/www.europesays.com\/fr\/wp-json\/wp\/v2\/types\/post"}],"author":[{"embeddable":true,"href":"https:\/\/www.europesays.com\/fr\/wp-json\/wp\/v2\/users\/2"}],"replies":[{"embeddable":true,"href":"https:\/\/www.europesays.com\/fr\/wp-json\/wp\/v2\/comments?post=367080"}],"version-history":[{"count":0,"href":"https:\/\/www.europesays.com\/fr\/wp-json\/wp\/v2\/posts\/367080\/revisions"}],"wp:featuredmedia":[{"embeddable":true,"href":"https:\/\/www.europesays.com\/fr\/wp-json\/wp\/v2\/media\/367081"}],"wp:attachment":[{"href":"https:\/\/www.europesays.com\/fr\/wp-json\/wp\/v2\/media?parent=367080"}],"wp:term":[{"taxonomy":"category","embeddable":true,"href":"https:\/\/www.europesays.com\/fr\/wp-json\/wp\/v2\/categories?post=367080"},{"taxonomy":"post_tag","embeddable":true,"href":"https:\/\/www.europesays.com\/fr\/wp-json\/wp\/v2\/tags?post=367080"}],"curies":[{"name":"wp","href":"https:\/\/api.w.org\/{rel}","templated":true}]}}