{"id":367082,"date":"2025-09-05T01:56:10","date_gmt":"2025-09-05T01:56:10","guid":{"rendered":"https:\/\/www.europesays.com\/fr\/367082\/"},"modified":"2025-09-05T01:56:10","modified_gmt":"2025-09-05T01:56:10","slug":"a-paris-michel-barnier-dresse-deja-le-bilan-de-bayrou-et-se-projette-vers-2027","status":"publish","type":"post","link":"https:\/\/www.europesays.com\/fr\/367082\/","title":{"rendered":"\u00e0 Paris, Michel Barnier dresse (d\u00e9j\u00e0) le bilan de Bayrou et se projette vers 2027"},"content":{"rendered":"<p class=\"mb-4 text-lg md:leading-8 break-words\">Michel Barnier n&rsquo;a pas chang\u00e9. Il a toujours ses gimmicks, r\u00e9p\u00e8te les m\u00eames phrases &#8211; sur le sectarisme par exemple, qui est \u00ab une preuve de faiblesse \u00bb &#8211; et rappelle les m\u00eames anecdotes, comme lorsque sa m\u00e8re a pos\u00e9 une question embarrassante \u00e0 Jacques Chirac, il y a de cela \u00ab quelques ann\u00e9es \u00bb. Et, s&rsquo;il prenait (longuement) la parole ce jeudi 4 ao\u00fbt au centre Andr\u00e9 Malraux, qu&rsquo;il a confondu avec le centre Pompidou &#8211; preuve qu&rsquo;il est un homme de son temps &#8211; c&rsquo;\u00e9tait moins pour parler de la 2e circonscription de Paris, o\u00f9 il se pr\u00e9sente \u00e0 l&rsquo;occasion d&rsquo;une \u00e9lection l\u00e9gislative partielle les 21 et 28 septembre prochains, que pour \u00e9voquer le sort de la France.<\/p>\n<p class=\"mb-4 text-lg md:leading-8 break-words\">L&rsquo;ensemble de son propos consistait d&rsquo;ailleurs \u00e0 rappeler que la situation politique n&rsquo;a, elle non plus, pas chang\u00e9 depuis qu&rsquo;il a quitt\u00e9 Matignon. <a class=\"link \" href=\"https:\/\/www.lepoint.fr\/debats\/elections-europeennes-dissolution-de-l-assemblee-nationale-l-heure-de-l-incoherence-a-sonne-10-06-2024-2562538_2.php\" rel=\"nofollow noopener\" target=\"_blank\" data-ylk=\"slk:Les m\u00eames d\u00e9put\u00e9s si\u00e8gent \u00e0 l&#039;Assembl\u00e9e nationale;elm:context_link;itc:0;sec:content-canvas\">Les m\u00eames d\u00e9put\u00e9s si\u00e8gent \u00e0 l&rsquo;Assembl\u00e9e nationale<\/a>, o\u00f9 il n&rsquo;y a toujours aucune majorit\u00e9 absolue et o\u00f9 les trois blocs se regardent toujours en chiens de fa\u00efence, refusant de b\u00e2tir des compromis.<\/p>\n<p class=\"mb-4 text-lg md:leading-8 break-words\">Devant une centaine de personnes r\u00e9unies dans cette salle du 6e arrondissement de la capitale, le Savoyard, accompagn\u00e9 de son \u00e9pouse Isabelle, assise au premier rang, a livr\u00e9 son analyse du moment politique que nous vivons et tent\u00e9 de dresser quelques perspectives, m\u00eame si, a-t-il rappel\u00e9, \u00ab on ne sait pas ce qu&rsquo;il va se passer \u00e0 partir de la semaine prochaine. \u00bb L&rsquo;ancien Premier ministre, qui s&rsquo;\u00e9tait amus\u00e9 en septembre 2024 que <a class=\"link \" href=\"https:\/\/www.lepoint.fr\/video\/les-dessous-du-bras-de-fer-attal-barnier-18-09-2024-2570626_738.php\" rel=\"nofollow noopener\" target=\"_blank\" data-ylk=\"slk:le jeune Gabriel Attal lui donne quelque [...] Lire la suite;elm:context_link;itc:0;sec:content-canvas\">le jeune Gabriel Attal lui donne quelque [&#8230;] <\/a><a href=\"https:\/\/www.lepoint.fr\/politique\/legislative-partielle-a-paris-michel-barnier-evoque-francois-bayrou-et-se-projette-en-2027--04-09-2025-2597811_20.php\" rel=\"nofollow noopener\" target=\"_blank\" data-ylk=\"slk:Lire la suite;elm:context_link;itc:0;sec:content-canvas\" class=\"link \">Lire la suite<\/a><\/p>\n","protected":false},"excerpt":{"rendered":"Michel Barnier n&rsquo;a pas chang\u00e9. Il a toujours ses gimmicks, r\u00e9p\u00e8te les m\u00eames phrases &#8211; sur le sectarisme&hellip;\n","protected":false},"author":2,"featured_media":5539,"comment_status":"","ping_status":"","sticky":false,"template":"","format":"standard","meta":{"footnotes":""},"categories":[1888],"tags":[1111,1928,11,1927,1777,674,1011,27,3095,50148,27636,12,1926,626,1925,9576,25],"class_list":{"0":"post-367082","1":"post","2":"type-post","3":"status-publish","4":"format-standard","5":"has-post-thumbnail","7":"category-paris","8":"tag-actu","9":"tag-actu-paris","10":"tag-actualites","11":"tag-actualites-paris","12":"tag-eu","13":"tag-europe","14":"tag-fr","15":"tag-france","16":"tag-jacques-chirac","17":"tag-le-centre-pompidou","18":"tag-michel-barnier","19":"tag-news","20":"tag-news-paris","21":"tag-paris","22":"tag-paris-news","23":"tag-qu","24":"tag-republique-francaise"},"share_on_mastodon":{"url":"https:\/\/pubeurope.com\/@fr\/115149208519255424","error":""},"_links":{"self":[{"href":"https:\/\/www.europesays.com\/fr\/wp-json\/wp\/v2\/posts\/367082","targetHints":{"allow":["GET"]}}],"collection":[{"href":"https:\/\/www.europesays.com\/fr\/wp-json\/wp\/v2\/posts"}],"about":[{"href":"https:\/\/www.europesays.com\/fr\/wp-json\/wp\/v2\/types\/post"}],"author":[{"embeddable":true,"href":"https:\/\/www.europesays.com\/fr\/wp-json\/wp\/v2\/users\/2"}],"replies":[{"embeddable":true,"href":"https:\/\/www.europesays.com\/fr\/wp-json\/wp\/v2\/comments?post=367082"}],"version-history":[{"count":0,"href":"https:\/\/www.europesays.com\/fr\/wp-json\/wp\/v2\/posts\/367082\/revisions"}],"wp:featuredmedia":[{"embeddable":true,"href":"https:\/\/www.europesays.com\/fr\/wp-json\/wp\/v2\/media\/5539"}],"wp:attachment":[{"href":"https:\/\/www.europesays.com\/fr\/wp-json\/wp\/v2\/media?parent=367082"}],"wp:term":[{"taxonomy":"category","embeddable":true,"href":"https:\/\/www.europesays.com\/fr\/wp-json\/wp\/v2\/categories?post=367082"},{"taxonomy":"post_tag","embeddable":true,"href":"https:\/\/www.europesays.com\/fr\/wp-json\/wp\/v2\/tags?post=367082"}],"curies":[{"name":"wp","href":"https:\/\/api.w.org\/{rel}","templated":true}]}}