{"id":367083,"date":"2025-09-05T01:57:16","date_gmt":"2025-09-05T01:57:16","guid":{"rendered":"https:\/\/www.europesays.com\/fr\/367083\/"},"modified":"2025-09-05T01:57:16","modified_gmt":"2025-09-05T01:57:16","slug":"ce-week-end-le-salon-whos-next-devoile-des-innovations-mode-avec-son-lab-2","status":"publish","type":"post","link":"https:\/\/www.europesays.com\/fr\/367083\/","title":{"rendered":"Ce week-end, le salon Who&rsquo;s Next d\u00e9voile des innovations mode avec son Lab"},"content":{"rendered":"<p>\n                                    <b>Publi\u00e9 le<\/b><br \/>\n                                    <\/p>\n<p>                                        4 septembre 2025<\/p>\n<p class=\"article-content col-md-8 offset-md-1\">\n                                Coup d&rsquo;envoi ce samedi de l&rsquo;\u00e9dition 2025 du salon Who&rsquo;s Next, qui se tient jusqu&rsquo;au 8 septembre \u00e0 Paris, Porte de Versailles. Consid\u00e9r\u00e9 comme un rendez-vous incontournable pour les professionnels de la mode, il r\u00e9unit cr\u00e9ateurs, acheteurs et acteurs du secteur venus de France et l&rsquo;international. Cette \u00e9dition marque l&rsquo;arriv\u00e9e d&rsquo;un nouvel espace immersif: Who&rsquo;s Next Lab, pr\u00e9sent\u00e9 comme le lieu o\u00f9 \u00ab\u00a0l&rsquo;innovation prend forme\u00a0\u00bb.<\/p>\n<p><img decoding=\"async\" class=\"news-image\" style=\"width:100%;max-width:917px;\" src=\"https:\/\/www.europesays.com\/fr\/wp-content\/uploads\/2025\/09\/c0e8.jpg\" alt=\"\" loading=\"lazy\"\/> WSN<\/p>\n<p class=\"col-md-8 offset-md-1 article-content--texte\">N\u00e9 pour cette \u00e9dition, le Who&rsquo;s Next Lab met en lumi\u00e8re les formes \u00e9mergentes de cr\u00e9ation dans la mode. Con\u00e7u comme un espace de rencontres et d&rsquo;exp\u00e9rimentations, il se situe \u00e0 la crois\u00e9e de l&rsquo;artisanat num\u00e9rique, de la technologie durable et du design.<\/p>\n<p>Le programme s&rsquo;annonce riche: d\u00e9monstrations en live, mat\u00e9riaux bio-inspir\u00e9s, impression 3D textile, accessoires augment\u00e9s, mais aussi un espace digital d\u00e9di\u00e9 aux outils cr\u00e9atifs de demain, de l&rsquo;IA \u00e0 la mod\u00e9lisation virtuelle.\u00a0<\/p>\n<p class=\"col-md-8 offset-md-1 article-content--texte\">Le Who&rsquo;s Next Lab vit en continu gr\u00e2ce \u00e0 des animations interactives. Les visiteurs pourront assister \u00e0 du live printing sur c\u00e9ramique, silicone et textile, explorer une mat\u00e9riauth\u00e8que bio-inspir\u00e9e propos\u00e9e par Reflexlab, ou encore participer \u00e0 des ateliers participatifs sur la cr\u00e9ation 360\u00b0, du dessin \u00e0 la gradation virtuelle, anim\u00e9s par CDamslab.\u00a0<\/p>\n<p class=\"col-md-10 exergue\">L&rsquo;innovation accessible et inspirante\u00a0<\/p>\n<p>Incxnnue propose une fusion entre accessoires et technologie, avec des sacs en silicone, des\u00a0 luminaires sculpturaux et des impressions textiles. CDamslab, fond\u00e9 par Charl\u00e8ne Dams, associe intelligence artificielle, mod\u00e9lisation 3D et prototypage afin d&rsquo;adopter un style de mode inclusif. Miraggia se pr\u00e9sente comme la premi\u00e8re plateforme fran\u00e7aise d&rsquo;IA g\u00e9n\u00e9rative appliqu\u00e9e \u00e0 la mode, transformant la cr\u00e9ation de visuels et de mannequins virtuels. Blanca Martin Hernandez, form\u00e9e \u00e0 LISAA Mode Paris, explore l&rsquo;int\u00e9gration de l&rsquo;impression 3D dans le v\u00eatement \u00e0 travers des prototypes et des collections exp\u00e9rimentales. Quant \u00e0 Reflexlab et Mikera, ils combinent artisanat et fabrication digitale, avec une mat\u00e9riauth\u00e8que bio-inspir\u00e9e et des impressions d&rsquo;objets en c\u00e9ramiques en direct.<\/p>\n<p>Avec ce nouvel espace, Who&rsquo;s Next propose une vision incarn\u00e9e et concr\u00e8te de l&rsquo;innovation. Le Lab se pr\u00e9sente comme un lieu d&rsquo;\u00e9changes et de d\u00e9couverte, o\u00f9 professionnels et visiteurs peuvent explorer les outils, mat\u00e9riaux et pratiques qui inspirent les nouvelles fa\u00e7ons de cr\u00e9er la mode.\n                            <\/p>\n<p>\n                                Tous droits de reproduction et de repr\u00e9sentation r\u00e9serv\u00e9s.<br \/>\u00a9 2025 FashionNetwork.com\n                            <\/p>\n","protected":false},"excerpt":{"rendered":"Publi\u00e9 le 4 septembre 2025 Coup d&rsquo;envoi ce samedi de l&rsquo;\u00e9dition 2025 du salon Who&rsquo;s Next, qui se&hellip;\n","protected":false},"author":2,"featured_media":366604,"comment_status":"","ping_status":"","sticky":false,"template":"","format":"standard","meta":{"footnotes":""},"categories":[1888],"tags":[11,2424,537,2423,1777,674,1011,27,2425,985,12,2298,626,2426,2427,25,2421,2422],"class_list":{"0":"post-367083","1":"post","2":"type-post","3":"status-publish","4":"format-standard","5":"has-post-thumbnail","7":"category-paris","8":"tag-actualites","9":"tag-beaute","10":"tag-contact","11":"tag-cosmetiques","12":"tag-eu","13":"tag-europe","14":"tag-fr","15":"tag-france","16":"tag-luxe","17":"tag-mode","18":"tag-news","19":"tag-parfum","20":"tag-paris","21":"tag-professionnel","22":"tag-professionnels","23":"tag-republique-francaise","24":"tag-reseau","25":"tag-textile"},"share_on_mastodon":{"url":"https:\/\/pubeurope.com\/@fr\/115149212737684625","error":""},"_links":{"self":[{"href":"https:\/\/www.europesays.com\/fr\/wp-json\/wp\/v2\/posts\/367083","targetHints":{"allow":["GET"]}}],"collection":[{"href":"https:\/\/www.europesays.com\/fr\/wp-json\/wp\/v2\/posts"}],"about":[{"href":"https:\/\/www.europesays.com\/fr\/wp-json\/wp\/v2\/types\/post"}],"author":[{"embeddable":true,"href":"https:\/\/www.europesays.com\/fr\/wp-json\/wp\/v2\/users\/2"}],"replies":[{"embeddable":true,"href":"https:\/\/www.europesays.com\/fr\/wp-json\/wp\/v2\/comments?post=367083"}],"version-history":[{"count":0,"href":"https:\/\/www.europesays.com\/fr\/wp-json\/wp\/v2\/posts\/367083\/revisions"}],"wp:featuredmedia":[{"embeddable":true,"href":"https:\/\/www.europesays.com\/fr\/wp-json\/wp\/v2\/media\/366604"}],"wp:attachment":[{"href":"https:\/\/www.europesays.com\/fr\/wp-json\/wp\/v2\/media?parent=367083"}],"wp:term":[{"taxonomy":"category","embeddable":true,"href":"https:\/\/www.europesays.com\/fr\/wp-json\/wp\/v2\/categories?post=367083"},{"taxonomy":"post_tag","embeddable":true,"href":"https:\/\/www.europesays.com\/fr\/wp-json\/wp\/v2\/tags?post=367083"}],"curies":[{"name":"wp","href":"https:\/\/api.w.org\/{rel}","templated":true}]}}