{"id":367090,"date":"2025-09-05T02:01:12","date_gmt":"2025-09-05T02:01:12","guid":{"rendered":"https:\/\/www.europesays.com\/fr\/367090\/"},"modified":"2025-09-05T02:01:12","modified_gmt":"2025-09-05T02:01:12","slug":"que-valent-les-tarifs-douaniers-imposes-par-donald-trump-au-japon","status":"publish","type":"post","link":"https:\/\/www.europesays.com\/fr\/367090\/","title":{"rendered":"Que valent les tarifs douaniers impos\u00e9s par Donald Trump au Japon ?"},"content":{"rendered":"<p>\n\t\t\t\tLes n\u00e9gociations nippo-am\u00e9ricaines concernant les tarifs douaniers impos\u00e9s par Washington sur les importations japonaises semblent avoir abouti \u00e0 un d\u00e9nouement favorable. Les \u00c9tats-Unis ont consenti \u00e0 r\u00e9duire les barri\u00e8res douani\u00e8res, les faisant passer de 25 % \u00e0 15 %. Cependant, de nombreuses incertitudes demeurent, difficile donc d\u2019accueillir la nouvelle de fa\u00e7on positive tant que Donald Trump sera au pouvoir.\n\t\t\t\t<\/p>\n<p>  \t\t\t\t M\u00eames r\u00e9duits, les taux tarifaires restent un fardeau<\/p>\n<p>Le 23 juillet, l\u2019annonce d\u2019un accord tarifaire, commercial et d\u2019investissements entre Tokyo et Washington a mis fin \u00e0 une p\u00e9riode d\u2019incertitude. Les calculs politiques internes du pr\u00e9sident Donald Trump ont probablement jou\u00e9 un r\u00f4le cl\u00e9 dans le d\u00e9veloppement soudain des discussions bilat\u00e9rales sur les tarifs douaniers. Concr\u00e8tement, le dirigeant am\u00e9ricain souhaitait promouvoir ses progr\u00e8s dans les n\u00e9gociations, tout en d\u00e9tournant l\u2019attention du public sur ses propres scandales.<\/p>\n<p>L\u2019accord tarifaire qui sera ensuite trouv\u00e9 entre Tokyo et Washington impose un taux de 15\u00a0% sur les importations japonaises vers les \u00c9tats-Unis. Cet accord constituant une am\u00e9lioration par rapport au taux de 25\u00a0% initialement appliqu\u00e9 sur les exportateurs japonais, les cours des actions \u00e0 la Bourse de Tokyo sont mont\u00e9s en fl\u00e8che. Cependant, ne perdons pas de vue le fait qu\u2019un taux de 15\u00a0% reste une augmentation significative pour de nombreuses industries. Les exportateurs automobiles japonais se verront d\u00e9sormais imposer des droits de douane de 15\u00a0%, sensiblement diff\u00e9rents des 2,5\u00a0% en vigueur avant le deuxi\u00e8me mandat du pr\u00e9sident am\u00e9ricain&#8230;<\/p>\n<p>En date du 31 juillet, un institut de recherche affili\u00e9 \u00e0 l\u2019Universit\u00e9 de Yale a estim\u00e9 le taux moyen des droits de douane impos\u00e9s par les \u00c9tats-Unis \u00e0 18,3\u00a0% . Il s\u2019agit du chiffre le plus \u00e9lev\u00e9 depuis 1934. Le Budget Lab a \u00e9valu\u00e9 le fardeau suppl\u00e9mentaire sur les consommateurs am\u00e9ricains \u00e0 2\u00a0400 dollars. Dans la mesure o\u00f9 les entreprises d\u00e9cident de reporter le fardeau des droits de douane sur les consommateurs, cette nouvelle n\u2019augure rien de bon pour l\u2019\u00e9conomie globale, et le Japon n\u2019est pas une exception. \u00c9tant donn\u00e9 l\u2019impr\u00e9visibilit\u00e9 de l\u2019administration Trump, les entreprises peinent elle aussi \u00e0 \u00e9tablir des projets \u00e0 moyen, et \u00e0 long, terme, les incitant \u00e0 la prudence en ce qui concerne les investissements en capitaux, ax\u00e9s sur la croissance.<\/p>\n<p>En termes relatifs, la comp\u00e9titivit\u00e9 du Japon avec d\u2019autres pays exportant vers les march\u00e9s am\u00e9ricain ne faiblira pas, le taux des tarifs n\u00e9goci\u00e9s restant le m\u00eame que celui impos\u00e9 \u00e0 l\u2019Union europ\u00e9enne et \u00e0 la Cor\u00e9e du Sud. Le taux de change actuel se situant autour des 140 yens par rapport au dollar (d\u00e9but ao\u00fbt), un niveau historiquement bas d\u2019appr\u00e9ciation du yen comparable aux ann\u00e9es 1970, les entreprises japonaises devraient pouvoir absorber, dans une certaine mesure, l\u2019impact des 15\u00a0% de droits de douane.<\/p>\n<p>Par ailleurs, au fil des \u00e9poques, les entreprises nippones ont eu tendance \u00e0 se retrousser les manches, \u00e0 faire preuve de pers\u00e9v\u00e9rance en cas de difficult\u00e9s \u00e9conomiques et \u00e0 \u00e9viter de reporter le co\u00fbt des droits de douane sur les consommateurs am\u00e9ricains. Et ainsi, ce pourraient \u00eatre les sous-contractants nationaux japonais qui supporteront in fine le fardeau de ces barri\u00e8res douani\u00e8res.<\/p>\n<p>Les entreprises europ\u00e9ennes et am\u00e9ricaines qui commercialisent leurs produits directement sur le march\u00e9 am\u00e9ricain ont \u00e9galement fait preuve de prudence en termes d\u2019augmentation des prix. Cependant, elles tendent \u00e0 revoir leur fa\u00e7on de faire et poussent de plus en plus leurs prix \u00e0 la hausse, cherchant \u00e0 satisfaire leurs actionnaires et \u00e0 \u00eatre rentables. Il n\u2019est assur\u00e9ment pas souhaitable pour les entreprises de pratiquer des hausses soudaines de prix et de s\u2019attirer les foudres de leurs clients.<\/p>\n<p>Cependant, si une augmentation soudaine des prix, d\u2019o\u00f9 une perte de consommateurs, serait probl\u00e9matique, je pense que les entreprises japonaises doivent surveiller de pr\u00e8s la situation par rapport \u00e0 leurs concurrents et envisager un report progressif des co\u00fbts sur les consommateurs afin que les Am\u00e9ricains finissent eux aussi par comprendre et ainsi ressentir l\u2019impact de ces politiques.<\/p>\n<p>Grandes lignes de l\u2019Accord strat\u00e9gique nippo-am\u00e9ricain sur le commerce et les investissements<\/p>\n<ul>&#13;<\/p>\n<li>Le taux tarifaire de base sur les importations japonaises est maintenant de 15\u00a0% (contre 25\u00a0% avant n\u00e9gociations).<\/li>\n<p>&#13;<\/p>\n<li>Le Japon investira 550 milliards de dollars (soit 80 000 milliards de yens) aux \u00c9tats-Unis.<\/li>\n<p>&#13;<\/p>\n<li>90\u00a0% des b\u00e9n\u00e9fices r\u00e9alis\u00e9s sur les investissements resteront aux \u00c9tats-Unis.<\/li>\n<p>&#13;<\/p>\n<li>Le Japon augmentera imm\u00e9diatement ses importations de riz am\u00e9ricain de 75\u00a0%.<\/li>\n<p>&#13;<\/p>\n<li>Les normes automobiles am\u00e9ricaines seront appliqu\u00e9es au Japon.<\/li>\n<p>&#13;<\/p>\n<li>Les deux pays plancheront sur un nouvel accord pour l\u2019achat de <a href=\"https:\/\/www.nippon.com\/fr\/in-depth\/a10403\/\" rel=\"nofollow noopener\" target=\"_blank\">gaz naturel liqu\u00e9fi\u00e9 de l\u2019Alaska.<\/a><\/li>\n<p>&#13;<\/p>\n<li>Le Japon accepte d\u2019acheter davantage d\u2019\u00e9quipements de d\u00e9fense am\u00e9ricains (\u00e0 hauteur de plusieurs de milliards de dollars par an).<\/li>\n<p>&#13;\n<\/ul>\n<p class=\"txt10\">Source\u00a0: <a href=\"https:\/\/www.whitehouse.gov\/fact-sheets\/2025\/07\/fact-sheet-president-donald-j-trump-secures-unprecedented-u-s-japan-strategic-trade-and-investment-agreement\/\" target=\"_blank\" rel=\"noopener nofollow\">Fiches d\u2019informations de la Maison-Blanche<\/a> (23 juillet 2025)<\/p>\n<p>Des ambigu\u00eft\u00e9s demeurent<\/p>\n<p>Comme nous l\u2019avons vu ci-dessus, l\u2019Accord strat\u00e9gique nippo-am\u00e9ricain sur le commerce et les investissements n\u2019est encore qu\u2019\u00e0 ses balbutiements, et est loin d\u2019\u00eatre complet. Les d\u00e9tails finaux doivent \u00eatre travaill\u00e9s, si bien que les autorit\u00e9s japonaises devront rester d\u00e9termin\u00e9es et s\u2019attendre \u00e0 des n\u00e9gociations houleuses.<\/p>\n<p>Des diff\u00e9rences de perception entre Washington et Tokyo ont d\u00e9j\u00e0 fait surface. Par exemple, le secr\u00e9taire au Tr\u00e9sor, Scott Bessent, a annonc\u00e9 que l\u2019accord avec le Japon sera r\u00e9examin\u00e9 tous les trois mois, pr\u00e9venant que si Donald Trump n\u2019est pas satisfait de son \u00e9volution, il pourrait se raviser et r\u00e9augmenter les droits de douane pour les faire passer \u00e0 25\u00a0% sur les automobiles notamment, une nouvelle pour le moins inattendue Tokyo.<\/p>\n<p>D\u2019importantes zones d\u2019ombre entourent la promesse du Japon d\u2019investir 550 milliards de dollars dans l\u2019\u00e9conomie am\u00e9ricaine. Si le gouvernement am\u00e9ricain s\u2019attend \u00e0 ce que les entreprises japonaises investissent imm\u00e9diatement leurs propres capitaux, les autorit\u00e9s japonaises insistent sur le fait que cet engagement ne repr\u00e9sente qu\u2019une \u00ab\u00a0ligne de cr\u00e9dit\u00a0\u00bb, fournie par les institutions financi\u00e8res affili\u00e9es au gouvernement.<\/p>\n<p>In fine, ce que le pr\u00e9sident Trump veut, c\u2019est faire bonne figure dans son pays, et il s\u2019attache \u00e0 donner l\u2019impression qu\u2019il g\u00e8re de main de ma\u00eetre les relations \u00e9trang\u00e8res. Il est n\u00e9cessaire que Tokyo exploite cette situation et approche l\u2019administration d\u2019une fa\u00e7on qui favorisera ses int\u00e9r\u00eats. Par exemple, les entreprises japonaises et le gouvernement devront faire leurs preuves et montrer \u00e0 l\u2019administration Trump leur engagement pour ce nouveau cadre de travail, notamment en incluant dans les 550 milliards de dollars des investissements auxquels les entreprises japonaises auraient de toute fa\u00e7on consenti. Par ailleurs, il est important de comprendre que l\u2019administration Trump ne va probablement pas prendre la d\u00e9cision d\u2019augmenter les droits de douane avant les \u00e9lections de mi-mandat en novembre 2026, en raison de potentiels effets inflationnistes sur l\u2019\u00e9conomie du pays.<\/p>\n<p>Toutefois, il faut rester prudent, le pr\u00e9sident Trump \u00e9tant quelqu\u2019un de tr\u00e8s versatile. Il lui reste trois ans et demi avant la fin de son mandat. Tokyo doit se pr\u00e9parer \u00e0 ce qu\u2019il ne prenne pas de d\u00e9cisions politiques pos\u00e9es et continue de mener son gouvernement sur une base coercitive. Pendant son premier mandat, il \u00e9tait entour\u00e9 par des conseillers consid\u00e9r\u00e9s comme raisonnables et qui mettaient un frein \u00e0 ses politiques les plus excessives. Cette fois-ci, il a choisi des personnes qui lui sont loyales, plus enclines \u00e0 donner leur accord \u00e0 des politiques extr\u00eames. Peu sont d\u00e9sireux ni m\u00eame capables de contr\u00f4ler ses impulsions.<\/p>\n<p>L\u2019ind\u00e9pendance de la R\u00e9serve f\u00e9d\u00e9rale menac\u00e9e<\/p>\n<p>Des politiques commerciales irr\u00e9fl\u00e9chies pourraient ne pas entra\u00eener la perte du dollar en tant que monnaie de r\u00e9serve mondiale. Cependant, sa force relative va probablement s\u2019affaiblir \u00e0 mesure que l\u2019\u00e9cart avec l\u2019euro, la deuxi\u00e8me monnaie, se resserrera. Apr\u00e8s la crise financi\u00e8re globale de 2008, l\u2019\u00e9conomie am\u00e9ricaine s\u2019est reprise avec une productivit\u00e9 accrue, notamment dans le domaine de l\u2019industrie num\u00e9rique, entra\u00eenant une appr\u00e9ciation du billet vert. Mais cette fois-ci, les efforts de l\u2019administration Trump pour prot\u00e9ger les industries lourdes et \u00e0 forte intensit\u00e9 de capital, par le biais de sa politique \u00e9conomique \u00e9trang\u00e8re, mettent \u00e0 mal les forces de l\u2019\u00e9conomie am\u00e9ricaine, ce qui acc\u00e9l\u00e9rera le d\u00e9clin relatif du dollar.<\/p>\n<p>\u00c0 cette situation s\u2019ajoutent la volatilit\u00e9 du march\u00e9 pour les bons du Tr\u00e9sor am\u00e9ricain et une possible augmentation \u00e0 long terme du co\u00fbt de la dette. En effet, en avril, des inqui\u00e9tudes concernant les droits de douane d\u00e9cr\u00e9t\u00e9s par Donald Trump ont entra\u00een\u00e9 une multiplication des ordres de vente des bons du Tr\u00e9sor am\u00e9ricain. Le pr\u00e9sident Trump menace une nouvelle fois l\u2019ind\u00e9pendance du Conseil des gouverneurs de la R\u00e9serve f\u00e9d\u00e9rale (Fed) des \u00c9tats-Unis en exer\u00e7ant une pression sur cette derni\u00e8re afin d\u2019abaisser ses taux d\u2019int\u00e9r\u00eats, apparemment pour stimuler l\u2019\u00e9conomie.<\/p>\n<p>Cependant, les cons\u00e9quences \u00e0 long terme d\u2019une telle situation pourraient \u00eatre d\u00e9sastreuses. Si la Fed c\u00e8de aux exigences de l\u2019administration Trump et baisse les taux d\u2019int\u00e9r\u00eats au-del\u00e0 de ce requiert la situation \u00e9conomique, la confiance dans le dollar s\u2019effondrera et l\u2019inflation augmentera encore plus vite que maintenant. Les ordres de vente de bons du Tr\u00e9sor se multiplieront, les taux d\u2019int\u00e9r\u00eats \u00e0 long terme augmenteront et l\u2019\u00e9conomie tombera dans un cercle vicieux de stagnation.<\/p>\n<p>En retour, il y a le risque qu\u2019une pression \u00e0 la hausse sur les taux d\u2019int\u00e9r\u00eats ne se propage sur le march\u00e9 des bons du gouvernement japonais. Le mandat de Jerome Powell, le pr\u00e9sident de la R\u00e9serve f\u00e9d\u00e9rale, se termine en mai 2026. Tous les yeux seront riv\u00e9s sur son successeur.<\/p>\n<p>Un pendule qui n\u2019est pas pr\u00e8s de revenir<\/p>\n<p>Malgr\u00e9 la tourmente politique et \u00e9conomique d\u00e9clench\u00e9e par le pr\u00e9sident Trump, la popularit\u00e9 du Parti d\u00e9mocrate n\u2019a pas pour autant augment\u00e9. Il n\u2019est pas impossible, loin de l\u00e0, qu\u2019un nouveau pr\u00e9sident r\u00e9publicain soit \u00e9lu en 2028. Si ses politiques seront probablement plus raisonnables que celles de Donald Trump, elles seront sans doute en ligne avec l\u2019America First, qui s\u2019oppose au commerce de libre-\u00e9change.<\/p>\n<p>Un sp\u00e9cialiste am\u00e9ricain des relations internationales note qu\u2019une g\u00e9n\u00e9ration tout enti\u00e8re (pr\u00e8s de trente ans) apr\u00e8s la Premi\u00e8re guerre mondiale a \u00e9t\u00e9 n\u00e9cessaire pour que les \u00c9tats-Unis d\u00e9poussi\u00e8rent enfin leurs tendances America First. Et ce n\u2019est que comme \u00e7a que le gouvernement am\u00e9ricain a pu s\u2019engager pleinement dans la cr\u00e9ation de l\u2019ordre d\u2019apr\u00e8s la Seconde Guerre mondiale, notamment en jouant un r\u00f4le actif pendant la Guerre froide. La population pourrait avoir besoin de tout autant de temps pour comprendre que l\u2019America First est une erreur, encore cette fois-ci.<\/p>\n<p>Par cons\u00e9quent, les autres pays ne peuvent pas simplement ignorer les d\u00e9fis impos\u00e9s par les droits de douane ou \u00eatre dans l\u2019expectative d\u2019un revirement politique. Les r\u00e9cents compromis avec les \u00c9tats-Unis ne sont que passagers. Si Washington n\u2019inverse pas de mani\u00e8re significative le cours de la situation dans un avenir proche, le reste du monde conclura que nous avons atteint une \u00ab\u00a0nouvelle normalit\u00e9\u00a0\u00bb et commencera \u00e0 \u00e9laborer d\u2019autres strat\u00e9gies.<\/p>\n<p>Dans le cas du Japon, Tokyo continuera de reconna\u00eetre l\u2019importance \u00e9conomique et s\u00e9curitaire des \u00c9tats-Unis, mais multipliera les efforts comme jamais pour \u00e9viter une d\u00e9pendance excessive.<\/p>\n<p>Le Japon coop\u00e9rera plus \u00e9troitement avec des pays avec qui il aura construit une relation de confiance, tels que l\u2019Europe et d\u2019autres pays asiatiques. Il suivra une strat\u00e9gie en deux \u00e9tapes, qui s\u00e9pare les relations avec les \u00c9tats-Unis de celles avec ses partenaires de confiance.<\/p>\n<p>En m\u00eame temps, quelle que soit l\u2019attitude du pr\u00e9sident Trump, il est crucial que le Japon continue \u00e0 affirmer l\u2019importance du syst\u00e8me de libre-\u00e9change en tant que question de principe. Cela peut servir de base fondamentale pour la diplomatie et au renforcement de la construction des liens de coop\u00e9ration avec des pays autres que les \u00c9tats-Unis.<\/p>\n<p>La popularit\u00e9 du sentiment d\u2019anti-mondialisation, au centre des politiques de l\u2019administration Trump, est enracin\u00e9e dans des disparit\u00e9s \u00e9conomiques qui se creusent aux \u00c9tats-Unis. Si les disparit\u00e9s auxquelles le Japon est confront\u00e9 ne sont pas du m\u00eame niveau, il n\u2019en reste pas moins qu\u2019elles continuent de s\u2019aggraver. Contrairement aux \u00c9tats-Unis, le Japon manque de ressources naturelles, <a href=\"https:\/\/www.nippon.com\/fr\/japan-data\/h01758\/\" rel=\"nofollow noopener\" target=\"_blank\">est \u00e0 peine auto-suffisant au niveau de l\u2019alimentation<\/a> et conna\u00eet <a href=\"https:\/\/www.nippon.com\/fr\/japan-data\/h02429\/\" rel=\"nofollow noopener\" target=\"_blank\">un d\u00e9clin d\u00e9mographique rapide<\/a>. Difficile donc de m\u00eame commencer \u00e0 penser \u00e0 adopter une politique anti-mondialisation ou \u00ab\u00a0Japan First\u00a0\u00bb. Bien au contraire, cette situation politique d\u00e9form\u00e9e aux \u00c9tats-Unis devrait servir de le\u00e7on, une situation dont d\u2019autres pays pourront tirer nombre d\u2019enseignements.<\/p>\n<p>(Photo de titre\u00a0: une sc\u00e8ne des n\u00e9gociations commerciales entre le Japon et les \u00c9tats-Unis tir\u00e9e du compte X de Dan Scavino, conseiller du pr\u00e9sident Trump, le 23 juillet 2025. Jiji)<\/p>\n","protected":false},"excerpt":{"rendered":"Les n\u00e9gociations nippo-am\u00e9ricaines concernant les tarifs douaniers impos\u00e9s par Washington sur les importations japonaises semblent avoir abouti \u00e0&hellip;\n","protected":false},"author":2,"featured_media":367091,"comment_status":"","ping_status":"","sticky":false,"template":"","format":"standard","meta":{"footnotes":""},"categories":[1589],"tags":[11,312,75,33,73,1866,5798,14,12,316,1864,1865,1863,308],"class_list":{"0":"post-367090","1":"post","2":"type-post","3":"status-publish","4":"format-standard","5":"has-post-thumbnail","7":"category-etats-unis","8":"tag-actualites","9":"tag-diplomatie","10":"tag-donald-trump","11":"tag-economie","12":"tag-etats-unis","13":"tag-etats-unis-damerique","14":"tag-exportation","15":"tag-international","16":"tag-news","17":"tag-politique","18":"tag-united-states","19":"tag-united-states-of-america","20":"tag-us","21":"tag-usa"},"share_on_mastodon":{"url":"https:\/\/pubeurope.com\/@fr\/115149228190650626","error":""},"_links":{"self":[{"href":"https:\/\/www.europesays.com\/fr\/wp-json\/wp\/v2\/posts\/367090","targetHints":{"allow":["GET"]}}],"collection":[{"href":"https:\/\/www.europesays.com\/fr\/wp-json\/wp\/v2\/posts"}],"about":[{"href":"https:\/\/www.europesays.com\/fr\/wp-json\/wp\/v2\/types\/post"}],"author":[{"embeddable":true,"href":"https:\/\/www.europesays.com\/fr\/wp-json\/wp\/v2\/users\/2"}],"replies":[{"embeddable":true,"href":"https:\/\/www.europesays.com\/fr\/wp-json\/wp\/v2\/comments?post=367090"}],"version-history":[{"count":0,"href":"https:\/\/www.europesays.com\/fr\/wp-json\/wp\/v2\/posts\/367090\/revisions"}],"wp:featuredmedia":[{"embeddable":true,"href":"https:\/\/www.europesays.com\/fr\/wp-json\/wp\/v2\/media\/367091"}],"wp:attachment":[{"href":"https:\/\/www.europesays.com\/fr\/wp-json\/wp\/v2\/media?parent=367090"}],"wp:term":[{"taxonomy":"category","embeddable":true,"href":"https:\/\/www.europesays.com\/fr\/wp-json\/wp\/v2\/categories?post=367090"},{"taxonomy":"post_tag","embeddable":true,"href":"https:\/\/www.europesays.com\/fr\/wp-json\/wp\/v2\/tags?post=367090"}],"curies":[{"name":"wp","href":"https:\/\/api.w.org\/{rel}","templated":true}]}}