{"id":367092,"date":"2025-09-05T02:02:10","date_gmt":"2025-09-05T02:02:10","guid":{"rendered":"https:\/\/www.europesays.com\/fr\/367092\/"},"modified":"2025-09-05T02:02:10","modified_gmt":"2025-09-05T02:02:10","slug":"le-royaume-uni-reaffirme-son-soutien-au-plan-marocain-dautonomie","status":"publish","type":"post","link":"https:\/\/www.europesays.com\/fr\/367092\/","title":{"rendered":"Le Royaume-Uni r\u00e9affirme son soutien au plan marocain d\u2019autonomie"},"content":{"rendered":"<p>Le gouvernement travailliste britannique a r\u00e9affirm\u00e9 son soutien au plan d&rsquo;autonomie propos\u00e9 par le Maroc pour le Sahara occidental. Cette position a \u00e9t\u00e9 confirm\u00e9e par Hamish Falconer, sous-secr\u00e9taire d&rsquo;\u00c9tat britannique aux Affaires \u00e9trang\u00e8res, charg\u00e9 du Moyen-Orient et de l&rsquo;Afrique du Nord, <a href=\"https:\/\/questions-statements.parliament.uk\/written-questions\/detail\/2025-08-26\/905377\" target=\"_blank\" rel=\"nofollow noopener\">en r\u00e9ponse<\/a> \u00e0 une question \u00e9crite du d\u00e9put\u00e9 travailliste Will Stone.<\/p>\n<p>\u00abLe 1er juin, le ministre des Affaires \u00e9trang\u00e8res, David Lammy, a co-organis\u00e9 le dialogue strat\u00e9gique Royaume-Uni &#8211; Maroc \u00e0 Rabat, o\u00f9 des accords ont \u00e9t\u00e9 sign\u00e9s dans les domaines de l&rsquo;\u00e9ducation, de la sant\u00e9, des infrastructures et du commerce. Cet \u00e9v\u00e9nement a marqu\u00e9 un tournant dans les relations\u00bb entre les deux nations, a d\u00e9clar\u00e9 Falconer.<\/p>\n<p>\u00abLe ministre des Affaires \u00e9trang\u00e8res a \u00e9galement valid\u00e9 la proposition marocaine d&rsquo;autonomie pour le Sahara occidental et a assur\u00e9 du soutien du Royaume-Uni aux parties concern\u00e9es et \u00e0 l&rsquo;ONU pour aboutir \u00e0 une solution mutuellement acceptable. Nous poursuivons ces efforts ensemble et restons en contact r\u00e9gulier.\u00bb<\/p>\n<p>Hamish Falconer<\/p>\n<p>En ao\u00fbt, Falconer <a href=\"https:\/\/www.yabiladi.com\/articles\/details\/173683\/diplomatie-polisario-annonce-reunion-avec.html\" target=\"_blank\" rel=\"nofollow noopener\">a rencontr\u00e9<\/a> une d\u00e9l\u00e9gation du Polisario \u00e0 Londres. Par ailleurs, le 1er juin \u00e0 Rabat, David Lammy, chef de la diplomatie britannique, avait annonc\u00e9 <a href=\"https:\/\/www.yabiladi.com\/articles\/details\/167955\/sahara-royaume-uni-soutien-plan-d-autonomie.html\" target=\"_blank\" rel=\"nofollow noopener\">le soutien<\/a> du Royaume-Uni au plan marocain d&rsquo;autonomie pour le Sahara occidental. Une position salu\u00e9e par le roi Mohammed VI le 29 juillet dernier lors de son discours \u00e0 l&rsquo;occasion de la F\u00eate du tr\u00f4ne.<\/p>\n","protected":false},"excerpt":{"rendered":"Le gouvernement travailliste britannique a r\u00e9affirm\u00e9 son soutien au plan d&rsquo;autonomie propos\u00e9 par le Maroc pour le Sahara&hellip;\n","protected":false},"author":2,"featured_media":367093,"comment_status":"","ping_status":"","sticky":false,"template":"","format":"standard","meta":{"footnotes":""},"categories":[1588],"tags":[11,1777,674,12,473,1853,1851,1850,1852],"class_list":{"0":"post-367092","1":"post","2":"type-post","3":"status-publish","4":"format-standard","5":"has-post-thumbnail","7":"category-royaume-uni","8":"tag-actualites","9":"tag-eu","10":"tag-europe","11":"tag-news","12":"tag-royaume-uni","13":"tag-royaume-uni-de-grande-bretagne-et-dirlande-du-nord","14":"tag-uk","15":"tag-united-kingdom","16":"tag-united-kingdom-of-great-britain-and-northern-ireland"},"share_on_mastodon":{"url":"https:\/\/pubeurope.com\/@fr\/115149232163729054","error":""},"_links":{"self":[{"href":"https:\/\/www.europesays.com\/fr\/wp-json\/wp\/v2\/posts\/367092","targetHints":{"allow":["GET"]}}],"collection":[{"href":"https:\/\/www.europesays.com\/fr\/wp-json\/wp\/v2\/posts"}],"about":[{"href":"https:\/\/www.europesays.com\/fr\/wp-json\/wp\/v2\/types\/post"}],"author":[{"embeddable":true,"href":"https:\/\/www.europesays.com\/fr\/wp-json\/wp\/v2\/users\/2"}],"replies":[{"embeddable":true,"href":"https:\/\/www.europesays.com\/fr\/wp-json\/wp\/v2\/comments?post=367092"}],"version-history":[{"count":0,"href":"https:\/\/www.europesays.com\/fr\/wp-json\/wp\/v2\/posts\/367092\/revisions"}],"wp:featuredmedia":[{"embeddable":true,"href":"https:\/\/www.europesays.com\/fr\/wp-json\/wp\/v2\/media\/367093"}],"wp:attachment":[{"href":"https:\/\/www.europesays.com\/fr\/wp-json\/wp\/v2\/media?parent=367092"}],"wp:term":[{"taxonomy":"category","embeddable":true,"href":"https:\/\/www.europesays.com\/fr\/wp-json\/wp\/v2\/categories?post=367092"},{"taxonomy":"post_tag","embeddable":true,"href":"https:\/\/www.europesays.com\/fr\/wp-json\/wp\/v2\/tags?post=367092"}],"curies":[{"name":"wp","href":"https:\/\/api.w.org\/{rel}","templated":true}]}}