{"id":367094,"date":"2025-09-05T02:03:16","date_gmt":"2025-09-05T02:03:16","guid":{"rendered":"https:\/\/www.europesays.com\/fr\/367094\/"},"modified":"2025-09-05T02:03:16","modified_gmt":"2025-09-05T02:03:16","slug":"garanties-de-securite-a-lukraine-berlin-se-replie-en-seconde-ligne-lopinion","status":"publish","type":"post","link":"https:\/\/www.europesays.com\/fr\/367094\/","title":{"rendered":"Garanties de s\u00e9curit\u00e9 \u00e0 l\u2019Ukraine : Berlin se replie en seconde ligne &#8211; l&#039;Opinion"},"content":{"rendered":"<ol>\n<li><a href=\"https:\/\/news.google.com\/rss\/articles\/CBMipwFBVV95cUxPQWxhUDNDaTZ1a2hyczhMZEVpM1p6MllkQ2JXMFE2MWZiOWhDRkpiT0diOWJta1diSFRGVkRPY0JxcFRVTGZnOEdQR2VWcWdZZEhVVGlLQmRSbk9WTVU3OUpxNE9menRpNjAyS1lCYmVVaENhUTZhY2gzZGNTTXpmaUlxWjJMVWNxS1Q4aTFLYk1UYVk0ckZ1YmotWDA4alR0MWVkN2ZRZw?oc=5\" target=\"_blank\" rel=\"nofollow noopener\">Garanties de s\u00e9curit\u00e9 \u00e0 l\u2019Ukraine : Berlin se replie en seconde ligne<\/a>&nbsp;&nbsp;l&rsquo;Opinion<\/li>\n<li><a href=\"https:\/\/news.google.com\/rss\/articles\/CBMi-wFBVV95cUxNRkxFNTFDUEp1RGEwcVFTalZrOWtLY0F1WXdQNzhvMDdjWjlHSDRzdDZYX3oycGxsYnpKNGdFZVNUUDNaaWdGY0lWem1laUlwR3UwMWdMR1JPbG1SbjdCRGI4azVCaWxFc0xUci1PeG5GV2kzTFZtMHNhNTZ2UHVCcjJ6X2xWSWtmS3hQNDNEMmhyQkxuMjRVOTNicmJnTS05UlNRRXB1LXFrTXlYSXlpMHYyVFh6SnpheHg1WDBIRTRuYTdJU0hUNnkxR00tYzl2d3JaNHEycnMydTBHOWVNbi0zenh0WGlJZHFkNGR5LTVFeHptLWszUnNnSQ?oc=5\" target=\"_blank\" rel=\"nofollow noopener\">REPLAY. Guerre en Ukraine : Macron menace la Russie de nouvelles sanctions \u00ab\u00a0en lien avec les Etats-Unis\u00a0\u00bb si Moscou continue de refuser la paix<\/a>&nbsp;&nbsp;ladepeche.fr<\/li>\n<li><a href=\"https:\/\/news.google.com\/rss\/articles\/CBMiwAFBVV95cUxNTjJUUUVoby1yMHJ2by1hYTU0R2tlRGpQUnQwbUc0Y25Ld0RQeGZVU3FLUklzT05NZEhpRjNta2pXWmJ1aG1HWkhxaUdjajhMYU9SX1NNV1UtTkttbURmdTlKRV9tOFlvamI4aGpBdHYxekpEempqajNaSnJYaC1PYXVsMzhBUEpmcUt1MTJtcWY1M2F6eXFHbHFNdS1jUGg5R1Z1YVRUVWRBZllkMV90T0JxbXFkUVd4RjlnZDRNMzU?oc=5\" target=\"_blank\" rel=\"nofollow noopener\">En Allemagne, l&rsquo;envoi \u00e9ventuel de soldats en Ukraine divise profond\u00e9ment le pays<\/a>&nbsp;&nbsp;Les Echos<\/li>\n<li><a href=\"https:\/\/news.google.com\/rss\/articles\/CBMiwwFBVV95cUxOYUJ5XzBTMXpNOXNjeU9xMjVjQm8tV29Fa3Uzbldud1pIU0pJRXBmQlRNRkp2cGVzck5EWWlDeXB4aUo5WUczbXBJdk5Tc1lGdjg3bkZlbmZabnE4UEUtT3NIbFJ6RGc1S2pmVkdMVG9Na2VjY3dSdGtUXzRHaXpYbUMyRllkbGFQdmNWaXlGY1FzdFpsNjdTMEJzNllsaDdKZ3RLMDNKUlVESm9yWm4wck5RalpRSjEtZVlmLUxGRG1hMVk?oc=5\" target=\"_blank\" rel=\"nofollow noopener\">Guerre en Ukraine : l&rsquo;Allemagne exhorte l&rsquo;Inde \u00e0 pousser Poutine \u00e0 la table des n\u00e9gociations<\/a>&nbsp;&nbsp;Euronews.com<\/li>\n<li><a href=\"https:\/\/news.google.com\/rss\/articles\/CBMiqgJBVV95cUxNWU8xNTZYdnhkQ3JEUTdzc3VIcUxnZWZ3X29qcEM4ZGFNZERoaDBhcjZaNzBidFFQVmpPeVliaEdMekZqZ1NIRkxLOHBENGw0MzVQUy1QQU11REN6UzFBazZ5VmlVWnNUYWx2MUxER1UwbWVrVHNuaWJUMXNqTGs3bGkyNU9BOUxfV2RGZXpaU3lVbXk1VWVKWXdrRzZMOUpiU1RPQ2p3d1NfWmkzdm0xTkhsams3bW5nQWZqVW12VEQtRVRoSWlaOGlLNmYwUTFVcGc1WDdPYkR2enJhYndwdndSUEI1R1RGUm5kazhnUUxQYk10dERIWmJmRVE2RE9NSGVkaGhmcmNNb3lvbjc0U2x0UDZIdjRrbWI1RTlwWmpTeTNzaWd5a1ZR?oc=5\" target=\"_blank\" rel=\"nofollow noopener\">Guerre en Ukraine : Emmanuel Macron annonce de nouvelles sanctions contre la Russie si Moscou refuse la discussion<\/a>&nbsp;&nbsp;Le Parisien<\/li>\n<\/ol>\n","protected":false},"excerpt":{"rendered":"Garanties de s\u00e9curit\u00e9 \u00e0 l\u2019Ukraine : Berlin se replie en seconde ligne&nbsp;&nbsp;l&rsquo;Opinion REPLAY. Guerre en Ukraine : Macron&hellip;\n","protected":false},"author":2,"featured_media":367095,"comment_status":"","ping_status":"","sticky":false,"template":"","format":"standard","meta":{"footnotes":""},"categories":[1587],"tags":[11,672,1804,1805,1803,1777,674,1801,12,1802],"class_list":{"0":"post-367094","1":"post","2":"type-post","3":"status-publish","4":"format-standard","5":"has-post-thumbnail","7":"category-allemagne","8":"tag-actualites","9":"tag-allemagne","10":"tag-bundesrepublik-deutschland","11":"tag-de","12":"tag-deutschland","13":"tag-eu","14":"tag-europe","15":"tag-germany","16":"tag-news","17":"tag-republique-federale-dallemagne"},"share_on_mastodon":{"url":"https:\/\/pubeurope.com\/@fr\/115149236087133098","error":""},"_links":{"self":[{"href":"https:\/\/www.europesays.com\/fr\/wp-json\/wp\/v2\/posts\/367094","targetHints":{"allow":["GET"]}}],"collection":[{"href":"https:\/\/www.europesays.com\/fr\/wp-json\/wp\/v2\/posts"}],"about":[{"href":"https:\/\/www.europesays.com\/fr\/wp-json\/wp\/v2\/types\/post"}],"author":[{"embeddable":true,"href":"https:\/\/www.europesays.com\/fr\/wp-json\/wp\/v2\/users\/2"}],"replies":[{"embeddable":true,"href":"https:\/\/www.europesays.com\/fr\/wp-json\/wp\/v2\/comments?post=367094"}],"version-history":[{"count":0,"href":"https:\/\/www.europesays.com\/fr\/wp-json\/wp\/v2\/posts\/367094\/revisions"}],"wp:featuredmedia":[{"embeddable":true,"href":"https:\/\/www.europesays.com\/fr\/wp-json\/wp\/v2\/media\/367095"}],"wp:attachment":[{"href":"https:\/\/www.europesays.com\/fr\/wp-json\/wp\/v2\/media?parent=367094"}],"wp:term":[{"taxonomy":"category","embeddable":true,"href":"https:\/\/www.europesays.com\/fr\/wp-json\/wp\/v2\/categories?post=367094"},{"taxonomy":"post_tag","embeddable":true,"href":"https:\/\/www.europesays.com\/fr\/wp-json\/wp\/v2\/tags?post=367094"}],"curies":[{"name":"wp","href":"https:\/\/api.w.org\/{rel}","templated":true}]}}