{"id":367096,"date":"2025-09-05T02:04:12","date_gmt":"2025-09-05T02:04:12","guid":{"rendered":"https:\/\/www.europesays.com\/fr\/367096\/"},"modified":"2025-09-05T02:04:12","modified_gmt":"2025-09-05T02:04:12","slug":"trump-exhorte-les-dirigeants-europeens-a-cesser-dacheter-le-petrole-russe-et-a-faire-pression-sur-la-chine-anadolu-ajansi","status":"publish","type":"post","link":"https:\/\/www.europesays.com\/fr\/367096\/","title":{"rendered":"Trump exhorte les dirigeants europ\u00e9ens \u00e0 cesser d&#039;acheter le p\u00e9trole russe et \u00e0 faire pression sur la Chine &#8211; Anadolu Ajans\u0131"},"content":{"rendered":"<ol>\n<li><a href=\"https:\/\/news.google.com\/rss\/articles\/CBMi-gFBVV95cUxQNDFJendhOVo1VVo1MjJuRTQyanZocGE0OTlmQUlWay1mb2JtWkxTcjROQkxvaHEyVTlfZXBWN3VwZHNyZmdyQmIwRW9ZZGVMM2NIanBsbklVVEd5QWVkTnZ4MFZGc2hUNzhlMVQtbTNzSEwwUk1IMzM1YjlqcEduampVdFJqNDB6YnVIQWQ2LXlXd2hPa2k4cGcwZ0JjMzdEelNESk1nSXRzSzY5cTFPM3N0VjAwaUZuV3cxbHNaV3YtVk5YaFg5d3hpUnlOX3VESFpIV282OFE0a09FQjVuMWZOS1BoV21jeXMxUlZCeWp2bWlLZnZKOV9n?oc=5\" target=\"_blank\" rel=\"nofollow noopener\">Trump exhorte les dirigeants europ\u00e9ens \u00e0 cesser d&rsquo;acheter le p\u00e9trole russe et \u00e0 faire pression sur la Chine<\/a>&nbsp;&nbsp;Anadolu Ajans\u0131<\/li>\n<li><a href=\"https:\/\/news.google.com\/rss\/articles\/CBMi2AFBVV95cUxPdF92V3ZOVDFqRDJFTE5pZV9zc3o5YnJQUW1WZncxOU1Rd3ZJT3RwcF9xRE83NVYxamkyZnRSR2RrMDZRdEZnbTFUWlJTYXRmMW1FUGFOX2JyUWFnZW9uMGR0SzNIUXpQMmU2bkRCVDR2MDRHY3psa21yS2dCWHNCOFNKejE1aHZLbDU0blM0MDdRNmVsaXZ0ZFVOZ3V6VGZWVE9seTRLRElZXzBBZnRPc0pOcEpXdFRNeEVGTm1jMGVjTWtCeFlWOERQZnpwTTgxd09ldFhfRFU?oc=5\" target=\"_blank\" rel=\"nofollow noopener\">Guerre en Ukraine : Trump demande aux Europ\u00e9ens de faire pression sur la Chine pour atteindre la Russie<\/a>&nbsp;&nbsp;20 Minutes<\/li>\n<li><a href=\"https:\/\/news.google.com\/rss\/articles\/CBMi_gFBVV95cUxORlR3UXFhVXdjb2ktcVV4b0UwT1MtenNTNFJKZnFhRWVGNGhNeU5BNHBmRmJQeFlTQlJYaE1UYi1SbWpfQkxpN0RsVENvTGtqWGhVQ2F0bDNiYkxha0dtNlp5Y0ZnMUo1NXV2Sk9qd3c1R1RvaXhISnAyQkVmRUN5dEpJQ2RDb2N0VHZBdndtcGVlZ2NnVzRqTGNZUGl1M0haR0E2QURJUUlUcUE4Ml9INl94cUxLY09rbjFHblNmWGF6WFVtbWt0dmlDcWd5SGxpZzlUM0x5Qmc1TU11X2NYeldmcnN4d1F1OHRLTVBsUXFWUXZIVkliRk85c0luQQ?oc=5\" target=\"_blank\" rel=\"nofollow noopener\">Deux pays en Europe continuent d&rsquo;acheter du p\u00e9trole russe: ce qui rend Trump \u00ab\u00a0tr\u00e8s m\u00e9content\u00a0\u00bb selon Zelensky et Macron<\/a>&nbsp;&nbsp;BFMTV<\/li>\n<li><a href=\"https:\/\/news.google.com\/rss\/articles\/CBMiuAFBVV95cUxNc04yR25wc0dWazRXeEF4NHFWVTFvN3NyQ3Q3UldibGY5V2swS1BIYVZVSkF2Q0VMY3JhRGd0V0pzejBTWlVmaWVWZVl4aGg3cklaMjJXcUhYZkN1ZWFCQWlyZDlhOFBXMGlPdzVQZjgyMmRjbThqdXZGa25Ud0l2Mm5aTW5PRzc1X3MxQkZDblZvT294amE3eEwySlUzand1dHUwbXd2b3BUV2NJOUJ4VnYxakR2OEJB0gG-AUFVX3lxTE45QlBvcy02WmN0OVRyNDZNckVnZWlZWFJ3WGtNY0ZuaF9mY0Q3LW1ZdmtPdGdpcEZjaTVMYlNPV09hMmVDc1VSc1pPODRjVkZNWUtvQzRQdWVHdXZ6TFlwdF95eG1BVEdvYldibzlDdWxpRENYb3lVX1hoX0VaVFp3MC1BNVlJN05KbkxrcU5zN1hjQ0Z0MGRzcEx3WUpEZjdTZk1CTHJrbmVSWjBtSHpmZGVLcTRicWpUY0dPVXc?oc=5\" target=\"_blank\" rel=\"nofollow noopener\">Donald Trump demande \u00e0 l\u2019Europe de faire pression sur la Chine pour son soutien \u00e0 la Russie<\/a>&nbsp;&nbsp;CNews<\/li>\n<li><a href=\"https:\/\/news.google.com\/rss\/articles\/CBMi1gFBVV95cUxQOEp0TlBXbWNDeFE5RnBaVFIzQnZqMy1VYUxhZk9Oa0hJNkhaWVVySXFadlFPek5nY0tKQkdjZkxuQlRvMXlMUGNOZVNfQXNVdjl1aFdjclo4MG1uM1JvZGkyT0FwWWNjZEpUdHZvMlZlR2wwYUcyTmpETEdkLUtaMGZ0WFVDSTlhWDJDOFBBM185QUcxM0NDekk4ZkZfT2ZWUUNYQmRFLWVHUmphSW5xaGdVbUxLSVhQRXcxUDBqdngzdWFsWWNlVkowcENLWkd2UXhIMUtn?oc=5\" target=\"_blank\" rel=\"nofollow noopener\">Trump \u00ab\u00a0tr\u00e8s m\u00e9content\u00a0\u00bb sur les Europ\u00e9ens: Zelensky en d\u00e9voile la raison<\/a>&nbsp;&nbsp;DHnet<\/li>\n<\/ol>\n","protected":false},"excerpt":{"rendered":"Trump exhorte les dirigeants europ\u00e9ens \u00e0 cesser d&rsquo;acheter le p\u00e9trole russe et \u00e0 faire pression sur la Chine&nbsp;&nbsp;Anadolu&hellip;\n","protected":false},"author":2,"featured_media":1445,"comment_status":"","ping_status":"","sticky":false,"template":"","format":"standard","meta":{"footnotes":""},"categories":[1586],"tags":[11,1777,674,1011,27,12,25],"class_list":{"0":"post-367096","1":"post","2":"type-post","3":"status-publish","4":"format-standard","5":"has-post-thumbnail","7":"category-europe","8":"tag-actualites","9":"tag-eu","10":"tag-europe","11":"tag-fr","12":"tag-france","13":"tag-news","14":"tag-republique-francaise"},"share_on_mastodon":{"url":"https:\/\/pubeurope.com\/@fr\/115149239967288201","error":""},"_links":{"self":[{"href":"https:\/\/www.europesays.com\/fr\/wp-json\/wp\/v2\/posts\/367096","targetHints":{"allow":["GET"]}}],"collection":[{"href":"https:\/\/www.europesays.com\/fr\/wp-json\/wp\/v2\/posts"}],"about":[{"href":"https:\/\/www.europesays.com\/fr\/wp-json\/wp\/v2\/types\/post"}],"author":[{"embeddable":true,"href":"https:\/\/www.europesays.com\/fr\/wp-json\/wp\/v2\/users\/2"}],"replies":[{"embeddable":true,"href":"https:\/\/www.europesays.com\/fr\/wp-json\/wp\/v2\/comments?post=367096"}],"version-history":[{"count":0,"href":"https:\/\/www.europesays.com\/fr\/wp-json\/wp\/v2\/posts\/367096\/revisions"}],"wp:featuredmedia":[{"embeddable":true,"href":"https:\/\/www.europesays.com\/fr\/wp-json\/wp\/v2\/media\/1445"}],"wp:attachment":[{"href":"https:\/\/www.europesays.com\/fr\/wp-json\/wp\/v2\/media?parent=367096"}],"wp:term":[{"taxonomy":"category","embeddable":true,"href":"https:\/\/www.europesays.com\/fr\/wp-json\/wp\/v2\/categories?post=367096"},{"taxonomy":"post_tag","embeddable":true,"href":"https:\/\/www.europesays.com\/fr\/wp-json\/wp\/v2\/tags?post=367096"}],"curies":[{"name":"wp","href":"https:\/\/api.w.org\/{rel}","templated":true}]}}