{"id":367097,"date":"2025-09-05T02:05:18","date_gmt":"2025-09-05T02:05:18","guid":{"rendered":"https:\/\/www.europesays.com\/fr\/367097\/"},"modified":"2025-09-05T02:05:18","modified_gmt":"2025-09-05T02:05:18","slug":"aujourdhui-lue-est-parvenue-a-tordre-le-bras-a-trump-selon-bernard-guetta-sur-rtl","status":"publish","type":"post","link":"https:\/\/www.europesays.com\/fr\/367097\/","title":{"rendered":"\u00ab\u00a0Aujourd&rsquo;hui, l&rsquo;UE est parvenue \u00e0 tordre le bras \u00e0 Trump\u00a0\u00bb, selon Bernard Guetta sur RTL"},"content":{"rendered":"<p class=\"article-p mdl\">\u00c0 l\u2019issue de la conf\u00e9rence de la \u00ab\u00a0coalition des volontaires\u00a0\u00bb qui se tenait \u00e0 l\u2019\u00c9lys\u00e9e ce jeudi 4 septembre en pr\u00e9sence du pr\u00e9sident ukrainien, 26 pays se sont engag\u00e9s \u00e0 \u00eatre pr\u00e9sents sur le sol, en mer ou dans les airs pour garantir la s\u00e9curit\u00e9 de l\u2019Ukraine en cas de cessez-le-feu.\u00a0<\/p>\n<p class=\"article-p mdl\">Une promesse qui constitue non seulement<a class=\"link\" href=\"https:\/\/www.rtl.fr\/actu\/international\/guerre-en-ukraine-macron-menace-la-russie-de-nouvelles-sanctions-en-lien-avec-les-etats-unis-7900537647\" target=\"_blank\" rel=\"noopener\"> une avanc\u00e9e majeure<\/a>, mais aussi une<strong> forte affirmation de l\u2019Europe vis-\u00e0-vis des \u00c9tats-Unis<\/strong>, selon Bernard Guetta, \u00ab\u00a0Nous avons r\u00e9ellement tordu le bras \u00e0 Trump pour qu&rsquo;il accepte qu&rsquo;il y ait des garanties de s\u00e9curit\u00e9 donn\u00e9es \u00e0 l&rsquo;Ukraine et surtout pour qu&rsquo;il accepte que les \u00c9tats-Unis participent \u00e0 ces garanties de s\u00e9curit\u00e9\u00a0\u00bb, s&rsquo;est enthousiasm\u00e9 l&rsquo;expert en Relations internationales sur RTL.\u00a0<\/p>\n<p>Des garanties am\u00e9ricaines qui <strong>restent toutefois incertaines<\/strong>, nuance-t-il, \u00ab\u00a0car, il est vrai, le d\u00e9bat demeure vif entre Europ\u00e9ens et Am\u00e9ricains sur le degr\u00e9 d\u2019implication des \u00c9tats-Unis dans ce processus\u00a0\u00bb. Depuis<a class=\"link\" href=\"https:\/\/www.rtl.fr\/actu\/international\/un-ogre-a-nos-portes-emmanuel-macron-exhorte-les-europeens-a-rester-vigilants-face-a-la-menace-russe-7900531707\" target=\"_blank\" rel=\"noopener\"> le 18 ao\u00fbt,<\/a>\u00a0 et la r\u00e9union \u00e0 la Maison blanche, cependant, \u00ab\u00a0le ton a chang\u00e9\u00a0\u00bb, assure-t-il encore.<\/p>\n<p>            Un filet de s\u00e9curit\u00e9 promis<\/p>\n<p class=\"article-p mdl\">\nAlors, quelle forme prendrait le filet de s\u00e9curit\u00e9 promis par les \u00c9tats-Unis \u00e0 l\u2019Ukraine ? \u00ab\u00a0Pour l\u2019heure, une chose reste assur\u00e9e : <strong>le maintien du soutien des \u00c9tats-Unis \u00e0 l\u2019Ukraine<\/strong> dans la fourniture du renseignement, notamment sur les lieux de bombardement russes\u00a0\u00bb, explique-t-il. Une aide strat\u00e9gique essentielle.\u00a0<\/p>\n<p class=\"article-p mdl\">Autre point de soutien : \u00ab\u00a0C&rsquo;est une probable participation des \u00c9tats-Unis au financement des armes am\u00e9ricaines \u00e0 destination de l&rsquo;Ukraine\u00a0\u00bb, souligne encore le d\u00e9put\u00e9 europ\u00e9en Renew. \u00ab\u00a0Je ne vous dis pas du que ce soit jou\u00e9, mais par rapport \u00e0 la situation de d\u00e9part,<strong> il y a un progr\u00e8s spectaculaire<\/strong>\u00ab\u00a0, ajoute Bernard Guetta.\u00a0<\/p>\n<p class=\"article-p mdl\">Selon lui, malgr\u00e9 les avanc\u00e9es de l\u2019arm\u00e9e russe, cette aide arrive encore \u00e0 temps, souligne-t-il en rappelant le contexte historique : \u00ab\u00a0Quand on pense que la guerre a commenc\u00e9 en 2022, ils n&rsquo;ont pratiquement pas avanc\u00e9 sur let terrain par rapport aux zones qu&rsquo;ils contr\u00f4laient d\u00e9j\u00e0 en Ukraine.\u00a0\u00bb<\/p>\n<p>Quant aux <strong>menaces prof\u00e9r\u00e9es par le Kremlin \u00e0 l\u2019encontre de l\u2019Europe<\/strong>, qui a \u00e9voqu\u00e9 le 3 septembre au soir \u00ab\u00a0des garanties de danger pour le continent europ\u00e9en\u00a0\u00bb, Bernard Guetta balaye cela d&rsquo;un revers de main : \u00ab\u00a0Vous croyez que s\u2019ils se trouvent r\u00e9ellement en face d\u2019un front de 26 pays plus les \u00c9tats-Unis, ils vont continuer \u00e0 menacer d&rsquo;envahir des pays de l&rsquo;Union europ\u00e9enne et de l&rsquo;OTAN et de l\u2019Alliance Atlantique ?\u00a0\u00bb s\u2019interroge-t-il. \u00ab\u00a0<strong>Je ne le crois pas une seconde<\/strong>.\u00a0\u00bb, conclut-il.<\/p>\n<p>    La r\u00e9daction vous recommande<\/p>\n<p class=\"s-newsletter__title\">\n                L\u2019actualit\u00e9 par la r\u00e9daction de RTL dans votre bo\u00eete mail.\n            <\/p>\n<p class=\"s-newsletter__subtitle\">\n                Gr\u00e2ce \u00e0 votre compte RTL abonnez-vous \u00e0 la newsletter RTL info pour suivre toute l&rsquo;actualit\u00e9 au quotidien\n            <\/p>\n<p>\n                                    Lire la suite\n                                <\/p>\n","protected":false},"excerpt":{"rendered":"\u00c0 l\u2019issue de la conf\u00e9rence de la \u00ab\u00a0coalition des volontaires\u00a0\u00bb qui se tenait \u00e0 l\u2019\u00c9lys\u00e9e ce jeudi 4&hellip;\n","protected":false},"author":2,"featured_media":367098,"comment_status":"","ping_status":"","sticky":false,"template":"","format":"standard","meta":{"footnotes":""},"categories":[1586],"tags":[11,1073,73,1777,674,1779,107,1011,27,131,12,362,361,360,25,132,1778,220,364],"class_list":{"0":"post-367097","1":"post","2":"type-post","3":"status-publish","4":"format-standard","5":"has-post-thumbnail","7":"category-europe","8":"tag-actualites","9":"tag-emmanuel-macron","10":"tag-etats-unis","11":"tag-eu","12":"tag-europe","13":"tag-european-union","14":"tag-fil-info","15":"tag-fr","16":"tag-france","17":"tag-guerre-en-ukraine","18":"tag-news","19":"tag-replay","20":"tag-replay-a-la-une","21":"tag-replay-integral","22":"tag-republique-francaise","23":"tag-russie","24":"tag-ue","25":"tag-ukraine","26":"tag-union-europeenne"},"share_on_mastodon":{"url":"https:\/\/pubeurope.com\/@fr\/115149243944890211","error":""},"_links":{"self":[{"href":"https:\/\/www.europesays.com\/fr\/wp-json\/wp\/v2\/posts\/367097","targetHints":{"allow":["GET"]}}],"collection":[{"href":"https:\/\/www.europesays.com\/fr\/wp-json\/wp\/v2\/posts"}],"about":[{"href":"https:\/\/www.europesays.com\/fr\/wp-json\/wp\/v2\/types\/post"}],"author":[{"embeddable":true,"href":"https:\/\/www.europesays.com\/fr\/wp-json\/wp\/v2\/users\/2"}],"replies":[{"embeddable":true,"href":"https:\/\/www.europesays.com\/fr\/wp-json\/wp\/v2\/comments?post=367097"}],"version-history":[{"count":0,"href":"https:\/\/www.europesays.com\/fr\/wp-json\/wp\/v2\/posts\/367097\/revisions"}],"wp:featuredmedia":[{"embeddable":true,"href":"https:\/\/www.europesays.com\/fr\/wp-json\/wp\/v2\/media\/367098"}],"wp:attachment":[{"href":"https:\/\/www.europesays.com\/fr\/wp-json\/wp\/v2\/media?parent=367097"}],"wp:term":[{"taxonomy":"category","embeddable":true,"href":"https:\/\/www.europesays.com\/fr\/wp-json\/wp\/v2\/categories?post=367097"},{"taxonomy":"post_tag","embeddable":true,"href":"https:\/\/www.europesays.com\/fr\/wp-json\/wp\/v2\/tags?post=367097"}],"curies":[{"name":"wp","href":"https:\/\/api.w.org\/{rel}","templated":true}]}}