{"id":367099,"date":"2025-09-05T02:06:15","date_gmt":"2025-09-05T02:06:15","guid":{"rendered":"https:\/\/www.europesays.com\/fr\/367099\/"},"modified":"2025-09-05T02:06:15","modified_gmt":"2025-09-05T02:06:15","slug":"gap-devenue-blanche-comme-neige-apres-un-orage-supercellulaire-des-images-impressionnantes","status":"publish","type":"post","link":"https:\/\/www.europesays.com\/fr\/367099\/","title":{"rendered":"Gap devenue blanche comme neige apr\u00e8s un orage supercellulaire, des images impressionnantes"},"content":{"rendered":"<p>        <img decoding=\"async\" loading=\"lazy\" src=\"https:\/\/www.europesays.com\/fr\/wp-content\/uploads\/2025\/09\/40494cf_upload-1-dteptfgdujf6-g0a-norwoa4-rwe.jfif.jpeg\"  width=\"728\" height=\"409\" alt=\"Un orage supercellulaire a frapp\u00e9 Gap ce jeudi 4\u00a0septembre au soir.\"\/>  <\/p>\n<p>Facebook M\u00e9t\u00e9o Alpes-Durance<\/p>\n<p>Un orage supercellulaire a frapp\u00e9 Gap ce jeudi 4\u00a0septembre au soir.<\/p>\n<p class=\"asset asset-text\">INTEMP\u00c9RIES &#8211; Un manteau blanc recouvre cette ville des Hautes-Alpes. Un<a href=\"https:\/\/www.huffingtonpost.fr\/france\/article\/qu-est-ce-que-l-orage-supercellulaire-qui-a-frappe-le-puy-de-dome-dimanche_250804.html\" target=\"_blank\" rel=\"noopener\"> orage supercellulaire<\/a>, le \u00ab\u00a0type d\u2019orage isol\u00e9 le plus violent et le plus d\u00e9vastateur\u00a0\u00bb d\u2019apr\u00e8s M\u00e9t\u00e9o France, a frapp\u00e9 Gap ce jeudi 4\u00a0septembre au soir. En plus des \u00e9clairs, une forte gr\u00eale a recouvert le sol et des inondations ont \u00e9t\u00e9 observ\u00e9es.<\/p>\n<p class=\"asset asset-text\">\u00ab\u00a0L\u2019orage est arriv\u00e9 par le Bu\u00ebch pour atteindre ensuite Gap et filer vers Chorges\u00a0\u00bb, explique le quotidien <a href=\"https:\/\/www.ledauphine.com\/environnement\/2025\/09\/04\/orages-grele-et-inondations-sur-l-ouest-du-departement\" target=\"_blank\" rel=\"noopener\" title=\"Nouvelle fen\u00eatre\">Le Dauphin\u00e9 Lib\u00e9r\u00e9<\/a>, qui rel\u00e8ve de \u00ab\u00a0gros d\u00e9g\u00e2ts\u00a0\u00bb \u00e0 Gap. Nos confr\u00e8res expliquent que le plafond d\u2019un coll\u00e8ge est tomb\u00e9 et que plusieurs magasins inond\u00e9s ont d\u00fb fermer leur porte.<\/p>\n<p class=\"asset asset-text\">Au passage de l\u2019orage, \u00ab\u00a0c\u2019\u00e9tait un d\u00e9luge de gr\u00eale et de fortes rafales de vent jusqu\u2019\u00e0 90\u00a0km\/h\u00a0!\u00a0\u00bb, s\u2019exclame le m\u00e9t\u00e9orologue Paul Marquis, sur son compte X (ex-Twitter).<\/p>\n<p>    Manteau blanc et inondations    <\/p>\n<p class=\"asset asset-text\">Les photos partag\u00e9es sur les r\u00e9seaux sociaux sont presque irr\u00e9elles\u00a0: Gap semble recouverte d\u2019un manteau de neige en cette fin d\u2019\u00e9t\u00e9.<\/p>\n<p> La lecture de ce contenu est susceptible d\u2019entra\u00eener un d\u00e9p\u00f4t de cookies de la part de l\u2019op\u00e9rateur tiers qui l\u2019h\u00e9berge. Compte-tenu des choix que vous avez exprim\u00e9s en mati\u00e8re de d\u00e9p\u00f4t de cookies, nous avons bloqu\u00e9 l\u2019affichage de ce contenu. Si vous souhaitez y acc\u00e9der, vous devez accepter la cat\u00e9gorie de cookies \u201cContenus tiers\u201d en cliquant sur le bouton ci-dessous. <\/p>\n<p> Lire la Vid\u00e9o        <\/p>\n<p class=\"asset asset-text\">Le compte X \u00ab\u00a0vigiprevention_m\u00e9t\u00e9o\u00a0\u00bb indique que \u00ab\u00a0la circulation est extr\u00eamement difficile pour acc\u00e9der aux cols\u00a0\u00bb apr\u00e8s ces intemp\u00e9ries. Et les pompiers expliquent \u00e0 l\u2019AFP avoir r\u00e9alis\u00e9 une cinquantaine d\u2019interventions dans le sud des Hautes-Alpes en raison notamment des inondations.<\/p>\n<p> La lecture de ce contenu est susceptible d\u2019entra\u00eener un d\u00e9p\u00f4t de cookies de la part de l\u2019op\u00e9rateur tiers qui l\u2019h\u00e9berge. Compte-tenu des choix que vous avez exprim\u00e9s en mati\u00e8re de d\u00e9p\u00f4t de cookies, nous avons bloqu\u00e9 l\u2019affichage de ce contenu. Si vous souhaitez y acc\u00e9der, vous devez accepter la cat\u00e9gorie de cookies \u201cContenus tiers\u201d en cliquant sur le bouton ci-dessous. <\/p>\n<p> Lire la Vid\u00e9o           <\/p>\n<p> La lecture de ce contenu est susceptible d\u2019entra\u00eener un d\u00e9p\u00f4t de cookies de la part de l\u2019op\u00e9rateur tiers qui l\u2019h\u00e9berge. Compte-tenu des choix que vous avez exprim\u00e9s en mati\u00e8re de d\u00e9p\u00f4t de cookies, nous avons bloqu\u00e9 l\u2019affichage de ce contenu. Si vous souhaitez y acc\u00e9der, vous devez accepter la cat\u00e9gorie de cookies \u201cContenus tiers\u201d en cliquant sur le bouton ci-dessous. <\/p>\n<p> Lire la Vid\u00e9o        <\/p>\n<p class=\"asset asset-text\">Dans la ville pr\u00e9fecture haut-alpine, il est tomb\u00e9 33\u00a0mm de pluie en m\u00eame pas une demi-heure. Ce qui fait dire au m\u00e9t\u00e9orologue Paul Marquis que \u00ab\u00a0la ville de Gap vient de vivre son orage le plus intense depuis le 14\u00a0septembre\u00a02022.\u00a0\u00bb<\/p>\n<p>    Au moins 1500\u00a0foyers sans \u00e9lectricit\u00e9    <\/p>\n<p class=\"asset asset-text\">Outre Gap, de forts orages accompagn\u00e9s de pluies diluviennes et de gr\u00eale ont secou\u00e9 plus largement le centre et sud-est de la France jeudi apr\u00e8s-midi et priv\u00e9 plus d\u2019un millier de foyers d\u2019\u00e9lectricit\u00e9, selon le gestionnaire de r\u00e9seau Enedis. Pr\u00e8s de 1\u00a0200 foyers restent priv\u00e9s d\u2019\u00e9lectricit\u00e9 jeudi soir dans la Dr\u00f4me, et moins de 300 en Ard\u00e8che, a indiqu\u00e9 le gestionnaire, sans pr\u00e9ciser de d\u00e9lai pour le r\u00e9tablissement du r\u00e9seau \u00e9lectrique.<\/p>\n<p class=\"asset asset-text\">Le trafic ferroviaire sur l\u2019axe Valence-Lyon est perturb\u00e9 apr\u00e8s qu\u2019un impact de foudre \u00ab\u00a0a endommag\u00e9 la cat\u00e9naire et des \u00e9l\u00e9ments de l\u2019infrastructure\u00a0\u00bb en fin de journ\u00e9e, selon la SNCF, qui pr\u00e9cise que \u00ab\u00a0les r\u00e9parations vont \u00eatre effectu\u00e9es ce soir\u00a0\u00bb.<\/p>\n<p class=\"asset asset-text\">La Dr\u00f4me et l\u2019Is\u00e8re \u00e9taient plac\u00e9es jeudi en vigilance orange jusqu\u2019\u00e0 20\u00a0h, et l\u2019Ard\u00e8che jusqu\u2019\u00e0 18\u00a0h, pour des orages \u00ab\u00a0tr\u00e8s forts\u00a0\u00bb accompagn\u00e9s d\u2019une \u00ab\u00a0forte activit\u00e9 \u00e9lectrique\u00a0\u00bb, de gr\u00eale et de pluies diluviennes, selon M\u00e9t\u00e9o-France.\u00a0Plus de 100\u00a0mm de cumuls de pr\u00e9cipitations ont \u00e9t\u00e9 relev\u00e9s dans la Dr\u00f4me et jusqu\u2019\u00e0 60\u00a0mm en Is\u00e8re et en Ard\u00e8che, selon le bulletin de M\u00e9t\u00e9o-France publi\u00e9 \u00e0 20\u00a0h.<\/p>\n","protected":false},"excerpt":{"rendered":"Facebook M\u00e9t\u00e9o Alpes-Durance Un orage supercellulaire a frapp\u00e9 Gap ce jeudi 4\u00a0septembre au soir. INTEMP\u00c9RIES &#8211; Un manteau&hellip;\n","protected":false},"author":2,"featured_media":367100,"comment_status":"","ping_status":"","sticky":false,"template":"","format":"standard","meta":{"footnotes":""},"categories":[2],"tags":[11,1011,27,1085,40824,2487,2357,12,4594,25],"class_list":{"0":"post-367099","1":"post","2":"type-post","3":"status-publish","4":"format-standard","5":"has-post-thumbnail","7":"category-actualites","8":"tag-actualites","9":"tag-fr","10":"tag-france","11":"tag-gap","12":"tag-innondation","13":"tag-meteo","14":"tag-meteo-france","15":"tag-news","16":"tag-orages","17":"tag-republique-francaise"},"share_on_mastodon":{"url":"https:\/\/pubeurope.com\/@fr\/115149248183516687","error":""},"_links":{"self":[{"href":"https:\/\/www.europesays.com\/fr\/wp-json\/wp\/v2\/posts\/367099","targetHints":{"allow":["GET"]}}],"collection":[{"href":"https:\/\/www.europesays.com\/fr\/wp-json\/wp\/v2\/posts"}],"about":[{"href":"https:\/\/www.europesays.com\/fr\/wp-json\/wp\/v2\/types\/post"}],"author":[{"embeddable":true,"href":"https:\/\/www.europesays.com\/fr\/wp-json\/wp\/v2\/users\/2"}],"replies":[{"embeddable":true,"href":"https:\/\/www.europesays.com\/fr\/wp-json\/wp\/v2\/comments?post=367099"}],"version-history":[{"count":0,"href":"https:\/\/www.europesays.com\/fr\/wp-json\/wp\/v2\/posts\/367099\/revisions"}],"wp:featuredmedia":[{"embeddable":true,"href":"https:\/\/www.europesays.com\/fr\/wp-json\/wp\/v2\/media\/367100"}],"wp:attachment":[{"href":"https:\/\/www.europesays.com\/fr\/wp-json\/wp\/v2\/media?parent=367099"}],"wp:term":[{"taxonomy":"category","embeddable":true,"href":"https:\/\/www.europesays.com\/fr\/wp-json\/wp\/v2\/categories?post=367099"},{"taxonomy":"post_tag","embeddable":true,"href":"https:\/\/www.europesays.com\/fr\/wp-json\/wp\/v2\/tags?post=367099"}],"curies":[{"name":"wp","href":"https:\/\/api.w.org\/{rel}","templated":true}]}}