{"id":367118,"date":"2025-09-05T02:19:14","date_gmt":"2025-09-05T02:19:14","guid":{"rendered":"https:\/\/www.europesays.com\/fr\/367118\/"},"modified":"2025-09-05T02:19:14","modified_gmt":"2025-09-05T02:19:14","slug":"cette-maison-prefabriquee-reinterprete-une-icone-de-larchitecture-moderne","status":"publish","type":"post","link":"https:\/\/www.europesays.com\/fr\/367118\/","title":{"rendered":"Cette maison pr\u00e9fabriqu\u00e9e r\u00e9interpr\u00e8te une ic\u00f4ne de l\u2019architecture moderne"},"content":{"rendered":"<p>Le premier exemple est Case Study Tini 01, un refuge de 150 m\u00e8tres carr\u00e9s install\u00e9 sur un terrain d\u2019un hectare \u00e0 S\u00e9govie, en <a href=\"https:\/\/www.admagazine.fr\/article\/espagne-55-m2-transform%C3%A9-oasis-m%C3%A9diterran%C3%A9enne-zen\" rel=\"nofollow noopener\" target=\"_blank\">Espagne<\/a>, marqu\u00e9 par sa terre rouge et sa for\u00eat de ch\u00eanes. \u00ab Dans ce projet, le design est n\u00e9 du lieu. Le terrain, avec ses ravines rouge\u00e2tres, ses ch\u00eanes matures et sa topographie prononc\u00e9e, exigeait une architecture qui ne concurrence pas le paysage, mais s\u2019y fonde. C\u2019est pourquoi la maison principale utilise une fa\u00e7ade en Viroc rouge [panneau composite de particules de bois et de ciment], qui se fond dans les tons environnants. Les murs blanchis \u00e0 la chaux cr\u00e9ent des cours int\u00e9rieures et des zones de transition o\u00f9 poussent figuiers et <a href=\"https:\/\/www.admagazine.fr\/article\/plantes-toxiques-mortelles-bannir-chez-soi\" rel=\"nofollow noopener\" target=\"_blank\">lauriers roses<\/a>. Une v\u00e9g\u00e9tation locale, fra\u00eeche et myst\u00e9rieuse, qui transforme chaque seuil en une exp\u00e9rience \u00bb, explique Tini Living.<\/p>\n<p>Fauteuils et tabourets de Boca Concept.<\/p>\n<p>Paco Mar\u00edn<\/p>\n<p>Malgr\u00e9 cet environnement champ\u00eatre, l\u2019espace est class\u00e9 comme terrain urbain : \u00ab L\u2019industrialisation ou la pr\u00e9fabrication concerne le syst\u00e8me de construction utilis\u00e9 et non la r\u00e9glementation. Par cons\u00e9quent, les permis n\u00e9cessaires sont les m\u00eames que pour une construction \u201ctraditionnelle\u201d \u00bb, pr\u00e9cisent les responsables de Tini Living.<\/p>\n<p>Ce sont pr\u00e9cis\u00e9ment ces autorisations qui peuvent ralentir ce type de b\u00e2timent, dont les d\u00e9lais de conception, de <a href=\"https:\/\/www.admagazine.fr\/galerie\/11-constructions-pise-nature\" rel=\"nofollow noopener\" target=\"_blank\">construction<\/a> et d\u2019installation sont fixes. Ceux-ci sont respectivement d\u2019un mois, 210 jours et deux semaines. Au total, moins de neuf mois s\u2019\u00e9coulent entre la naissance de l\u2019id\u00e9e et la construction de la maison (plus le temps n\u00e9cessaire \u00e0 l\u2019administration pour d\u00e9livrer les autorisations requises).<\/p>\n<p>Canap\u00e9 sign\u00e9 Pummba.<\/p>\n<p>Paco Mar\u00edn<\/p>\n","protected":false},"excerpt":{"rendered":"Le premier exemple est Case Study Tini 01, un refuge de 150 m\u00e8tres carr\u00e9s install\u00e9 sur un terrain&hellip;\n","protected":false},"author":2,"featured_media":367119,"comment_status":"","ping_status":"","sticky":false,"template":"","format":"standard","meta":{"footnotes":""},"categories":[1358],"tags":[1348,1384,1385,1386,58,59,1011,27,46457],"class_list":{"0":"post-367118","1":"post","2":"type-post","3":"status-publish","4":"format-standard","5":"has-post-thumbnail","7":"category-arts-et-design","8":"tag-arts","9":"tag-arts-and-design","10":"tag-arts-et-design","11":"tag-design","12":"tag-divertissement","13":"tag-entertainment","14":"tag-fr","15":"tag-france","16":"tag-maison-prefabriquee"},"share_on_mastodon":{"url":"https:\/\/pubeurope.com\/@fr\/115149299039722766","error":""},"_links":{"self":[{"href":"https:\/\/www.europesays.com\/fr\/wp-json\/wp\/v2\/posts\/367118","targetHints":{"allow":["GET"]}}],"collection":[{"href":"https:\/\/www.europesays.com\/fr\/wp-json\/wp\/v2\/posts"}],"about":[{"href":"https:\/\/www.europesays.com\/fr\/wp-json\/wp\/v2\/types\/post"}],"author":[{"embeddable":true,"href":"https:\/\/www.europesays.com\/fr\/wp-json\/wp\/v2\/users\/2"}],"replies":[{"embeddable":true,"href":"https:\/\/www.europesays.com\/fr\/wp-json\/wp\/v2\/comments?post=367118"}],"version-history":[{"count":0,"href":"https:\/\/www.europesays.com\/fr\/wp-json\/wp\/v2\/posts\/367118\/revisions"}],"wp:featuredmedia":[{"embeddable":true,"href":"https:\/\/www.europesays.com\/fr\/wp-json\/wp\/v2\/media\/367119"}],"wp:attachment":[{"href":"https:\/\/www.europesays.com\/fr\/wp-json\/wp\/v2\/media?parent=367118"}],"wp:term":[{"taxonomy":"category","embeddable":true,"href":"https:\/\/www.europesays.com\/fr\/wp-json\/wp\/v2\/categories?post=367118"},{"taxonomy":"post_tag","embeddable":true,"href":"https:\/\/www.europesays.com\/fr\/wp-json\/wp\/v2\/tags?post=367118"}],"curies":[{"name":"wp","href":"https:\/\/api.w.org\/{rel}","templated":true}]}}