{"id":367120,"date":"2025-09-05T02:20:23","date_gmt":"2025-09-05T02:20:23","guid":{"rendered":"https:\/\/www.europesays.com\/fr\/367120\/"},"modified":"2025-09-05T02:20:23","modified_gmt":"2025-09-05T02:20:23","slug":"un-nouveau-livre-sur-hayao-miyazaki-chez-ynnis-04-septembre-2025","status":"publish","type":"post","link":"https:\/\/www.europesays.com\/fr\/367120\/","title":{"rendered":"Un nouveau livre sur Hayao Miyazaki chez Ynnis, 04 Septembre 2025"},"content":{"rendered":"<p style=\"text-align: justify;\">Le mois prochain, un nouveau livre consacr\u00e9 \u00e0 l&rsquo;illustre <a href=\"https:\/\/www.manga-news.com\/index.php\/auteur\/MIYAZAKI-Hayao\" target=\"_blank\" rel=\"noopener\">Hayao Miyazaki<\/a> sortira au \u00e9ditions <strong>Ynnis<\/strong>.<\/p>\n<p style=\"text-align: justify;\">Pr\u00e9vu le <strong>15 octobre<\/strong> au prix de <strong>38\u20ac<\/strong>, dans un format \u00ab\u00a0beau livre\u00a0\u00bb de 21x26cm, <strong><a href=\"https:\/\/www.manga-news.com\/index.php\/serie\/Mondes-de-Hayao-Miyazaki-Les\" target=\"_blank\" rel=\"noopener\">Les mondes de Hayao Miyazaki<\/a><\/strong> est un guide de 224 pages dans lequel l&rsquo;auteur <strong><a href=\"https:\/\/www.manga-news.com\/index.php\/auteur\/Nicolas-RAPOLD\" target=\"_blank\" rel=\"noopener\">Nicolas Rapold<\/a><\/strong> proposera de d\u00e9couvrir les sources d&rsquo;inspiration du l\u00e9gendaire cr\u00e9ateur.<\/p>\n<p style=\"text-align: center;\"><img decoding=\"async\" src=\"https:\/\/www.europesays.com\/fr\/wp-content\/uploads\/2025\/09\/Les_Mondes_de_Hayao_Miyazaki_-_Ynnis.webp.webp\" alt=\"\" style=\"width: 100%; max-width: 516px; height: auto; max-height: 746px;\"\/><\/p>\n<p style=\"text-align: justify;\">Pr\u00e9sentation :<\/p>\n<p style=\"text-align: justify;\">Mon voisin Totoro, Le Voyage de Chihiro, Princesse Mononok\u00e9&#8230; Toutes ces \u0153uvres sont autant de films inoubliables qui ont captiv\u00e9 le public du monde entier. Les longs m\u00e9trages de Hayao Miyazaki ont marqu\u00e9 durablement l&rsquo;histoire du cin\u00e9ma d&rsquo;animation. Au fil des pages de ce livre, partez pour un voyage \u00e0 travers les sources d&rsquo;inspiration du r\u00e9alisateur de g\u00e9nie. Du folklore japonais aux souvenirs d&rsquo;enfance de l&rsquo;animateur, de l&rsquo;architecture europ\u00e9enne aux grands classiques du cin\u00e9ma, en passant par les \u00e9v\u00e9nements politiques du xxe si\u00e8cle, vous verrez comment la vision de Hayao Miyazaki lui a permis de cr\u00e9er des mondes aussi fantastiques que r\u00e9alistes et aux th\u00e9matiques centrales telles que l&rsquo;enfance, la nature ou la r\u00e9sistance. Que vous soyez fan ou cin\u00e9phile, vous y d\u00e9couvrirez un riche m\u00e9lange des influences culturelles, historiques et artistiques qui fa\u00e7onn\u00e9 l&rsquo;univers narratif du cofondateur du mythique studio Ghibli, qui a fait r\u00eaver des g\u00e9n\u00e9rations d&rsquo;enfants, petits ou grands.<\/p>\n","protected":false},"excerpt":{"rendered":"Le mois prochain, un nouveau livre consacr\u00e9 \u00e0 l&rsquo;illustre Hayao Miyazaki sortira au \u00e9ditions Ynnis. Pr\u00e9vu le 15&hellip;\n","protected":false},"author":2,"featured_media":367121,"comment_status":"","ping_status":"","sticky":false,"template":"","format":"standard","meta":{"footnotes":""},"categories":[1357],"tags":[1111,47,2566,1379,58,59,1011,27,1922,1380,6681,6683,2567,6682,1404,50149],"class_list":{"0":"post-367120","1":"post","2":"type-post","3":"status-publish","4":"format-standard","5":"has-post-thumbnail","7":"category-livres","8":"tag-actu","9":"tag-actualite","10":"tag-anime","11":"tag-books","12":"tag-divertissement","13":"tag-entertainment","14":"tag-fr","15":"tag-france","16":"tag-info","17":"tag-livres","18":"tag-manga","19":"tag-manga-news","20":"tag-manga-news-com","21":"tag-mangas","22":"tag-quotidien","23":"tag-un-nouveau-livre-sur-hayao-miyazaki-chez-ynnis"},"share_on_mastodon":{"url":"https:\/\/pubeurope.com\/@fr\/115149302938697378","error":""},"_links":{"self":[{"href":"https:\/\/www.europesays.com\/fr\/wp-json\/wp\/v2\/posts\/367120","targetHints":{"allow":["GET"]}}],"collection":[{"href":"https:\/\/www.europesays.com\/fr\/wp-json\/wp\/v2\/posts"}],"about":[{"href":"https:\/\/www.europesays.com\/fr\/wp-json\/wp\/v2\/types\/post"}],"author":[{"embeddable":true,"href":"https:\/\/www.europesays.com\/fr\/wp-json\/wp\/v2\/users\/2"}],"replies":[{"embeddable":true,"href":"https:\/\/www.europesays.com\/fr\/wp-json\/wp\/v2\/comments?post=367120"}],"version-history":[{"count":0,"href":"https:\/\/www.europesays.com\/fr\/wp-json\/wp\/v2\/posts\/367120\/revisions"}],"wp:featuredmedia":[{"embeddable":true,"href":"https:\/\/www.europesays.com\/fr\/wp-json\/wp\/v2\/media\/367121"}],"wp:attachment":[{"href":"https:\/\/www.europesays.com\/fr\/wp-json\/wp\/v2\/media?parent=367120"}],"wp:term":[{"taxonomy":"category","embeddable":true,"href":"https:\/\/www.europesays.com\/fr\/wp-json\/wp\/v2\/categories?post=367120"},{"taxonomy":"post_tag","embeddable":true,"href":"https:\/\/www.europesays.com\/fr\/wp-json\/wp\/v2\/tags?post=367120"}],"curies":[{"name":"wp","href":"https:\/\/api.w.org\/{rel}","templated":true}]}}