{"id":367139,"date":"2025-09-05T02:30:22","date_gmt":"2025-09-05T02:30:22","guid":{"rendered":"https:\/\/www.europesays.com\/fr\/367139\/"},"modified":"2025-09-05T02:30:22","modified_gmt":"2025-09-05T02:30:22","slug":"gerard-depardieu-accuse-de-viols-la-main-dans-la-culotte-un-recit-glacant-apres-un-rebondissement-judiciaire","status":"publish","type":"post","link":"https:\/\/www.europesays.com\/fr\/367139\/","title":{"rendered":"G\u00e9rard Depardieu accus\u00e9 de viols : \u201cla main dans la culotte\u2026\u201d, un r\u00e9cit gla\u00e7ant apr\u00e8s un rebondissement judiciaire"},"content":{"rendered":"<p>Mis en examen en 2020 pour viol et agression sexuelle sur la<br \/>\ncom\u00e9dienne Charlotte Arnould, G\u00e9rard Depardieu sera jug\u00e9 devant la<br \/>\ncour criminelle d\u00e9partementale pour des faits remontant \u00e0 2018.<\/p>\n<p>Invit\u00e9e sur le plateau de C \u00e0 vous ce 4 septembre, la<br \/>\n<a href=\"https:\/\/www.closermag.fr\/people\/anorexie-boulimie-les-symptomes-terrifiants-de-charlotte-arnould-qui-accuse-gerard-depardieu-de-viol-1722451\" target=\"_blank\" rel=\"noopener\"><br \/>\njeune femme<\/a> a partag\u00e9 son<br \/>\n\u00ab\u00a0<strong>soulagement<\/strong>\u00a0\u00bb concernant cette d\u00e9cision.<br \/>\nSon avocate, Me Carine Durrieu Diebolt, a racont\u00e9 les gestes<br \/>\npr\u00e9sum\u00e9s de l\u2019acteur, que l\u2019on voit selon elle sur des images de<br \/>\n<strong>vid\u00e9os surveillance<\/strong>.<\/p>\n<p>Affaire Depardieu\u00a0: l\u2019avocat de l\u2019acteur attaque Charlotte<br \/>\nArnould apr\u00e8s une nouvelle d\u00e9cision de justice<\/p>\n<p>Charlotte Arnould a accus\u00e9 <a href=\"https:\/\/www.closermag.fr\/people\/une-forme-de-verite-laffaire-gerard-depardieu-rebondit-une-nouvelle-fois-sept-ans-apres-les-viols-presumes-3575111\" target=\"_blank\" rel=\"noopener\"><br \/>\nG\u00e9rard Depardieu<\/a> de <strong>viol<\/strong> et agression<br \/>\nsexuelle, pour des faits remontants \u00e0 2018. Ce 2<br \/>\nseptembre,\u00a0l\u2019acteur a \u00e9t\u00e9 renvoy\u00e9 devant la <strong>cour<br \/>\ncriminelle de Paris\u00a0<\/strong>pour viols sur la com\u00e9dienne, qui<br \/>\n\u00e9tait \u00e2g\u00e9e de 23 ans \u00e0 l\u2019\u00e9poque. Invit\u00e9e ce 4 septembre dans C<br \/>\n\u00e0 vous, la jeune femme n\u2019a pas cach\u00e9 son soulagement et s\u2019est<br \/>\nmontr\u00e9e confiante, bien que l\u2019avocat du com\u00e9dien cherche \u00e0<br \/>\n\u00ab\u00a0<strong>an\u00e9antir<\/strong>\u00a0\u00bb selon elle. Le soir-m\u00eame, ce<br \/>\ndernier a annonc\u00e9 qu&rsquo;il allait faire appel. J\u00e9r\u00e9mie Assous \u00e9tait<br \/>\ninvit\u00e9 sur Franceinfo ce 3 septembre, a d\u00e9nonc\u00e9 des \u00e9l\u00e9ments<br \/>\n\u00ab\u00a0inexacts\u00a0\u00bb et a mis en cause\u00a0\u00ab\u00a0la<br \/>\npersonnalit\u00e9\u00a0\u00bb de Charlotte Arnould.<\/p>\n<p>Selon lui, sur les images de vid\u00e9osurveillance, on voit la<br \/>\n<a href=\"https:\/\/www.closermag.fr\/people\/gerard-depardieu-accuse-de-viol-qui-est-charlotte-arnould-jeune-comedienne-et-victime-presumee-1469871\" target=\"_blank\" rel=\"noopener\"><br \/>\nplaignante<\/a> \u00e0 l&rsquo;h\u00f4tel particulier de <a href=\"https:\/\/www.closermag.fr\/people\/gerard-depardieu-le-predateur-supreme-une-grande-chanteuse-ne-mache-pas-ses-mots-3571423\" target=\"_blank\" rel=\"noopener\"><br \/>\nl&rsquo;acteur<\/a> \u00ab\u00a0qui sourit, qui rigole, qui va se faire un caf\u00e9,<br \/>\nqui l&#8217;embrasse pendant de longues secondes\u00a0\u00bb. \u00ab\u00a0Quand on<br \/>\nregarde les vid\u00e9os, <strong>elle est tout sauf<br \/>\nt\u00e9tanis\u00e9e<\/strong>\u00a0\u00bb a d\u00e9clar\u00e9 l\u2019avocat de G\u00e9rard Depardieu.<br \/>\nDes propos qui ont choqu\u00e9 Charlotte Arnould.<\/p>\n<blockquote class=\"twitter-tweet\"><p><a class=\"twitter-link\" rel=\"noindex, nofollow noopener\" href=\"https:\/\/twitter.com\/cavousf5\/status\/1963676343826084140\" target=\"_blank\"><\/p><\/blockquote>\n<p>Affaire Depardieu\u00a0: le r\u00e9cit<br \/>\ngla\u00e7ant de Charlotte Arnould concernant son viol pr\u00e9sum\u00e9<\/p>\n<p>Dans C \u00e0 vous, l\u2019avocate de <a href=\"https:\/\/www.closermag.fr\/people\/je-sais-pas-quoi-dire-laccusatrice-de-gerard-depardieu-charlotte-arnould-perd-ses-mots-face-a-marc-olivier-fogiel-3575259\" target=\"_blank\" rel=\"noopener\"><br \/>\nCharlotte Arnould<\/a> a tenu \u00e0 rappeler le contexte de cette<br \/>\nrencontre avec G\u00e9rard Depardieu et de sa cliente. \u00ab\u00a0C&rsquo;est un ami<br \/>\nde la famille, c&rsquo;est un ami du p\u00e8re de Charlotte Arnoux qu&rsquo;elle<br \/>\nconna\u00eet depuis qu&rsquo;elle est toute petite. Elle vient \u00e0 son domicile<br \/>\nsur son invitation, comme n&rsquo;importe qui, comme n&rsquo;importe quelle<br \/>\njeune fille peut venir chez l&rsquo;ami de son p\u00e8re. Moi je l&rsquo;ai fait<br \/>\nquand j&rsquo;\u00e9tais jeune fille. J&rsquo;ai pas pens\u00e9 un instant que l&rsquo;ami de<br \/>\nmon p\u00e8re allait mettre <strong>sa main dans ma culotte au bout de<br \/>\n15 minutes<\/strong>\u00a0\u00bb a lanc\u00e9 Me Carine Durrieu Diebolt.<\/p>\n<p>L\u2019avocate a ensuite ajout\u00e9 : <strong>\u00ab\u00a0<\/strong>Parce que<br \/>\nc&rsquo;est \u00e7a. Et heureusement dans les vid\u00e9os, on a le timing. Donc on<br \/>\nsait qu&rsquo;au bout de 15 minutes, <strong>il met sa main dans la<br \/>\nculotte de Charlotte Arnould<\/strong>. Pardon, mais c&rsquo;est la<br \/>\nr\u00e9alit\u00e9 des faits\u00a0\u00bb.\u00a0<\/p>\n<p><script async src=\"https:\/\/platform.twitter.com\/widgets.js\" charset=\"utf-8\"><\/script><\/p>\n","protected":false},"excerpt":{"rendered":"Mis en examen en 2020 pour viol et agression sexuelle sur la com\u00e9dienne Charlotte Arnould, G\u00e9rard Depardieu sera&hellip;\n","protected":false},"author":2,"featured_media":367140,"comment_status":"","ping_status":"","sticky":false,"template":"","format":"standard","meta":{"footnotes":""},"categories":[4],"tags":[11,548,1011,27,302,12,25],"class_list":{"0":"post-367139","1":"post","2":"type-post","3":"status-publish","4":"format-standard","5":"has-post-thumbnail","7":"category-france","8":"tag-actualites","9":"tag-article-simple","10":"tag-fr","11":"tag-france","12":"tag-gerard-depardieu","13":"tag-news","14":"tag-republique-francaise"},"share_on_mastodon":{"url":"https:\/\/pubeurope.com\/@fr\/115149342166189837","error":""},"_links":{"self":[{"href":"https:\/\/www.europesays.com\/fr\/wp-json\/wp\/v2\/posts\/367139","targetHints":{"allow":["GET"]}}],"collection":[{"href":"https:\/\/www.europesays.com\/fr\/wp-json\/wp\/v2\/posts"}],"about":[{"href":"https:\/\/www.europesays.com\/fr\/wp-json\/wp\/v2\/types\/post"}],"author":[{"embeddable":true,"href":"https:\/\/www.europesays.com\/fr\/wp-json\/wp\/v2\/users\/2"}],"replies":[{"embeddable":true,"href":"https:\/\/www.europesays.com\/fr\/wp-json\/wp\/v2\/comments?post=367139"}],"version-history":[{"count":0,"href":"https:\/\/www.europesays.com\/fr\/wp-json\/wp\/v2\/posts\/367139\/revisions"}],"wp:featuredmedia":[{"embeddable":true,"href":"https:\/\/www.europesays.com\/fr\/wp-json\/wp\/v2\/media\/367140"}],"wp:attachment":[{"href":"https:\/\/www.europesays.com\/fr\/wp-json\/wp\/v2\/media?parent=367139"}],"wp:term":[{"taxonomy":"category","embeddable":true,"href":"https:\/\/www.europesays.com\/fr\/wp-json\/wp\/v2\/categories?post=367139"},{"taxonomy":"post_tag","embeddable":true,"href":"https:\/\/www.europesays.com\/fr\/wp-json\/wp\/v2\/tags?post=367139"}],"curies":[{"name":"wp","href":"https:\/\/api.w.org\/{rel}","templated":true}]}}