{"id":367143,"date":"2025-09-05T02:33:54","date_gmt":"2025-09-05T02:33:54","guid":{"rendered":"https:\/\/www.europesays.com\/fr\/367143\/"},"modified":"2025-09-05T02:33:54","modified_gmt":"2025-09-05T02:33:54","slug":"les-souvenirs-de-cette-ex-employee","status":"publish","type":"post","link":"https:\/\/www.europesays.com\/fr\/367143\/","title":{"rendered":"les souvenirs de cette ex-employ\u00e9e"},"content":{"rendered":"<p>Son nom de famille est bien connu des St\u00e9phanois. Il fait tout de suite r\u00e9f\u00e9rence \u00e0 l\u2019\u00e9picerie fine centenaire de la rue Pointe-Cadet. Mais dans sa vie, Francine n\u2019a pas connu que la boutique et la fabrique de p\u00e2tes, \u00e9labor\u00e9es depuis quatre g\u00e9n\u00e9rations par la famille Cornand.<\/p>\n<p>\u00ab\u00a0Je suis aussi une ancienne de Manufrance\u00a0\u00bb, lance fi\u00e8rement cette coquette et p\u00e9tillante dame. Et malgr\u00e9 les ann\u00e9es, Francine ne peut pas s\u2019emp\u00eacher de regretter sa disparition.<\/p>\n<p><strong>&gt;&gt; <a href=\"https:\/\/www.leprogres.fr\/economie\/2024\/09\/09\/loire-chez-cornand-depuis-plus-de-100-ans-toute-la-famille-met-la-main-a-la-pate\" target=\"_blank\" rel=\"nofollow noopener\">Chez Cornand, depuis plus de 100 ans, toute la famille met la main \u00e0 la p\u00e2te<\/a><\/strong><\/p>\n<p>La fermeture de Manufrance, \u00ab\u00a0un vrai g\u00e2chis\u00a0\u00bb pour Francine Cornand<\/p>\n<p>\u00ab\u00a0C\u2019\u00e9tait vraiment une belle maison. Il en sortait des produits de qualit\u00e9, enti\u00e8rement fabriqu\u00e9s ici, chez nous \u00e0 Saint-\u00c9tienne. Sa fermeture a \u00e9t\u00e9 un tel g\u00e2chis que m\u00eame aujourd\u2019hui, j\u2019en garde un peu&#8230;<\/p>\n","protected":false},"excerpt":{"rendered":"Son nom de famille est bien connu des St\u00e9phanois. Il fait tout de suite r\u00e9f\u00e9rence \u00e0 l\u2019\u00e9picerie fine&hellip;\n","protected":false},"author":2,"featured_media":367144,"comment_status":"","ping_status":"","sticky":false,"template":"","format":"standard","meta":{"footnotes":""},"categories":[9653],"tags":[1111,11,2430,33,7539,1777,674,107,1011,27,937,693,3367,12,25,4001,7538,104],"class_list":{"0":"post-367143","1":"post","2":"type-post","3":"status-publish","4":"format-standard","5":"has-post-thumbnail","7":"category-saint-etienne","8":"tag-actu","9":"tag-actualites","10":"tag-auvergne-rhone-alpes","11":"tag-economie","12":"tag-edition-loire-sud","13":"tag-eu","14":"tag-europe","15":"tag-fil-info","16":"tag-fr","17":"tag-france","18":"tag-histoire","19":"tag-industrie","20":"tag-loire","21":"tag-news","22":"tag-republique-francaise","23":"tag-saint-etienne","24":"tag-saint-etienne-ville","25":"tag-societe"},"share_on_mastodon":{"url":"https:\/\/pubeurope.com\/@fr\/115149357970057602","error":""},"_links":{"self":[{"href":"https:\/\/www.europesays.com\/fr\/wp-json\/wp\/v2\/posts\/367143","targetHints":{"allow":["GET"]}}],"collection":[{"href":"https:\/\/www.europesays.com\/fr\/wp-json\/wp\/v2\/posts"}],"about":[{"href":"https:\/\/www.europesays.com\/fr\/wp-json\/wp\/v2\/types\/post"}],"author":[{"embeddable":true,"href":"https:\/\/www.europesays.com\/fr\/wp-json\/wp\/v2\/users\/2"}],"replies":[{"embeddable":true,"href":"https:\/\/www.europesays.com\/fr\/wp-json\/wp\/v2\/comments?post=367143"}],"version-history":[{"count":0,"href":"https:\/\/www.europesays.com\/fr\/wp-json\/wp\/v2\/posts\/367143\/revisions"}],"wp:featuredmedia":[{"embeddable":true,"href":"https:\/\/www.europesays.com\/fr\/wp-json\/wp\/v2\/media\/367144"}],"wp:attachment":[{"href":"https:\/\/www.europesays.com\/fr\/wp-json\/wp\/v2\/media?parent=367143"}],"wp:term":[{"taxonomy":"category","embeddable":true,"href":"https:\/\/www.europesays.com\/fr\/wp-json\/wp\/v2\/categories?post=367143"},{"taxonomy":"post_tag","embeddable":true,"href":"https:\/\/www.europesays.com\/fr\/wp-json\/wp\/v2\/tags?post=367143"}],"curies":[{"name":"wp","href":"https:\/\/api.w.org\/{rel}","templated":true}]}}