{"id":367210,"date":"2025-09-05T03:22:18","date_gmt":"2025-09-05T03:22:18","guid":{"rendered":"https:\/\/www.europesays.com\/fr\/367210\/"},"modified":"2025-09-05T03:22:18","modified_gmt":"2025-09-05T03:22:18","slug":"us-open-justine-henin-sur-alcaraz-oppose-a-djokovic-en-demi-finales-ce-nest-pas-un-niveau-decart-mais-un-monde-de-difference-aujourdhui-il-est-de-plus-en-plus-impressionnant","status":"publish","type":"post","link":"https:\/\/www.europesays.com\/fr\/367210\/","title":{"rendered":"US Open > Justine Henin sur Alcaraz, oppos\u00e9 \u00e0 Djokovic en demi-finales : \u00ab\u00a0Ce n&rsquo;est pas un niveau d&rsquo;\u00e9cart mais un monde de diff\u00e9rence aujourd&rsquo;hui. Il est de plus en plus impressionnant\u00a0\u00bb"},"content":{"rendered":"<p>Invit\u00e9e \u00e0 r\u00e9agir \u00e0 la victoire impec\u00adcable de ma\u00eetrise de Carlos Alcaraz face \u00e0 Jiri Lehecka en quarts de finale de l\u2019US Open, Justine Henin \u00e9tait impres\u00adsionn\u00e9e par la progres\u00adsion de l\u2019Espagnol, notam\u00adment au niveau mental.\u00a0<\/p>\n<p><strong>\u00ab\u202fIl est de plus en plus impres\u00adsion\u00adnant. On connait ses qualit\u00e9s \u00e0 en imposer au niveau physique, \u00e0 acc\u00e9\u00adl\u00e9rer quand il le souhaite, \u00e0 se d\u00e9placer \u00e0 une vitesse folle, \u00e0 varier. Mais il y a de plus en plus de justesse dans ce qu\u2019il propose, au niveau de sa concen\u00adtra\u00adtion. Il fournit un effort pour ne pas sortir du match. Ce n\u2019est pas un niveau d\u2019\u00e9cart mais un monde de diff\u00e9\u00adrence aujourd\u2019hui.\u202f\u00bb<\/strong><\/p>\n<p class=\"post-published-date\" style=\"color: silver; font-size: 75%; text-align: left;\">Publi\u00e9 le jeudi 4 septembre 2025 \u00e0 19:45<\/p>\n","protected":false},"excerpt":{"rendered":"Invit\u00e9e \u00e0 r\u00e9agir \u00e0 la victoire impec\u00adcable de ma\u00eetrise de Carlos Alcaraz face \u00e0 Jiri Lehecka en quarts&hellip;\n","protected":false},"author":2,"featured_media":367211,"comment_status":"","ping_status":"","sticky":false,"template":"","format":"standard","meta":{"footnotes":""},"categories":[2],"tags":[11,1744,105,1011,27,12,25],"class_list":{"0":"post-367210","1":"post","2":"type-post","3":"status-publish","4":"format-standard","5":"has-post-thumbnail","7":"category-actualites","8":"tag-actualites","9":"tag-alcaraz","10":"tag-djokovic","11":"tag-fr","12":"tag-france","13":"tag-news","14":"tag-republique-francaise"},"share_on_mastodon":{"url":"https:\/\/pubeurope.com\/@fr\/115149546711682968","error":""},"_links":{"self":[{"href":"https:\/\/www.europesays.com\/fr\/wp-json\/wp\/v2\/posts\/367210","targetHints":{"allow":["GET"]}}],"collection":[{"href":"https:\/\/www.europesays.com\/fr\/wp-json\/wp\/v2\/posts"}],"about":[{"href":"https:\/\/www.europesays.com\/fr\/wp-json\/wp\/v2\/types\/post"}],"author":[{"embeddable":true,"href":"https:\/\/www.europesays.com\/fr\/wp-json\/wp\/v2\/users\/2"}],"replies":[{"embeddable":true,"href":"https:\/\/www.europesays.com\/fr\/wp-json\/wp\/v2\/comments?post=367210"}],"version-history":[{"count":0,"href":"https:\/\/www.europesays.com\/fr\/wp-json\/wp\/v2\/posts\/367210\/revisions"}],"wp:featuredmedia":[{"embeddable":true,"href":"https:\/\/www.europesays.com\/fr\/wp-json\/wp\/v2\/media\/367211"}],"wp:attachment":[{"href":"https:\/\/www.europesays.com\/fr\/wp-json\/wp\/v2\/media?parent=367210"}],"wp:term":[{"taxonomy":"category","embeddable":true,"href":"https:\/\/www.europesays.com\/fr\/wp-json\/wp\/v2\/categories?post=367210"},{"taxonomy":"post_tag","embeddable":true,"href":"https:\/\/www.europesays.com\/fr\/wp-json\/wp\/v2\/tags?post=367210"}],"curies":[{"name":"wp","href":"https:\/\/api.w.org\/{rel}","templated":true}]}}