{"id":367212,"date":"2025-09-05T03:23:11","date_gmt":"2025-09-05T03:23:11","guid":{"rendered":"https:\/\/www.europesays.com\/fr\/367212\/"},"modified":"2025-09-05T03:23:11","modified_gmt":"2025-09-05T03:23:11","slug":"rieux-de-pelleport-coupe-de-france-lasrp-passe-de-justesse","status":"publish","type":"post","link":"https:\/\/www.europesays.com\/fr\/367212\/","title":{"rendered":"Rieux-de-Pelleport. Coupe de France : l\u2019ASRP passe de justesse"},"content":{"rendered":"<p>Ce week-end marquera la grande rentr\u00e9e pour l\u2019ensemble des \u00e9quipes du club, que ce soit en entra\u00eenements ou en comp\u00e9tition.<\/p>\n<p><b>Seniors 1. <\/b>Ce fut plus difficile que pr\u00e9vu face \u00e0 la valeureuse \u00e9quipe du Vernet en Coupe de France. Les Orange et Noir ont su renverser la situation en toute fin de match pour arracher le billet pour le troisi\u00e8me tour, qui aura lieu dans quinze jours, en esp\u00e9rant enfin une rencontre \u00e0 domicile. Ce prochain week-end, d\u00e9but du championnat avec un d\u00e9placement \u00e0 Luzenac samedi soir \u00e0 18 h. Contre un adversaire encore m\u00e9connu, il vaudra mieux \u00eatre vigilant si l\u2019on veut \u00eatre \u00e0 la hauteur des ambitions annonc\u00e9es pour ce nouveau cru.<\/p>\n<p><b>Seniors 2.<\/b> Eux aussi se sont bien pr\u00e9par\u00e9s avec des matches amicaux tr\u00e8s prometteurs. Comme l\u2019\u00e9quipe une, direction Luzenac samedi soir, o\u00f9 l\u2019on jouera \u00e0 20 h, en baisser de rideau des \u00e9quipes fanions. Un bon r\u00e9sultat d\u00e8s l\u2019entr\u00e9e en lice serait encourageant pour le moral et la suite de la comp\u00e9tition.<\/p>\n<p><b>Vie du club.<\/b> Que ce soit pour l\u2019\u00e9cole de football ou la section des filles, la saison a d\u00e9j\u00e0 d\u00e9marr\u00e9, et les jeunes licenci\u00e9s sont attendus nombreux aux entra\u00eenements pour \u00eatre fin pr\u00eats pour les premi\u00e8res comp\u00e9titions, qui ne sauraient tarder.<\/p>\n","protected":false},"excerpt":{"rendered":"Ce week-end marquera la grande rentr\u00e9e pour l\u2019ensemble des \u00e9quipes du club, que ce soit en entra\u00eenements ou&hellip;\n","protected":false},"author":2,"featured_media":367213,"comment_status":"","ping_status":"","sticky":false,"template":"","format":"standard","meta":{"footnotes":""},"categories":[4],"tags":[11,1011,27,12,25],"class_list":{"0":"post-367212","1":"post","2":"type-post","3":"status-publish","4":"format-standard","5":"has-post-thumbnail","7":"category-france","8":"tag-actualites","9":"tag-fr","10":"tag-france","11":"tag-news","12":"tag-republique-francaise"},"share_on_mastodon":{"url":"https:\/\/pubeurope.com\/@fr\/115149550574744943","error":""},"_links":{"self":[{"href":"https:\/\/www.europesays.com\/fr\/wp-json\/wp\/v2\/posts\/367212","targetHints":{"allow":["GET"]}}],"collection":[{"href":"https:\/\/www.europesays.com\/fr\/wp-json\/wp\/v2\/posts"}],"about":[{"href":"https:\/\/www.europesays.com\/fr\/wp-json\/wp\/v2\/types\/post"}],"author":[{"embeddable":true,"href":"https:\/\/www.europesays.com\/fr\/wp-json\/wp\/v2\/users\/2"}],"replies":[{"embeddable":true,"href":"https:\/\/www.europesays.com\/fr\/wp-json\/wp\/v2\/comments?post=367212"}],"version-history":[{"count":0,"href":"https:\/\/www.europesays.com\/fr\/wp-json\/wp\/v2\/posts\/367212\/revisions"}],"wp:featuredmedia":[{"embeddable":true,"href":"https:\/\/www.europesays.com\/fr\/wp-json\/wp\/v2\/media\/367213"}],"wp:attachment":[{"href":"https:\/\/www.europesays.com\/fr\/wp-json\/wp\/v2\/media?parent=367212"}],"wp:term":[{"taxonomy":"category","embeddable":true,"href":"https:\/\/www.europesays.com\/fr\/wp-json\/wp\/v2\/categories?post=367212"},{"taxonomy":"post_tag","embeddable":true,"href":"https:\/\/www.europesays.com\/fr\/wp-json\/wp\/v2\/tags?post=367212"}],"curies":[{"name":"wp","href":"https:\/\/api.w.org\/{rel}","templated":true}]}}