{"id":367214,"date":"2025-09-05T03:26:23","date_gmt":"2025-09-05T03:26:23","guid":{"rendered":"https:\/\/www.europesays.com\/fr\/367214\/"},"modified":"2025-09-05T03:26:23","modified_gmt":"2025-09-05T03:26:23","slug":"compositions-chaine-tv-et-heure-7","status":"publish","type":"post","link":"https:\/\/www.europesays.com\/fr\/367214\/","title":{"rendered":"Compositions, Cha\u00eene TV et Heure"},"content":{"rendered":"<p style=\"text-align: justify;\"><strong>\u00c0 quelle heure et sur quelle cha\u00eene TV suivre le match de Top 14 entre le Lyon OU et le Racing 92 ? Retrouvez \u00e9galement les compositions des deux \u00e9quipes.<\/strong><\/p>\n<p style=\"text-align: justify;\">Le match de la premi\u00e8re journ\u00e9e de la phase r\u00e9guli\u00e8re du Top 14 entre le <a href=\"https:\/\/dicodusport.fr\/blog\/transferts-lou-2025-arrivees-departs-et-prolongations\/\" rel=\"nofollow noopener\" target=\"_blank\"><strong>Lyon OU<\/strong><\/a> et le<a href=\"https:\/\/dicodusport.fr\/blog\/transferts-racing-92-2025-arrivees-departs-et-prolongations\/\" rel=\"nofollow noopener\" target=\"_blank\"><strong> Racing 92<\/strong><\/a> aura lieu ce samedi 6 septembre \u00e0 17h00, au Matmut Stadium de Lyon.<\/p>\n<p>Contexte et enjeux du match Lyon \u2013 Racing 92<\/p>\n<p style=\"text-align: justify;\">Voil\u00e0 deux saisons, <strong>Lyon<\/strong> terminait \u00e0 la troisi\u00e8me place de la phase r\u00e9guli\u00e8re du Top 14. Certes, le LOU n\u2019allait pas franchir l\u2019\u00e9preuve des barrages contre l\u2019UBB, mais le club semblait enfin sur la bonne voie pour jouer un r\u00f4le majeur dans l\u2019\u00e9lite du rugby fran\u00e7ais. Deux saisons termin\u00e9es \u00e0 la 11\u00e8me place plus tard, tout est \u00e0 refaire, m\u00eame si l\u2019arriv\u00e9e en cours de saison derni\u00e8re de <strong>Karim Ghezal<\/strong> sur le banc semble avoir relanc\u00e9 une dynamique mat\u00e9rialis\u00e9e par <a href=\"https:\/\/dicodusport.fr\/blog\/finale-challenge-cup-bath-domine-lyon-et-sadjuge-le-trophee\/\" rel=\"nofollow noopener\" target=\"_blank\">une finale de Challenge Cup<\/a> (perdue face \u00e0 Bath). Suffisant pour jouer de nouveau les premiers r\u00f4les en Top 14 ?<\/p>\n<p style=\"text-align: justify;\">Une dynamique, c\u2019est ce que recherche \u00e2prement le <strong>Racing 92<\/strong>. La saison pass\u00e9e a marqu\u00e9 une premi\u00e8re douloureuse, puisque pour la premi\u00e8re fois depuis son retour dans l\u2019\u00e9lite en 2009, le club francilien \u00e9tait absent de la phase finale. L\u2019occasion de tourner la page avec le d\u00e9part de <a href=\"https:\/\/dicodusport.fr\/blog\/transferts-racing-92-laurent-travers-va-bien-signer-a-laviron-bayonnais\/\" rel=\"nofollow noopener\" target=\"_blank\"><strong>Laurent Travers<\/strong><\/a> et celui de <a href=\"https:\/\/dicodusport.fr\/blog\/transferts-racing-92-stuart-lancaster-sur-le-depart-un-favori-pour-le-remplacer\/\" rel=\"nofollow noopener\" target=\"_blank\"><strong>Stuart Lancaster<\/strong><\/a> en cours de saison. D\u00e9sormais pleinement investi, <strong>Patrice Collazo<\/strong> va devoir relancer la machine, une mission pas si simple compte tenu de l\u2019irr\u00e9gularit\u00e9 chronique des siens la saison derni\u00e8re (8 victoires \u00e0 l\u2019ext\u00e9rieur, 6 d\u00e9faites et deux nuls \u00e0 domicile toutes comp\u00e9titions confondues).<\/p>\n<p style=\"text-align: justify;\">L\u2019un de ces matchs nuls avait eu lieu \u00e0 l\u2019aller, arrach\u00e9 <a href=\"https:\/\/dicodusport.fr\/blog\/top-14-j13-le-racing-92-concede-le-nul-a-la-sirene-contre-lyon\/\" rel=\"nofollow noopener\" target=\"_blank\"><strong>25-25<\/strong><\/a> par le LOU gr\u00e2ce \u00e0 une p\u00e9nalit\u00e9 de <strong>Martin M\u00e9liande<\/strong> \u00e0 la sir\u00e8ne. Au retour, le Racing s\u2019\u00e9tait impos\u00e9 <strong>34-47<\/strong> au Matmut, mais c\u2019\u00e9tait lors de la derni\u00e8re journ\u00e9e et les deux \u00e9quipes n\u2019avaient plus rien \u00e0 jouer. Lyon avait cependant domin\u00e9 ce rival <a href=\"https:\/\/dicodusport.fr\/blog\/challenge-cup-demi-finale-le-lou-balaie-le-racing-92-et-rejoint-bath-en-finale\/\" rel=\"nofollow noopener\" target=\"_blank\"><strong>29-15<\/strong><\/a> dans son stade en demi-finale de la Challenge Cup, et sera logiquement favori de la rencontre chez les bookmakers.<\/p>\n<p><a href=\"https:\/\/dicodusport.fr\/blog\/top-14-le-classement-des-budgets-devoile-toulouse-loin-devant-montauban\/\" class=\"vlp-link\" title=\"Top 14 : le classement des budgets d\u00e9voil\u00e9, Toulouse loin devant Montauban\" rel=\"nofollow noopener\" target=\"_blank\"><img loading=\"lazy\" decoding=\"async\" style=\"max-width: 792px;\" width=\"792\" height=\"445\" class=\"attachment-800x445 size-800x445 perfmatters-lazy\" alt=\"Top 14 le classement des budgets d\u00e9voil\u00e9, Toulouse loin devant Montauban\" src=\"https:\/\/www.europesays.com\/fr\/wp-content\/uploads\/2025\/09\/Top-14-le-classement-des-budgets-devoile-Toulouse-loin-devant-Montauban.png\"  data-\/><\/p>\n<p>Top 14 : le classement des budgets d\u00e9voil\u00e9, Toulouse loin devant Montauban<\/p>\n<p>Ce mardi, nos confr\u00e8res de Rugbyrama ont d\u00e9voil\u00e9 le classement des budgets des clubs de Top 14 pour la saison 2025-2026 du championnat de premi\u00e8re division.<\/p>\n<p>Lire l&rsquo;article<\/p>\n<p>dicodusport.fr<\/p>\n<p>Lyon \u2013 Racing 92 : \u00c0 quelle heure et sur quelle cha\u00eene TV suivre le match ?<\/p>\n<p style=\"text-align: justify;\">Le match <b>Lyon \u2013 Racing 92 <\/b>est \u00e0 suivre ce <strong>samedi 6 septembre 2025 \u00e0 17h00<\/strong>, sur <strong>CSTAR<\/strong>, et dans le multiplex sur <b>Canal+<\/b>.<\/p>\n<p>\n<a href=\"https:\/\/dicodusport.fr\/blog\/offres\/abonnements-sans-pub\/\" rel=\"nofollow noopener\" target=\"_blank\"><img loading=\"lazy\" decoding=\"async\" class=\"alignnone size-full wp-image-501284 perfmatters-lazy\" alt=\"\" width=\"1200\" height=\"200\" src=\"https:\/\/www.europesays.com\/fr\/wp-content\/uploads\/2025\/04\/Abonnements-sans-pubs-Dicodusport.png\"\/><\/a><\/p>\n<p>Les compositions probables de Lyon \u2013 Racing 92<br \/>\nLa composition de Lyon<\/p>\n<p style=\"text-align: justify;\"><strong>XV de d\u00e9part :\u00a0<\/strong>15. Lorre ; 14. Wainiqolo, 13. Masi, 12. Millet, 11. Rattez ou Ioane ; 10. Berdeu, 9. Cassang ; 7. Cretin, 8. Allen ou Simmonds, 6. Saginadze ; 5. Geraci ou Roux, 4. Lambey (cap) ; 3. Ainsley, 2. Chat ou Marchand, 1. Rey.<\/p>\n<p>\n<a href=\"https:\/\/dicodusport.fr\/blog\/offres\/abonnements-sans-pub\/\" rel=\"nofollow noopener\" target=\"_blank\"><img loading=\"lazy\" decoding=\"async\" class=\"alignnone size-full wp-image-501296 perfmatters-lazy\" alt=\"\" width=\"400\" height=\"400\" src=\"https:\/\/www.europesays.com\/fr\/wp-content\/uploads\/2025\/04\/Abonnements-sans-pubs-Dicodusport-mobile.png\"\/><\/a><\/p>\n<p style=\"text-align: justify;\"><strong>Les rempla\u00e7ants : <\/strong>16. Marchand ou Sarragalet, 17. Moukoro, 18. Roux ou Geraci, 19. Okuya, 20. Gonzalez, 21. Parisien, 22. Tchapchet, 23. Gomes Sa.<\/p>\n<p>La composition du Racing 92<\/p>\n<p style=\"text-align: justify;\"><strong>XV de d\u00e9part : <\/strong>15. M. Spring ; 14. Donguy, 13. Habosi, 12. Manu, 11. Hulleu ; 10. James ou Seunes, 9. Carbonneau ; 7. Baudonne, 8. Hughes, 6. Lainault ou Diallo ; 5. R. Taofifenua (cap), 4. Hill ; 3. Lehopoame ou Bamba, 2. Tarrit, 1. Gogichashvili.<\/p>\n<p style=\"text-align: justify;\"><strong>Les rempla\u00e7ants : <\/strong>16. Basse, 17. Kolingar, 18. Kpoku ou Rowlands, 19. Camara, 20. Labarbe, 21. Seunes ou James, 22. Tuisova, 23. Bamba ou Lehopoame.<\/p>\n<p>Les cotes de\u00a0Lyon \u2013 Racing 92<\/p>\n<tr style=\"height: 16px;\">\n<td style=\"background-color: #404040; text-align: left; border-color: #ededed; width: 500px;\" colspan=\"3\">Samedi 6 septembre 2025, 17h00<\/td>\n<\/tr>\n<tr style=\"height: 24px;\">\n<td style=\"background-color: #ffffff; border-color: #ededed; vertical-align: middle; text-align: center; width: 266px;\"><b>Lyon<br \/><\/b><a href=\"https:\/\/www.winamax.fr\/paris-sportifs\/match\/62109086?banid=33423\" class=\"su-button su-button-style-flat su-button-wide\" style=\"color:#fff;background-color:#000;border-color:#000000;border-radius:5px\" target=\"_blank\" rel=\"noopener noreferrer nofollow\"> 1.35<\/a><\/td>\n<td style=\"background-color: #ffffff; border-color: #ededed; vertical-align: middle; text-align: center; width: 266px;\"><strong>Match nul<\/strong><br \/><a href=\"https:\/\/www.winamax.fr\/paris-sportifs\/match\/62109086?banid=33423\" class=\"su-button su-button-style-flat su-button-wide\" style=\"color:#fff;background-color:#000;border-color:#000000;border-radius:5px\" target=\"_blank\" rel=\"noopener noreferrer nofollow\"> 20<\/a><\/td>\n<td style=\"background-color: #ffffff; border-color: #ededed; vertical-align: middle; text-align: center; width: 266px;\"><b>Racing 92<\/b><br \/><a href=\"https:\/\/www.winamax.fr\/paris-sportifs\/match\/62109086?banid=33423\" class=\"su-button su-button-style-flat su-button-wide\" style=\"color:#fff;background-color:#000;border-color:#000000;border-radius:5px\" target=\"_blank\" rel=\"noopener noreferrer nofollow\"> 3.15<\/a><\/td>\n<\/tr>\n<p style=\"text-align: justify;\">Tentez votre chance en profitant de votre <a href=\"https:\/\/www.winamax.fr\/registration\/landing\/affiliation_Bonus100?banid=33423\" rel=\"nofollow noopener\" target=\"_blank\">1er d\u00e9p\u00f4t doubl\u00e9 jusqu\u2019\u00e0 100 \u20ac<\/a> direct en paris gratuits sur Winamax !<\/p>\n","protected":false},"excerpt":{"rendered":"\u00c0 quelle heure et sur quelle cha\u00eene TV suivre le match de Top 14 entre le Lyon OU&hellip;\n","protected":false},"author":2,"featured_media":367215,"comment_status":"","ping_status":"","sticky":false,"template":"","format":"standard","meta":{"footnotes":""},"categories":[1416],"tags":[2113,1011,27,8046,5421,479,1468,60,478],"class_list":{"0":"post-367214","1":"post","2":"type-post","3":"status-publish","4":"format-standard","5":"has-post-thumbnail","7":"category-rugby","8":"tag-breve","9":"tag-fr","10":"tag-france","11":"tag-lyon-ou","12":"tag-racing-92","13":"tag-rugby","14":"tag-rugby-football","15":"tag-sports","16":"tag-top-14"},"share_on_mastodon":{"url":"https:\/\/pubeurope.com\/@fr\/115149562598360585","error":""},"_links":{"self":[{"href":"https:\/\/www.europesays.com\/fr\/wp-json\/wp\/v2\/posts\/367214","targetHints":{"allow":["GET"]}}],"collection":[{"href":"https:\/\/www.europesays.com\/fr\/wp-json\/wp\/v2\/posts"}],"about":[{"href":"https:\/\/www.europesays.com\/fr\/wp-json\/wp\/v2\/types\/post"}],"author":[{"embeddable":true,"href":"https:\/\/www.europesays.com\/fr\/wp-json\/wp\/v2\/users\/2"}],"replies":[{"embeddable":true,"href":"https:\/\/www.europesays.com\/fr\/wp-json\/wp\/v2\/comments?post=367214"}],"version-history":[{"count":0,"href":"https:\/\/www.europesays.com\/fr\/wp-json\/wp\/v2\/posts\/367214\/revisions"}],"wp:featuredmedia":[{"embeddable":true,"href":"https:\/\/www.europesays.com\/fr\/wp-json\/wp\/v2\/media\/367215"}],"wp:attachment":[{"href":"https:\/\/www.europesays.com\/fr\/wp-json\/wp\/v2\/media?parent=367214"}],"wp:term":[{"taxonomy":"category","embeddable":true,"href":"https:\/\/www.europesays.com\/fr\/wp-json\/wp\/v2\/categories?post=367214"},{"taxonomy":"post_tag","embeddable":true,"href":"https:\/\/www.europesays.com\/fr\/wp-json\/wp\/v2\/tags?post=367214"}],"curies":[{"name":"wp","href":"https:\/\/api.w.org\/{rel}","templated":true}]}}