{"id":367217,"date":"2025-09-05T03:29:13","date_gmt":"2025-09-05T03:29:13","guid":{"rendered":"https:\/\/www.europesays.com\/fr\/367217\/"},"modified":"2025-09-05T03:29:13","modified_gmt":"2025-09-05T03:29:13","slug":"motogp-valentino-rossi-reprend-la-piste-au-mugello","status":"publish","type":"post","link":"https:\/\/www.europesays.com\/fr\/367217\/","title":{"rendered":"MotoGP, Valentino Rossi reprend la piste au Mugello"},"content":{"rendered":"<p><img loading=\"lazy\" decoding=\"async\" src=\"https:\/\/www.europesays.com\/fr\/wp-content\/uploads\/2025\/09\/Reseaux-sociaux-2.png\" alt=\"Valentino Rossi\" class=\"\" width=\"1080\" height=\"675\"\/><\/p>\n<p class=\"my-2 [&amp;+p]:mt-4 [&amp;_strong:has(+br)]:inline-block [&amp;_strong:has(+br)]:pb-2 animate-in fade-in-25 duration-700\">\n<strong>Vous n\u2019\u00eates pas assez int\u00e9ress\u00e9 par les r\u00e9seaux sociaux<br \/>\npour suivre plusieurs centaines depilotes, mais vous n\u2019aimez pas<br \/>\nrater aucune des petites histoires qui animent le MotoGP (Moto2 et<br \/>\nMoto3), le <a class=\"break-word hover:text-super hover:decoration-super underline decoration-from-font underline-offset-1 transition-all duration-300\" href=\"https:\/\/www.worldsbk.com\/\" target=\"_blank\" rel=\"nofollow noopener\">WorldSBK<\/a> et les autres cat\u00e9gories ? Cette<br \/>\n<a class=\"break-word hover:text-super hover:decoration-super underline decoration-from-font underline-offset-1 transition-all duration-300\" href=\"https:\/\/www.paddock-gp.com\/en\/?s=echo+reseaux\" target=\"_blank\" rel=\"nofollow noopener\">rubrique quotidienne<\/a> est faite<br \/>\npour vous, pour bien commencer la journ\u00e9e en attendant des articles<br \/>\nplus cons\u00e9quents mais parfois moins insolites ! Aujourd\u2019hui,<br \/>\nValentino Rossi a repris la piste, au Mugello, entour\u00e9 de la VR46<br \/>\nRiders Academy et de plusieurs pilotes de Grand Prix, dans un<br \/>\n\u00e9v\u00e9nement m\u00ealant <a href=\"https:\/\/www.instagram.com\/p\/DN9K6IsDIgj\/?img_index=5\" target=\"_blank\" rel=\"noopener\">test<br \/>\ntechnologique<\/a> et plaisir de rouler.<\/strong><\/p>\n<p class=\"my-2 [&amp;+p]:mt-4 [&amp;_strong:has(+br)]:inline-block [&amp;_strong:has(+br)]:pb-2 animate-in fade-in-25 duration-700\">\nLe Mugello a accueilli une journ\u00e9e sp\u00e9ciale o\u00f9 plaisir et<br \/>\nd\u00e9veloppement technique se sont rencontr\u00e9s. Valentino Rossi,<br \/>\nl\u2019homme aux neuf titres mondiaux, a enfil\u00e9 le cuir aux c\u00f4t\u00e9s de ses<br \/>\nprot\u00e9g\u00e9s de la VR46 Riders Academy, lors d\u2019un \u00e9v\u00e9nement organis\u00e9<br \/>\npar Dainese et AGV dans le cadre de leur Project Apex 2025,<br \/>\nr\u00e9unissant certains des plus grands pilotes actuels.<\/p>\n<p class=\"my-2 [&amp;+p]:mt-4 [&amp;_strong:has(+br)]:inline-block [&amp;_strong:has(+br)]:pb-2 animate-in fade-in-25 duration-700\">\nLa marque italienne pr\u00e9cise l\u2019objectif de cette journ\u00e9e pas comme<br \/>\nles autres : \u00ab Repousser les limites de l\u2019innovation en mati\u00e8re de<br \/>\ns\u00e9curit\u00e9 de demain, dans les conditions les plus extr\u00eames, avec les<br \/>\nmeilleurs pilotes \u00bb. Durant cette session, les pilotes ont<br \/>\ncollabor\u00e9 directement avec les ing\u00e9nieurs et le d\u00e9partement R&amp;D<br \/>\ndes deux marques. L\u2019id\u00e9e : mettre \u00e0 l\u2019\u00e9preuve des innovations de<br \/>\ns\u00e9curit\u00e9 et de performance qui feront leur entr\u00e9e en MotoGP d\u00e8s la<br \/>\nsaison prochaine, avant de devenir des standards disponibles pour<br \/>\nles pilotes amateurs comme pour les passionn\u00e9s de route.<\/p>\n<p>\u00a0<\/p>\n<p><a href=\"https:\/\/www.paddock-gp.com\/wp-content\/uploads\/2025\/09\/Capture-decran-2025-09-03-a-10.29.17.png\" target=\"_blank\" rel=\"noopener\"><br \/>\n<img loading=\"lazy\" decoding=\"async\" aria-describedby=\"caption-attachment-1324977\" class=\"wp-image-1324977 size-large\" src=\"https:\/\/www.europesays.com\/fr\/wp-content\/uploads\/2025\/09\/Capture-decran-2025-09-03-a-10.29.17-564x400.png\" alt=\"\" width=\"564\" height=\"400\"  \/><\/a><\/p>\n<p id=\"caption-attachment-1324977\" class=\"wp-caption-text\">\nValentino Rossi reprend la piste sur le circuit du Mugello \u00a9<br \/>\nDainese<\/p>\n<p><script async src=\"\/\/www.instagram.com\/embed.js\"><\/script><\/p>\n","protected":false},"excerpt":{"rendered":"Vous n\u2019\u00eates pas assez int\u00e9ress\u00e9 par les r\u00e9seaux sociaux pour suivre plusieurs centaines depilotes, mais vous n\u2019aimez pas&hellip;\n","protected":false},"author":2,"featured_media":367218,"comment_status":"","ping_status":"","sticky":false,"template":"","format":"standard","meta":{"footnotes":""},"categories":[1413],"tags":[1011,27,1457,1456,60],"class_list":{"0":"post-367217","1":"post","2":"type-post","3":"status-publish","4":"format-standard","5":"has-post-thumbnail","7":"category-moto","8":"tag-fr","9":"tag-france","10":"tag-moto","11":"tag-motocycle","12":"tag-sports"},"share_on_mastodon":{"url":"https:\/\/pubeurope.com\/@fr\/115149574336845338","error":""},"_links":{"self":[{"href":"https:\/\/www.europesays.com\/fr\/wp-json\/wp\/v2\/posts\/367217","targetHints":{"allow":["GET"]}}],"collection":[{"href":"https:\/\/www.europesays.com\/fr\/wp-json\/wp\/v2\/posts"}],"about":[{"href":"https:\/\/www.europesays.com\/fr\/wp-json\/wp\/v2\/types\/post"}],"author":[{"embeddable":true,"href":"https:\/\/www.europesays.com\/fr\/wp-json\/wp\/v2\/users\/2"}],"replies":[{"embeddable":true,"href":"https:\/\/www.europesays.com\/fr\/wp-json\/wp\/v2\/comments?post=367217"}],"version-history":[{"count":0,"href":"https:\/\/www.europesays.com\/fr\/wp-json\/wp\/v2\/posts\/367217\/revisions"}],"wp:featuredmedia":[{"embeddable":true,"href":"https:\/\/www.europesays.com\/fr\/wp-json\/wp\/v2\/media\/367218"}],"wp:attachment":[{"href":"https:\/\/www.europesays.com\/fr\/wp-json\/wp\/v2\/media?parent=367217"}],"wp:term":[{"taxonomy":"category","embeddable":true,"href":"https:\/\/www.europesays.com\/fr\/wp-json\/wp\/v2\/categories?post=367217"},{"taxonomy":"post_tag","embeddable":true,"href":"https:\/\/www.europesays.com\/fr\/wp-json\/wp\/v2\/tags?post=367217"}],"curies":[{"name":"wp","href":"https:\/\/api.w.org\/{rel}","templated":true}]}}