{"id":367225,"date":"2025-09-05T03:33:11","date_gmt":"2025-09-05T03:33:11","guid":{"rendered":"https:\/\/www.europesays.com\/fr\/367225\/"},"modified":"2025-09-05T03:33:11","modified_gmt":"2025-09-05T03:33:11","slug":"stade-rennais-en-maillot-sexy-salma-hayek-envoie-de-lamour-aux-supporters","status":"publish","type":"post","link":"https:\/\/www.europesays.com\/fr\/367225\/","title":{"rendered":"Stade Rennais : en maillot sexy, Salma Hayek envoie de l\u2019amour aux supporters !"},"content":{"rendered":"<p><strong>Les supporters du Stade Rennais ont eu droit \u00e0 une surprise tr\u00e8s glamour sur Instagram. Salma Hayek, compagne de Fran\u00e7ois-Henri Pinault, a publi\u00e9 une photo qui fait sensation\u2026<\/strong><\/p>\n<p><strong>V\u00eatue d\u2019un maillot orange fluo tr\u00e8s sexy, l\u2019actrice mexicaine a profit\u00e9 de l\u2019occasion pour adresser un message chaleureux aux fans du club breton.<\/strong> \u00ab 59 tours autour du soleil et je continue de danser \u2600\ufe0f\ud83d\udc83\ud83c\udffb Sant\u00e9 \u00e0 vous tous et merci pour votre amour \ud83c\udf82\ud83c\udf89\u2665\ufe0f \u00bb, a-t-elle \u00e9crit en l\u00e9gende sur Instagram, c\u00e9l\u00e9brant  et sa proximit\u00e9 avec les supporters rennais. Le post a rapidement enflamm\u00e9 les r\u00e9seaux sociaux, g\u00e9n\u00e9rant des milliers de likes et de commentaires enthousiastes.<\/p>\n<p>Au-del\u00e0 de l\u2019effet glamour, ce geste symbolise le lien particulier entre la famille Pinault et le Stade Rennais. Fran\u00e7ois-Henri Pinault, propri\u00e9taire du club, voit ainsi sa compagne s\u2019afficher publiquement quasi aux couleurs du club, envoyant un message d\u2019amour et de soutien aux fans. La photo a \u00e9t\u00e9 partag\u00e9e et comment\u00e9e par de nombreux supporters, ravis de voir l\u2019actrice rejoindre, m\u00eame virtuellement, la communaut\u00e9 rouge et noir.<\/p>\n<p>Entre glamour et passion pour le football, Salma Hayek a donc r\u00e9ussi son coup : attirer les regards tout en rappelant subtilement son attachement au Stade Rennais. Une belle mani\u00e8re de c\u00e9l\u00e9brer ses 59 ans tout en faisant vibrer le c\u0153ur des supporters bretons.<\/p>\n<blockquote class=\"instagram-media\" data-instgrm-captioned=\"\" data-instgrm-permalink=\"https:\/\/www.instagram.com\/p\/DOHDQw3jduf\/?utm_source=ig_embed&amp;utm_campaign=loading\" data-instgrm-version=\"14\" style=\"background:#FFF;border:0;border-radius:3px;box-shadow:0 0 1px 0 rgba(0,0,0,0.5),0 1px 10px 0 rgba(0,0,0,0.15);margin:1px;max-width:540px;min-width:326px;padding:0;width:calc(100% - 2px)\"\/>\n<p><script async src=\"\/\/www.instagram.com\/embed.js\"><\/script><\/p>\n","protected":false},"excerpt":{"rendered":"Les supporters du Stade Rennais ont eu droit \u00e0 une surprise tr\u00e8s glamour sur Instagram. Salma Hayek, compagne&hellip;\n","protected":false},"author":2,"featured_media":276435,"comment_status":"","ping_status":"","sticky":false,"template":"","format":"standard","meta":{"footnotes":""},"categories":[1359],"tags":[11,448,58,59,63,1011,27,66,3388,12,973,10662],"class_list":{"0":"post-367225","1":"post","2":"type-post","3":"status-publish","4":"format-standard","5":"has-post-thumbnail","7":"category-people","8":"tag-actualites","9":"tag-champions-league","10":"tag-divertissement","11":"tag-entertainment","12":"tag-football","13":"tag-fr","14":"tag-france","15":"tag-ligue-1","16":"tag-matchs","17":"tag-news","18":"tag-people","19":"tag-transferts"},"share_on_mastodon":{"url":"https:\/\/pubeurope.com\/@fr\/115149590083468726","error":""},"_links":{"self":[{"href":"https:\/\/www.europesays.com\/fr\/wp-json\/wp\/v2\/posts\/367225","targetHints":{"allow":["GET"]}}],"collection":[{"href":"https:\/\/www.europesays.com\/fr\/wp-json\/wp\/v2\/posts"}],"about":[{"href":"https:\/\/www.europesays.com\/fr\/wp-json\/wp\/v2\/types\/post"}],"author":[{"embeddable":true,"href":"https:\/\/www.europesays.com\/fr\/wp-json\/wp\/v2\/users\/2"}],"replies":[{"embeddable":true,"href":"https:\/\/www.europesays.com\/fr\/wp-json\/wp\/v2\/comments?post=367225"}],"version-history":[{"count":0,"href":"https:\/\/www.europesays.com\/fr\/wp-json\/wp\/v2\/posts\/367225\/revisions"}],"wp:featuredmedia":[{"embeddable":true,"href":"https:\/\/www.europesays.com\/fr\/wp-json\/wp\/v2\/media\/276435"}],"wp:attachment":[{"href":"https:\/\/www.europesays.com\/fr\/wp-json\/wp\/v2\/media?parent=367225"}],"wp:term":[{"taxonomy":"category","embeddable":true,"href":"https:\/\/www.europesays.com\/fr\/wp-json\/wp\/v2\/categories?post=367225"},{"taxonomy":"post_tag","embeddable":true,"href":"https:\/\/www.europesays.com\/fr\/wp-json\/wp\/v2\/tags?post=367225"}],"curies":[{"name":"wp","href":"https:\/\/api.w.org\/{rel}","templated":true}]}}