{"id":367230,"date":"2025-09-05T03:36:13","date_gmt":"2025-09-05T03:36:13","guid":{"rendered":"https:\/\/www.europesays.com\/fr\/367230\/"},"modified":"2025-09-05T03:36:13","modified_gmt":"2025-09-05T03:36:13","slug":"the-voice-kids-ninon-sourde-de-naissance-va-chambouler-les-coachs-du-programme","status":"publish","type":"post","link":"https:\/\/www.europesays.com\/fr\/367230\/","title":{"rendered":"\u00ab\u00a0The Voice Kids\u00a0\u00bb : Ninon, sourde de naissance, va chambouler les coachs du programme"},"content":{"rendered":"<p>Alerte \u00e9motion ! Ce samedi 6 septembre 2025, les t\u00e9l\u00e9spectateurs de TF1 devraient pr\u00e9parer quelques mouchoirs \u00e0 l\u2019occasion des <a href=\"https:\/\/www.public.fr\/calme-toi-le-ton-monte-entre-patrick-fiori-et-m-pokora-dans-the-voice-kids-santa-obligee-de-calmer-le-jeu\" rel=\"nofollow noopener\" target=\"_blank\">prochaines auditions \u00e0 l\u2019aveugle<\/a> de <strong>\u00ab\u00a0The Voice Kids\u00a0\u00bb<\/strong>. En effet, ils pourront d\u00e9couvrir l\u2019interpr\u00e9tation de Ninon, une jeune fille \u00e2g\u00e9e de 14 ans, sourde depuis la naissance.\u00a0<\/p>\n<p>Une maladie qui l\u2019a pouss\u00e9e \u00e0 choisir un titre qui lui correspond : <strong>Fais-moi signe<\/strong> de la chanteuse Hoshi. Pour rappel, l\u2019artiste de 28 ans <a href=\"https:\/\/www.public.fr\/diaporamas\/hoshi-sa-carriere-menacee-elle-fait-une-revelation-sur-son-etat-de-sante\" rel=\"nofollow noopener\" target=\"_blank\">souffre de la maladie de M\u00e9ni\u00e8re<\/a> depuis l\u2019\u00e2ge de 5 ans. Une maladie rare qui cause de nombreux probl\u00e8mes \u00e0 l\u2019audition, en plus d\u2019acouph\u00e8nes et de pertes d\u2019\u00e9quilibres.<\/p>\n<p>Hoshi et ses risques de devenir sourde<\/p>\n<p>Invit\u00e9e sur le plateau de <strong>\u00ab\u00a0C \u00e0 Vous\u00a0\u00bb<\/strong> en avril 2021, <a href=\"https:\/\/vsd.fr\/64952-je-ne-veux-pas-de-largent-des-electeurs-du-rn-cette-celebre-chanteuse-francaise-secharpe-avec-un-internaute-qui-la-traite-de-belle-garce\/\" rel=\"nofollow noopener\" target=\"_blank\">la chanteuse<\/a> acceptait d\u2019\u00e9voquer cette maladie rare. \u00ab\u00a0On m&rsquo;a d\u00e9couvert la maladie de M\u00e9ni\u00e8re, et \u00e7a, c&rsquo;est un vrai combat au quotidien.\u00a0Ce matin encore, j&rsquo;avais des vertiges. C&rsquo;est \u00e0 cause de l&rsquo;oreille interne, il n&rsquo;y a pas de traitement qui existe r\u00e9ellement, c&rsquo;est au quotidien\u00a0\u00bb, confiait-elle \u00e0 <a href=\"https:\/\/www.public.fr\/tag\/anne-elisabeth-lemoine\" rel=\"nofollow noopener\" target=\"_blank\">Anne-Elisabeth Lemoine<\/a> et ses chroniqueurs.<\/p>\n<p>La chanteuse, dont le titre <strong>Fais-moi signe<\/strong> sera repris par Ninon dans le prochain \u00e9pisode de <strong>\u00ab\u00a0The Voice Kids\u00a0\u00bb<\/strong>, avouait \u00e9galement dans la quotidienne de France 5 :\u00a0\u00ab\u00a0<strong>C\u2019est dur \u00e0 expliquer aux gens qui nous entourent parce que \u00e7a ne se voit pas<\/strong>. C&rsquo;est comme un enfant qui a mal et qui ne sait pas parler. Je ne me sens pas bien des fois\u2026\u00a0\u00bb.<\/p>\n<p>En plus de faire face \u00e0 des probl\u00e8mes d\u2019acouph\u00e8nes et des pertes d\u2019\u00e9quilibre au quotidien, Hoshi risque \u00e9galement de devenir sourde. \u00ab\u00a0Plus je fais de concerts, plus je joue avec le feu.\u00a0<strong>En faisant de la musique, ce probl\u00e8me ne peut qu&#8217;empirer.<\/strong>\u00a0Je sais qu&rsquo;un jour je n&rsquo;entendrai peut-\u00eatre plus assez correctement pour faire de la musique. c&rsquo;est pour \u00e7a que je profite de chaque instant\u00a0\u00bb, r\u00e9v\u00e9lait-elle.<\/p>\n<p>Ninon, sourde \u00e0 la naissance, son \u00e9mouvante interpr\u00e9tation dans \u00ab\u00a0The Voice Kids\u00a0\u00bb<\/p>\n<p>L\u2019histoire d\u2019Hoshi et son titre <strong>Fais-moi signe<\/strong> parle parfaitement \u00e0 la jeune Ninon. Cette jeune fille, sourde de naissance, va chambouler les coachs de <strong>\u00ab\u00a0The Voice Kids\u00a0\u00bb<\/strong> ce samedi 6 septembre. \u00ab\u00a0Je m&rsquo;appelle Ninon, j&rsquo;ai 14 ans et j&rsquo;habite dans la Somme. <strong>Je suis sourde de naissance<\/strong>\u00ab\u00a0, r\u00e9v\u00e8le-t-elle dans son portrait diffus\u00e9 sur le compte Instagram de l\u2019\u00e9mission.\u00a0<\/p>\n<p>\u00ab\u00a0Ensuite, environ <strong>\u00e0 l&rsquo;\u00e2ge de mes 4 ans, j&rsquo;ai \u00e9t\u00e9 appareill\u00e9e<\/strong> et j&rsquo;ai appris \u00e0 parler gr\u00e2ce \u00e0 mon orthophoniste. Pour les auditions \u00e0 l&rsquo;aveugle, je vais chanter Fais-moi signe d&rsquo;Hoshi. Parce qu&rsquo;en fait Hoshi commence \u00e0 devenir sourde. Et en fait, cette chanson parle vraiment de moi\u00a0\u00bb, explique-t-elle, toujours dans son portrait.<\/p>\n<p>Son interpr\u00e9tation va parvenir \u00e0 \u00e9mouvoir <a href=\"https:\/\/www.public.fr\/alexia-la-femme-de-soprano-quon-ne-voit-jamais-se-revele\" rel=\"nofollow noopener\" target=\"_blank\">Soprano<\/a> d\u00e8s les premi\u00e8res notes, <a href=\"https:\/\/www.public.fr\/the-voice-kids-decouvrez-wylie-qui-a-completement-fait-chavirer-le-jury-santa-et-patrick-fiori-nen-reviennent-pas\" rel=\"nofollow noopener\" target=\"_blank\">avant que Santa<\/a> ne se retour \u00e0 son tour \u00e0 la fin de la chanson. Reste \u00e0 pr\u00e9sent \u00e0 savoir avec quel coach la jeune Ninon va souhaiter travailler dans <strong>\u00ab\u00a0The Voice Kids\u00a0\u00bb.<\/strong>\u00a0<\/p>\n<p>      Mentionn\u00e9s dans cet article<\/p>\n<p>      Sur le m\u00eame sujet<\/p>\n","protected":false},"excerpt":{"rendered":"Alerte \u00e9motion ! Ce samedi 6 septembre 2025, les t\u00e9l\u00e9spectateurs de TF1 devraient pr\u00e9parer quelques mouchoirs \u00e0 l\u2019occasion&hellip;\n","protected":false},"author":2,"featured_media":367231,"comment_status":"","ping_status":"","sticky":false,"template":"","format":"standard","meta":{"footnotes":""},"categories":[1356],"tags":[58,59,1011,27,44726,10826,50167,252,10828,1364],"class_list":{"0":"post-367230","1":"post","2":"type-post","3":"status-publish","4":"format-standard","5":"has-post-thumbnail","7":"category-television","8":"tag-divertissement","9":"tag-entertainment","10":"tag-fr","11":"tag-france","12":"tag-santa","13":"tag-soprano","14":"tag-surdite","15":"tag-television","16":"tag-the-voice-kids","17":"tag-tv"},"share_on_mastodon":{"url":"https:\/\/pubeurope.com\/@fr\/115149602154237847","error":""},"_links":{"self":[{"href":"https:\/\/www.europesays.com\/fr\/wp-json\/wp\/v2\/posts\/367230","targetHints":{"allow":["GET"]}}],"collection":[{"href":"https:\/\/www.europesays.com\/fr\/wp-json\/wp\/v2\/posts"}],"about":[{"href":"https:\/\/www.europesays.com\/fr\/wp-json\/wp\/v2\/types\/post"}],"author":[{"embeddable":true,"href":"https:\/\/www.europesays.com\/fr\/wp-json\/wp\/v2\/users\/2"}],"replies":[{"embeddable":true,"href":"https:\/\/www.europesays.com\/fr\/wp-json\/wp\/v2\/comments?post=367230"}],"version-history":[{"count":0,"href":"https:\/\/www.europesays.com\/fr\/wp-json\/wp\/v2\/posts\/367230\/revisions"}],"wp:featuredmedia":[{"embeddable":true,"href":"https:\/\/www.europesays.com\/fr\/wp-json\/wp\/v2\/media\/367231"}],"wp:attachment":[{"href":"https:\/\/www.europesays.com\/fr\/wp-json\/wp\/v2\/media?parent=367230"}],"wp:term":[{"taxonomy":"category","embeddable":true,"href":"https:\/\/www.europesays.com\/fr\/wp-json\/wp\/v2\/categories?post=367230"},{"taxonomy":"post_tag","embeddable":true,"href":"https:\/\/www.europesays.com\/fr\/wp-json\/wp\/v2\/tags?post=367230"}],"curies":[{"name":"wp","href":"https:\/\/api.w.org\/{rel}","templated":true}]}}