{"id":367312,"date":"2025-09-05T04:32:14","date_gmt":"2025-09-05T04:32:14","guid":{"rendered":"https:\/\/www.europesays.com\/fr\/367312\/"},"modified":"2025-09-05T04:32:14","modified_gmt":"2025-09-05T04:32:14","slug":"quelles-sont-les-prochaines-etapes-avant-lentree-en-vigueur-de-laccord-entre-lue-et-le-mercosur","status":"publish","type":"post","link":"https:\/\/www.europesays.com\/fr\/367312\/","title":{"rendered":"Quelles sont les prochaines \u00e9tapes avant l&rsquo;entr\u00e9e en vigueur de l&rsquo;accord entre l&rsquo;UE et le Mercosur?"},"content":{"rendered":"<p>L&rsquo;accord commercial entre l&rsquo;Union europ\u00e9enne europ\u00e9enne et les pays sud-am\u00e9ricains du Mercosur a franchi une nouvelle \u00e9tape \u00e0 Bruxelles, qui esp\u00e8re une entr\u00e9e en vigueur d&rsquo;ici \u00e0 la fin de l&rsquo;ann\u00e9e.<\/p>\n<p>L&rsquo;horizon s&rsquo;\u00e9claircit <a href=\"https:\/\/www.bfmtv.com\/economie\/entreprises\/agriculture\/pas-convaincue-par-les-clauses-de-sauvegarde-de-bruxelles-la-france-reclame-encore-des-mesures-miroirs-pour-accepter-l-accord-avec-le-mercosur_AV-202509040496.html\" title=\"Pas convaincue par les clauses de sauvegarde de Bruxelles, la France r\u00e9clame encore des &quot;mesures miroirs&quot; pour accepter l&#039;accord avec le Mercosur\" class=\"internal_link\" rel=\"nofollow noopener\" target=\"_blank\">pour l&rsquo;accord UE-Mercosur<\/a>. Le vaste accord commercial entre l&rsquo;Union europ\u00e9enne et les pays sud-am\u00e9ricains du Mercosur a franchi une nouvelle \u00e9tape: ce mercredi, la Commission europ\u00e9enne a officiellement <a href=\"https:\/\/www.bfmtv.com\/economie\/economie-social\/union-europeenne\/la-commission-europeenne-valide-l-accord-avec-le-mercosur-et-le-soumet-aux-etats-membres_AD-202509030535.html\" title=\"La Commission europ\u00e9enne valide l&#039;accord avec le Mercosur et le soumet aux \u00c9tats membres\" class=\"internal_link\" rel=\"nofollow noopener\" target=\"_blank\">soumis le texte aux \u00c9tats membres<\/a>, donnant le coup d&rsquo;envoi du sprint final d&rsquo;une course chaotique entam\u00e9e \u00e0 la fin des ann\u00e9es 1990. Bruxelles esp\u00e8re apercevoir l&rsquo;entr\u00e9e en vigueur de ses dispositions commerciales d&rsquo;ici la fin de l&rsquo;ann\u00e9e 2025.<\/p>\n<p>Jusque-l\u00e0, la route n&rsquo;est pas encore enti\u00e8rement d\u00e9gag\u00e9e. De son nom officiel \u00ab\u00a0accord de partenariat UE-Mercosur\u00a0\u00bb (APEM), le trait\u00e9 transatlantique est d\u00e9sormais pass\u00e9 dans les mains du Conseil de l&rsquo;Union europ\u00e9enne, repr\u00e9sentant des \u00c9tats membres, \u00e0 qui incombe la t\u00e2che d&rsquo;autoriser ou de refuser sa signature. Plus large qu&rsquo;un simple accord de libre-\u00e9change, une telle d\u00e9cision aurait th\u00e9oriquement requis l&rsquo;unanimit\u00e9 au sein du Conseil de l&rsquo;UE et un seul refus aurait suffi \u00e0 lui barrer le chemin.<\/p>\n<p><img decoding=\"async\" src=\"https:\/\/www.europesays.com\/fr\/wp-content\/uploads\/2025\/09\/principale-60_2.jpg\"  alt=\"Les Experts : Mercosur, Paris pas convainu par l'accord - 04\/09\" title=\"Les Experts : Mercosur, Paris pas convainu par l'accord - 04\/09\"\/>Les Experts : Mercosur, Paris pas convainu par l&rsquo;accord &#8211; 04\/09<\/p>\n<p>Or, la Commission europ\u00e9enne a choisi de scinder l&rsquo;accord en deux instruments juridiques distincts pour acc\u00e9l\u00e9rer son entr\u00e9e en vigueur. Les dispositions commerciales \u2013 les plus importantes\u00a0\u2013 ont \u00e9t\u00e9 regroup\u00e9es par Bruxelles au sein d&rsquo;un accord commercial int\u00e9rimaire\u00a0(ATI). Pour \u00eatre approuv\u00e9, ce dernier ne requiert qu&rsquo;un vote \u00e0 la majorit\u00e9 qualifi\u00e9e par le Conseil de l&rsquo;UE car la politique commerciale commune rel\u00e8ve des comp\u00e9tences exclusives de l&rsquo;Union europ\u00e9enne.<\/p>\n<p>Passage par Strasbourg<\/p>\n<p>La France, <a href=\"https:\/\/www.bfmtv.com\/economie\/international\/accord-ue-mercosur-que-sont-ces-mesures-de-sauvegarde-qui-suspendraient-l-accord-et-que-bruxelles-propose-pour-calmer-la-france_AV-202509040053.html\" title=\"Accord UE-Mercosur: que sont ces &quot;mesures de sauvegarde&quot; qui suspendraient l&#039;accord et que Bruxelles propose pour calmer la France?\" class=\"internal_link\" rel=\"nofollow noopener\" target=\"_blank\">encore r\u00e9ticente au texte dans son \u00e9tat actuel<\/a>, n&rsquo;a qu&rsquo;une petite marge de man\u0153uvre pour s&rsquo;opposer \u00e0 l&rsquo;ATI. Paris devra parvenir \u00e0 constituer une minorit\u00e9 de blocage pour bloquer le processus, en ralliant \u00e0 sa cause au moins quatre \u00c9tats membres qui repr\u00e9sentent 35% de la population de l&rsquo;UE au minimum. \u00c0 part la Pologne, qui a r\u00e9it\u00e9r\u00e9 son refus, la France appara\u00eet isol\u00e9e sur le Vieux continent face aux farouches d\u00e9fenseurs de l&rsquo;accord commercial, Allemagne et Espagne en t\u00eate.<\/p>\n<p>Dans le cas probable d&rsquo;un feu vert du Conseil de l&rsquo;UE, l&rsquo;ATI sera alors transmis au Parlement europ\u00e9en qui devra, lui aussi, donner son approbation lors d&rsquo;une s\u00e9ance pl\u00e9ni\u00e8re &#8211; et peut-\u00eatre une nouvelle occasion \u00e0 saisir pour les opposants \u00e0 l&rsquo;accord UE-Mercosur.\u00a0\u00c0 Strasbourg, la situation est un peu plus confuse qu&rsquo;\u00e0 Bruxelles: les eurod\u00e9put\u00e9s sont tiraill\u00e9s par les imp\u00e9ratifs nationaux \u00e0 l&rsquo;int\u00e9rieur des deux principaux groupes politiques, rendant incertaine la perspective d&rsquo;une majorit\u00e9 en sa faveur.<\/p>\n<p>Des eurod\u00e9put\u00e9s fran\u00e7ais et polonais du Parti populaire europ\u00e9en (EPP), \u00e0 droite de l&rsquo;h\u00e9micycle, ont exprim\u00e9 leur d\u00e9saccord dans une lettre adress\u00e9e \u00e0 la pr\u00e9sidente de la Commission europ\u00e9enne, Ursula von der Leyen, pourtant issue du m\u00eame groupe politique, rapporte <a href=\"https:\/\/www.politico.eu\/newsletter\/brussels-playbook\/mercosur-day\/\" target=\"_blank\" class=\"external_link\" rel=\"nofollow noopener\">Politico<\/a>. \u00c0 l&rsquo;int\u00e9rieur du groupe social-d\u00e9mocrate (S&amp;D), la ligne des eurod\u00e9put\u00e9s fran\u00e7ais et espagnols \u2013 le Premier ministre espagnol, Pedro Sanchez, est l&rsquo;un des promoteurs convaincus du trait\u00e9 avec le Mercosur \u2013\u00a0est loin d&rsquo;\u00eatre align\u00e9e.<\/p>\n<p>D&rsquo;ici \u00e0 la fin de l&rsquo;ann\u00e9e?<\/p>\n<p>Si le texte passe l&rsquo;\u00e9tape du Parlement europ\u00e9en avec succ\u00e8s, le Conseil de l&rsquo;UE autorisera officiellement la signature de l&rsquo;accord int\u00e9rimaire. Toutes les dispositions commerciales de l&rsquo;APEM telles que les suppressions et r\u00e9ductions de droits de douane, y compris en mati\u00e8re agricole, devront \u00eatre appliqu\u00e9es par les \u00c9tats membres, dont la France, qu&rsquo;elle y soit r\u00e9ticente ou non. Bruxelles esp\u00e8re y parvenir dans les prochains mois, tant que le pr\u00e9sident br\u00e9silien Lula occupe la pr\u00e9sidence tournante du Mercosur.<\/p>\n<p>L&rsquo;accord UE-Mercosur dans son enti\u00e8ret\u00e9, lui, devra encore patienter quelques ann\u00e9es avant de se concr\u00e9tiser: il devra \u00eatre ratifi\u00e9 par les 39 chambres et parlements nationaux de l&rsquo;UE pour entrer en vigueur. Outre le volet commercial, l&rsquo;APEM abrite \u00e9galement un pilier politique et un pilier de coop\u00e9ration, qui rel\u00e8vent des comp\u00e9tences partag\u00e9es entre l&rsquo;UE et ses \u00c9tats membres. Lorsqu&rsquo;il sera d\u00e9finitivement approuv\u00e9, l&rsquo;APEM prendra alors la place de l&rsquo;accord int\u00e9rimaire qui sera abrog\u00e9.<\/p>\n<p>Mais les soubresauts politiques s&rsquo;annoncent nombreux, \u00e0 l&rsquo;image du <a href=\"https:\/\/www.bfmtv.com\/economie\/economie-social\/union-europeenne\/le-ceta-est-un-bon-accord-commercial-emmanuel-macron-prend-la-defense-du-traite-ue-canada_AV-202404250526.html\" title=\"&quot;Le Ceta est un bon accord&quot;: Emmanuel Macron prend la d\u00e9fense du  trait\u00e9 UE-Canada\" class=\"internal_link\" rel=\"nofollow noopener\" target=\"_blank\">trait\u00e9 de libre-\u00e9change avec le Canada (Ceta)<\/a>, qui n&rsquo;a toujours pas franchi tous les obstacles l\u00e9gislatifs depuis son entr\u00e9e en vigueur provisoire en 2019.<\/p>\n<p>J\u00e9r\u00e9my Bruno Journaliste BFMTV<\/p>\n","protected":false},"excerpt":{"rendered":"L&rsquo;accord commercial entre l&rsquo;Union europ\u00e9enne europ\u00e9enne et les pays sud-am\u00e9ricains du Mercosur a franchi une nouvelle \u00e9tape \u00e0&hellip;\n","protected":false},"author":2,"featured_media":367313,"comment_status":"","ping_status":"","sticky":false,"template":"","format":"standard","meta":{"footnotes":""},"categories":[1586],"tags":[11,1777,674,1779,1011,27,12,25,1778,364],"class_list":{"0":"post-367312","1":"post","2":"type-post","3":"status-publish","4":"format-standard","5":"has-post-thumbnail","7":"category-europe","8":"tag-actualites","9":"tag-eu","10":"tag-europe","11":"tag-european-union","12":"tag-fr","13":"tag-france","14":"tag-news","15":"tag-republique-francaise","16":"tag-ue","17":"tag-union-europeenne"},"share_on_mastodon":{"url":"https:\/\/pubeurope.com\/@fr\/115149821970529749","error":""},"_links":{"self":[{"href":"https:\/\/www.europesays.com\/fr\/wp-json\/wp\/v2\/posts\/367312","targetHints":{"allow":["GET"]}}],"collection":[{"href":"https:\/\/www.europesays.com\/fr\/wp-json\/wp\/v2\/posts"}],"about":[{"href":"https:\/\/www.europesays.com\/fr\/wp-json\/wp\/v2\/types\/post"}],"author":[{"embeddable":true,"href":"https:\/\/www.europesays.com\/fr\/wp-json\/wp\/v2\/users\/2"}],"replies":[{"embeddable":true,"href":"https:\/\/www.europesays.com\/fr\/wp-json\/wp\/v2\/comments?post=367312"}],"version-history":[{"count":0,"href":"https:\/\/www.europesays.com\/fr\/wp-json\/wp\/v2\/posts\/367312\/revisions"}],"wp:featuredmedia":[{"embeddable":true,"href":"https:\/\/www.europesays.com\/fr\/wp-json\/wp\/v2\/media\/367313"}],"wp:attachment":[{"href":"https:\/\/www.europesays.com\/fr\/wp-json\/wp\/v2\/media?parent=367312"}],"wp:term":[{"taxonomy":"category","embeddable":true,"href":"https:\/\/www.europesays.com\/fr\/wp-json\/wp\/v2\/categories?post=367312"},{"taxonomy":"post_tag","embeddable":true,"href":"https:\/\/www.europesays.com\/fr\/wp-json\/wp\/v2\/tags?post=367312"}],"curies":[{"name":"wp","href":"https:\/\/api.w.org\/{rel}","templated":true}]}}