{"id":367316,"date":"2025-09-05T04:34:16","date_gmt":"2025-09-05T04:34:16","guid":{"rendered":"https:\/\/www.europesays.com\/fr\/367316\/"},"modified":"2025-09-05T04:34:16","modified_gmt":"2025-09-05T04:34:16","slug":"retailleau-tacle-melenchon-et-appelle-les-prefets-a-redoubler-de-vigilance","status":"publish","type":"post","link":"https:\/\/www.europesays.com\/fr\/367316\/","title":{"rendered":"Retailleau tacle M\u00e9lenchon et appelle les pr\u00e9fets \u00e0 \u00ab\u00a0redoubler de vigilance\u00a0\u00bb"},"content":{"rendered":"<p>A ses yeux, il est l&rsquo;\u00ab\u00a0ing\u00e9nieur en chef\u00a0\u00bb des \u00ab\u00a0esth\u00e8tes de la <a href=\"https:\/\/www.20minutes.fr\/dossier\/violence\" class=\"c-link c-link--is-underlined\" target=\"_blank\" rel=\"noopener\">violence <\/a>qui provoquent, insultent et menacent \u00e0 tour de bras\u00a0\u00bb. En s\u00e9minaire devant les pr\u00e9fets, <a href=\"https:\/\/www.20minutes.fr\/dossier\/bruno_retailleau\" class=\"c-link c-link--is-underlined\" target=\"_blank\" rel=\"noopener\">Bruno Retailleau<\/a> s\u2019en est violemment pris \u00e0 <a href=\"https:\/\/www.20minutes.fr\/politique\/jean-luc-melenchon\/\" class=\"c-link c-link--is-underlined\" target=\"_blank\" rel=\"noopener\">Jean-Luc M\u00e9lenchon<\/a>, qualifi\u00e9 de \u00ab\u00a0leader maximo des <a href=\"https:\/\/www.20minutes.fr\/politique\/france-insoumise\/\" class=\"c-link c-link--is-underlined\" target=\"_blank\" rel=\"noopener\">Insoumis\u00a0<\/a>\u00bb. \u00ab\u00a0Des r\u00e9volutionnaires aux petits pieds r\u00eavent de grands soirs et pour parvenir \u00e0 leurs fins, ils utilisent les pires moyens\u00a0\u00bb, a \u00e9voqu\u00e9 le <a href=\"https:\/\/www.20minutes.fr\/dossier\/ministre_de_l_interieur\" class=\"c-link c-link--is-underlined\" target=\"_blank\" rel=\"noopener\">ministre de l\u2019Int\u00e9rieur<\/a>.<\/p>\n<p>Afin d\u2019\u00e9viter dans les jours \u00e0 venir \u00ab\u00a0un d\u00e9cha\u00eenement des tensions et des provocations\u00a0\u00bb, il a appel\u00e9 les pr\u00e9fets \u00e0 \u00ab\u00a0redoubler de vigilance\u00a0\u00bb. \u00ab\u00a0L\u2019Etat doit \u00eatre pr\u00eat \u00e0 tout\u00a0\u00bb alors que \u00ab\u00a0certains s\u2019emploient \u00e0 transformer\u00a0\u00bb le \u00ab\u00a0climat d\u2019appr\u00e9hension en climat d\u2019insurrection\u00a0\u00bb. Il a appel\u00e9 les pr\u00e9fets \u00e0 faire en sorte d&rsquo;\u00ab\u00a0\u00e9viter que l\u2019encha\u00eenement p\u00e9rilleux des s\u00e9quences\u00a0\u00bb &#8211; le 8\u00a0septembre la confiance demand\u00e9e \u00e0 l\u2019Assembl\u00e9e par Fran\u00e7ois Bayrou et le 10, le mouvement appelant \u00e0 bloquer le pays &#8211; ne \u00ab\u00a0conduise \u00e0 un d\u00e9cha\u00eenement de tensions et de provocations\u00a0\u00bb.<\/p>\n<p>\u00ab\u00a0Une inversion totale des valeurs\u00a0\u00bb<\/p>\n<p>Le 22 ao\u00fbt, lors des universit\u00e9s d\u2019\u00e9t\u00e9 de LFI \u00e0 Ch\u00e2teauneuf-sur-Is\u00e8re, Jean-Luc M\u00e9lenchon s\u2019en \u00e9tait pris aux pr\u00e9fets qui portent plainte contre des d\u00e9put\u00e9s d\u00e9non\u00e7ant des violences polici\u00e8res pr\u00e9sum\u00e9es. \u00ab\u00a0Le devoir du pr\u00e9fet est de servir et d\u2019ob\u00e9ir \u00e0 la loi. [\u2026]. Nous vous mettrons en prison avant que vous nous y mettiez\u00a0\u00bb, avait-il menac\u00e9. En r\u00e9ponse, l\u2019Association du corps pr\u00e9fectoral et des hauts fonctionnaires du minist\u00e8re de l\u2019Int\u00e9rieur a annonc\u00e9, mardi, d\u00e9poser plainte contre le leader de la France insoumise pour \u00ab\u00a0menaces\u00a0\u00bb.<\/p>\n<\/p>\n<p>Les mots de M\u00e9lenchon \u00ab\u00a0sont une honte absolue\u00a0\u00bb, a estim\u00e9 le ministre de l\u2019Int\u00e9rieur \u00e9galement pr\u00e9sident de LR, pour qui il y a l\u00e0 \u00ab\u00a0une inversion totale des valeurs\u00a0\u00bb. \u00ab\u00a0Voil\u00e0 un homme qui a \u00e9t\u00e9 ministre de la R\u00e9publique [\u2026] qui promet la prison. Non pas aux d\u00e9linquants et aux violents [\u2026], non pas aux haineux de l\u2019antis\u00e9mitisme et de l\u2019islamisme [\u2026]. Mais la prison pour ceux qui combattent la violence\u00a0\u00bb.<\/p>\n<p><a href=\"https:\/\/www.20minutes.fr\/dossier\/bruno_retailleau\" class=\"c-link c-btn c-btn--primary\" target=\"_blank\" rel=\"noopener\">Notre dossier sur Bruno Retailleau<\/a><\/p>\n<p>\u00ab\u00a0La R\u00e9publique, c\u2019est vous, pas lui\u00a0\u00bb, a ajout\u00e9 Bruno Retailleau. Il faisait ainsi r\u00e9f\u00e9rence \u00e0 une r\u00e9plique devenue c\u00e9l\u00e8bre de Jean-Luc M\u00e9lenchon qui, s\u2019emportant contre une perquisition du si\u00e8ge de LFI en octobre\u00a02018, avait lanc\u00e9 \u00ab\u00a0La R\u00e9publique, c\u2019est moi\u00a0!\u00a0\u00bb<\/p>\n","protected":false},"excerpt":{"rendered":"A ses yeux, il est l&rsquo;\u00ab\u00a0ing\u00e9nieur en chef\u00a0\u00bb des \u00ab\u00a0esth\u00e8tes de la violence qui provoquent, insultent et menacent&hellip;\n","protected":false},"author":2,"featured_media":367317,"comment_status":"","ping_status":"","sticky":false,"template":"","format":"standard","meta":{"footnotes":""},"categories":[2],"tags":[47,11,1013,1011,27,431,3081,1023,7088,12,316,14583,25,49393],"class_list":{"0":"post-367316","1":"post","2":"type-post","3":"status-publish","4":"format-standard","5":"has-post-thumbnail","7":"category-actualites","8":"tag-actualite","9":"tag-actualites","10":"tag-bruno-retailleau","11":"tag-fr","12":"tag-france","13":"tag-francois-bayrou","14":"tag-jean-luc-melenchon","15":"tag-la-france-insoumise-lfi","16":"tag-ministre-de-linterieur","17":"tag-news","18":"tag-politique","19":"tag-prefet","20":"tag-republique-francaise","21":"tag-vote-de-confiance"},"share_on_mastodon":{"url":"https:\/\/pubeurope.com\/@fr\/115149829856400453","error":""},"_links":{"self":[{"href":"https:\/\/www.europesays.com\/fr\/wp-json\/wp\/v2\/posts\/367316","targetHints":{"allow":["GET"]}}],"collection":[{"href":"https:\/\/www.europesays.com\/fr\/wp-json\/wp\/v2\/posts"}],"about":[{"href":"https:\/\/www.europesays.com\/fr\/wp-json\/wp\/v2\/types\/post"}],"author":[{"embeddable":true,"href":"https:\/\/www.europesays.com\/fr\/wp-json\/wp\/v2\/users\/2"}],"replies":[{"embeddable":true,"href":"https:\/\/www.europesays.com\/fr\/wp-json\/wp\/v2\/comments?post=367316"}],"version-history":[{"count":0,"href":"https:\/\/www.europesays.com\/fr\/wp-json\/wp\/v2\/posts\/367316\/revisions"}],"wp:featuredmedia":[{"embeddable":true,"href":"https:\/\/www.europesays.com\/fr\/wp-json\/wp\/v2\/media\/367317"}],"wp:attachment":[{"href":"https:\/\/www.europesays.com\/fr\/wp-json\/wp\/v2\/media?parent=367316"}],"wp:term":[{"taxonomy":"category","embeddable":true,"href":"https:\/\/www.europesays.com\/fr\/wp-json\/wp\/v2\/categories?post=367316"},{"taxonomy":"post_tag","embeddable":true,"href":"https:\/\/www.europesays.com\/fr\/wp-json\/wp\/v2\/tags?post=367316"}],"curies":[{"name":"wp","href":"https:\/\/api.w.org\/{rel}","templated":true}]}}