{"id":367318,"date":"2025-09-05T04:35:11","date_gmt":"2025-09-05T04:35:11","guid":{"rendered":"https:\/\/www.europesays.com\/fr\/367318\/"},"modified":"2025-09-05T04:35:11","modified_gmt":"2025-09-05T04:35:11","slug":"les-3-enjeux-du-premier-match-des-bleus-sur-la-route-du-mondial-2026","status":"publish","type":"post","link":"https:\/\/www.europesays.com\/fr\/367318\/","title":{"rendered":"les 3 enjeux du premier match des Bleus sur la route du Mondial 2026"},"content":{"rendered":"<p class=\"article-p mdl\">La route du Mondial s&rsquo;ouvre pour les Bleus. Ce vendredi 5 septembre 2025, l&rsquo;Ukraine re\u00e7oit l&rsquo;\u00e9quipe de France \u00e0 la\u00a0Tarczynski Arena\u00a0de Wroclaw, au sud-ouest de la Pologne (20h45 &#8211; heure fran\u00e7aise). La rencontre du Groupe D ouvre le bal du parcours des joueurs de Didier Deschamps, qui tenteront de se <strong>qualifier pour la comp\u00e9tition intercontinentale.<\/strong><\/p>\n<p class=\"article-p mdl\">Face \u00e0 eux, la s\u00e9lection ukrainienne n&rsquo;a plus disput\u00e9 de rencontre sur ses terres depuis novembre 2021 (face \u00e0 la Bulgarie, \u00e0 Odessa, 1-1) depuis le d\u00e9but de\u00a0<a class=\"link\" href=\"https:\/\/www.rtl.fr\/actu\/international\/guerre-en-ukraine-terreur-barbarie-grande-cruaute-emmanuel-macron-condamne-les-bombardements-sur-kiev-7900534775\" target=\"_blank\" rel=\"noopener\">l&rsquo;invasion par la Russie<\/a>\u00a0en f\u00e9vrier 2022. Depuis, les \u00ab\u00a0Jaune et Bleu\u00a0\u00bb, qui n&rsquo;ont plus disput\u00e9 la comp\u00e9tition depuis la Coupe du monde 2006, jouent leurs matches \u00e0 domicile <strong>dans plusieurs pays europ\u00e9ens :<\/strong> la Pologne, la R\u00e9publique tch\u00e8que, la Slovaquie, l&rsquo;Espagne et l&rsquo;Allemagne.<\/p>\n<p class=\"article-p mdl\">Pour ces \u00e9liminatoires, les nations de l&rsquo;UEFA sont\u00a0r\u00e9parties en douze groupes de cinq ou quatre \u00e9quipes. Chaque vainqueur de groupe, en t\u00eate de celui-ci, est directement qualifi\u00e9 pour la comp\u00e9tition. Les deuxi\u00e8mes de groupes, ainsi que quatre \u00e9quipes rep\u00each\u00e9es de la Ligue des nations 2024-25 participeront \u00e0 des rencontres de barrage, constitu\u00e9s de quatre voies de barrages aussi constitu\u00e9s de quatre \u00e9quipes et un qualifi\u00e9.<\/p>\n<p>            1. Attaquer les qualifs du bon pied<\/p>\n<p class=\"article-p mdl\">Les Bleus tenteront de <strong>d\u00e9crocher une premi\u00e8re victoire<\/strong> pour lancer leur chemin vers le Mondial face \u00e0 une s\u00e9lection qu&rsquo;ils n&rsquo;ont plus battue depuis deux rencontres\u00a0<a class=\"link\" href=\"https:\/\/www.rtl.fr\/sport\/football\/en-direct-suivez-france-ukraine-en-live-commente-match-amical-7800889235\" target=\"_blank\" rel=\"noopener\">(7-1 en 2020)<\/a>. Lors des 12 confrontations qui ont oppos\u00e9 les deux formations, la France s&rsquo;est impos\u00e9e \u00e0 six reprises, notamment en 2013, pour les barrages de la Coupe du monde 2014.<\/p>\n<p class=\"article-p mdl\">Apr\u00e8s une d\u00e9faite 2 buts \u00e0 0 en Ukraine, les Fran\u00e7ais avaient r\u00e9ussi \u00e0 <strong>renverser la vapeur au Stade de France, en s&rsquo;imposant 3 \u00e0 0,<\/strong> gr\u00e2ce \u00e0 un doubl\u00e9 du d\u00e9fenseur Mamadou Sakho. En conf\u00e9rence de presse mercredi, le s\u00e9lectionneur Didier Deschamps a estim\u00e9 que ses joueurs allaient entamer une phase de poules difficile, lors de la rencontre \u00e0 l&rsquo;ext\u00e9rieur, la moins \u00e9vidente.<\/p>\n<p class=\"article-p mdl\">\u00ab\u00a0M\u00eame s&rsquo;ils ne jouent pas tous au quotidien en club, ils d\u00e9gagent beaucoup d&rsquo;\u00e9nergie \u00e0 repr\u00e9senter leur pays\u00a0\u00bb, a d\u00e9clar\u00e9 le s\u00e9lectionneur fran\u00e7ais \u00e0 propos des internationaux ukrainiens. \u00ab\u00a0Avec tout le respect que j&rsquo;ai pour l&rsquo;Islande et l&rsquo;Azerba\u00efdjan, l&rsquo;Ukraine est l&rsquo;adversaire le plus solide\u00a0\u00bb, a-t-il ajout\u00e9. L&rsquo;Ukraine est la s\u00e9lection la plus haute au classement UEFA (23e) parmi les trois adversaires des Bleus : l&rsquo;Islande (74e) et l&rsquo;Azerba\u00efdjan (122e).<\/p>\n<p>            2. S&rsquo;imposer les cadres de l&rsquo;\u00e9quipe<\/p>\n<p class=\"article-p mdl\">Les joueurs de Didier Deschamps restent sur une s\u00e9rie de matchs compliqu\u00e9e, malgr\u00e9 une victoire d\u00e9croch\u00e9e en Allemagne pour le match de la troisi\u00e8me place (0-2) en Ligue des nations, le 8 juin 2025. <strong>Les Bleus s&rsquo;\u00e9taient inclin\u00e9s 5 buts \u00e0 4 face \u00e0 la <\/strong><strong>Roja<\/strong> espagnole lors de la demi-finale pr\u00e9c\u00e9dente dans la comp\u00e9tition. Les joueurs devront, une nouvelle fois, chercher une nouvelle victoire \u00e0 l&rsquo;ext\u00e9rieur.<br \/><strong\/><br \/><strong>Rayan Cherki<\/strong> (Manchester City) et <strong>William Saliba<\/strong> (Arsenal), bless\u00e9s, sont indisponibles pour ce rassemblement. Malgr\u00e9 des nouvelles rassurantes pour les deux joueurs, ce d\u00e9but de sprint menant au Mondial 2026 se fera sans\u00a0<a class=\"link\" href=\"https:\/\/www.rtl.fr\/sport\/football\/equipe-de-france-nouvelles-rassurantes-pour-dembele-et-konate-7900536373\" target=\"_blank\" rel=\"noopener\">Ousmane Demb\u00e9l\u00e9 et Ibrahima Konat\u00e9<\/a>\u00a0dans le onze de d\u00e9part. Les deux joueurs \u00e9tant respectivement touch\u00e9s \u00e0 l&rsquo;ischio-jambier gauche et victime de crampes.<\/p>\n<p>            3. Les nouveaux venus ont une carte \u00e0 jouer<\/p>\n<p class=\"article-p mdl\">Parmi les joueurs pr\u00e9sents, le capitaine Kylian Mbapp\u00e9 et le favori au Ballon d&rsquo;Or 2025 devrait conduire l&rsquo;attaque fran\u00e7aise aux c\u00f4t\u00e9s de D\u00e9sir\u00e9 Dou\u00e9 et Michael Olise ou Bradley Barcola.<\/p>\n<p>Nouveaux arriv\u00e9s dans l&rsquo;effectif de l&rsquo;\u00e9quipe de France, <strong>Maghnes Akliouche<\/strong> (AS Monaco) et <strong>Hugo Ekitik\u00e9<\/strong> (Liverpool), mais aussi <strong>Kh\u00e9phren Thuram<\/strong> (Juventus), qui a f\u00eat\u00e9 son retour avec les A depuis sa derni\u00e8re et seule s\u00e9lection en mars 2023, seront les trois joueurs \u00e0 suivre pour les rencontres face \u00e0 l&rsquo;Ukraine et l&rsquo;Islande, mardi 9 septembre 2025 au\u00a0<a class=\"link\" href=\"https:\/\/www.rtl.fr\/sport\/football\/des-emotions-qu-on-ne-vit-qu-une-fois-soiree-inoubliable-pour-les-48-000-fans-reunis-au-parc-des-princes-dimanche-7900511084\" target=\"_blank\" rel=\"noopener\">Parc des Princes<\/a>. \u00c2g\u00e9s de 23 et 24, les n\u00e9o-Bleus tenteront de gagner des points, \u00e0 dix mois de la Coupe du monde 2026.<\/p>\n<p>    La r\u00e9daction vous recommande<\/p>\n<p class=\"s-newsletter__title\">\n                L\u2019actualit\u00e9 par la r\u00e9daction de RTL dans votre bo\u00eete mail.\n            <\/p>\n<p class=\"s-newsletter__subtitle\">\n                Gr\u00e2ce \u00e0 votre compte RTL abonnez-vous \u00e0 la newsletter RTL info pour suivre toute l&rsquo;actualit\u00e9 au quotidien\n            <\/p>\n<p>\n                                    Lire la suite\n                                <\/p>\n","protected":false},"excerpt":{"rendered":"La route du Mondial s&rsquo;ouvre pour les Bleus. Ce vendredi 5 septembre 2025, l&rsquo;Ukraine re\u00e7oit l&rsquo;\u00e9quipe de France&hellip;\n","protected":false},"author":2,"featured_media":367319,"comment_status":"","ping_status":"","sticky":false,"template":"","format":"standard","meta":{"footnotes":""},"categories":[4],"tags":[11,451,20532,6713,107,2619,63,1011,27,12,25],"class_list":{"0":"post-367318","1":"post","2":"type-post","3":"status-publish","4":"format-standard","5":"has-post-thumbnail","7":"category-france","8":"tag-actualites","9":"tag-coupe-du-monde","10":"tag-didier-deschamps","11":"tag-equipe-de-france-de-football","12":"tag-fil-info","13":"tag-fil-sport","14":"tag-football","15":"tag-fr","16":"tag-france","17":"tag-news","18":"tag-republique-francaise"},"share_on_mastodon":{"url":"https:\/\/pubeurope.com\/@fr\/115149833660656059","error":""},"_links":{"self":[{"href":"https:\/\/www.europesays.com\/fr\/wp-json\/wp\/v2\/posts\/367318","targetHints":{"allow":["GET"]}}],"collection":[{"href":"https:\/\/www.europesays.com\/fr\/wp-json\/wp\/v2\/posts"}],"about":[{"href":"https:\/\/www.europesays.com\/fr\/wp-json\/wp\/v2\/types\/post"}],"author":[{"embeddable":true,"href":"https:\/\/www.europesays.com\/fr\/wp-json\/wp\/v2\/users\/2"}],"replies":[{"embeddable":true,"href":"https:\/\/www.europesays.com\/fr\/wp-json\/wp\/v2\/comments?post=367318"}],"version-history":[{"count":0,"href":"https:\/\/www.europesays.com\/fr\/wp-json\/wp\/v2\/posts\/367318\/revisions"}],"wp:featuredmedia":[{"embeddable":true,"href":"https:\/\/www.europesays.com\/fr\/wp-json\/wp\/v2\/media\/367319"}],"wp:attachment":[{"href":"https:\/\/www.europesays.com\/fr\/wp-json\/wp\/v2\/media?parent=367318"}],"wp:term":[{"taxonomy":"category","embeddable":true,"href":"https:\/\/www.europesays.com\/fr\/wp-json\/wp\/v2\/categories?post=367318"},{"taxonomy":"post_tag","embeddable":true,"href":"https:\/\/www.europesays.com\/fr\/wp-json\/wp\/v2\/tags?post=367318"}],"curies":[{"name":"wp","href":"https:\/\/api.w.org\/{rel}","templated":true}]}}