{"id":367324,"date":"2025-09-05T04:41:14","date_gmt":"2025-09-05T04:41:14","guid":{"rendered":"https:\/\/www.europesays.com\/fr\/367324\/"},"modified":"2025-09-05T04:41:14","modified_gmt":"2025-09-05T04:41:14","slug":"motogp-bagnaia-ne-renonce-pas","status":"publish","type":"post","link":"https:\/\/www.europesays.com\/fr\/367324\/","title":{"rendered":"MotoGP : Bagnaia ne renonce pas"},"content":{"rendered":"<p>Le pilote Ducati a parl\u00e9 \u00e0 Sky des d\u00e9fis \u00e0 Barcelone : un circuit qu&rsquo;il conna\u00eet depuis des ann\u00e9es, o\u00f9 la porte du championnat du monde s&rsquo;est ouverte et o\u00f9 il s&rsquo;amuse malgr\u00e9 les avantages et les inconv\u00e9nients de la piste. Marc Marquez, quant \u00e0 lui, arrive en pleine forme et entend bien confirmer sa domination. <\/p>\n<p><b>\u00ab\u00a0Nous avons compris quelque chose en Hongrie, voyons si nous pouvons l&rsquo;appliquer ici au Montmel\u00f3. C&rsquo;est une saison compliqu\u00e9e, mais nous essayons par tous les moyens de trouver une solution.\u00a0\u00bb<\/b> Le mot de <a href=\"https:\/\/www.flashscore.fr\/joueur\/bagnaia-francesco\/nahP9n9q\/\" target=\"_blank\" rel=\"noopener\">Francesco Bagnaia<\/a> depuis le GP de Catalogne en Espagne aux micros de Sky.<\/p>\n<p><b>\u00ab\u00a0Barcelone est un circuit qui m&rsquo;accompagne depuis de nombreuses ann\u00e9es, c&rsquo;est l&rsquo;une des courses qui m&rsquo;a ouvert les portes du championnat du monde lorsque j&rsquo;\u00e9tais dans le championnat espagnol\u00a0\u00bb, <\/b>se souvient le pilote Ducati.<\/p>\n<p><b>\u00ab\u00a0En championnat du monde, j&rsquo;ai toujours eu un peu de mal jusqu&rsquo;en 2022 et depuis, je n&rsquo;ai jamais cess\u00e9 de progresser. Avec ou sans chance, plusieurs choses se sont produites qui nous ont fait souffrir ou perdre. Comme la chute du Sprint l&rsquo;ann\u00e9e derni\u00e8re, qui m&rsquo;aurait permis d&rsquo;obtenir les 12 points avec lesquels j&rsquo;aurais pu remporter le titre. En g\u00e9n\u00e9ral, c&rsquo;est un circuit que j&rsquo;aime beaucoup et o\u00f9 je m&rsquo;amuse beaucoup, mais il y a des avantages et des inconv\u00e9nients\u00a0\u00bb.<\/b><\/p>\n<p>Marc Marquez : \u00ab\u00a0J&rsquo;arrive ici en pleine forme\u00a0\u00bb.<\/p>\n<p><b>\u00ab\u00a0Montmelo m&rsquo;obligera \u00e0 travailler un peu plus dur pour \u00eatre au top, mais j&rsquo;arrive ici en pleine forme. Avant le GP de Catalogne, Marc Marquez parle d\u00e9j\u00e0 comme un pilote qui domine la course.\u00a0\u00bb<\/b><\/p>\n<p><b>\u00ab\u00a0C&rsquo;est l&rsquo;un des circuits les moins favorables au championnat, mais la motivation est grande et je ferai tout pour gagner\u00a0\u00bb<\/b>, ajoute-t-il.<\/p>\n<p>Marquez parle ensuite de ses rivaux potentiels :<b> \u00ab\u00a0Acosta, mon principal rival ? C&rsquo;est possible, il faudra que quelqu&rsquo;un mette fin \u00e0 ma s\u00e9rie. Il y a aussi Alex et Pecco et les Aprilia. Ici \u00e0 Barcelone, j&rsquo;ai imm\u00e9diatement compris que la moto me permettrait de me battre pour le titre. Je savais d\u00e9j\u00e0 avant le test que c&rsquo;\u00e9tait le bon endroit\u00a0\u00bb.<\/b><\/p>\n","protected":false},"excerpt":{"rendered":"Le pilote Ducati a parl\u00e9 \u00e0 Sky des d\u00e9fis \u00e0 Barcelone : un circuit qu&rsquo;il conna\u00eet depuis des&hellip;\n","protected":false},"author":2,"featured_media":367325,"comment_status":"","ping_status":"","sticky":false,"template":"","format":"standard","meta":{"footnotes":""},"categories":[1413],"tags":[1011,27,1457,1456,60],"class_list":{"0":"post-367324","1":"post","2":"type-post","3":"status-publish","4":"format-standard","5":"has-post-thumbnail","7":"category-moto","8":"tag-fr","9":"tag-france","10":"tag-moto","11":"tag-motocycle","12":"tag-sports"},"share_on_mastodon":{"url":"https:\/\/pubeurope.com\/@fr\/115149857925687181","error":""},"_links":{"self":[{"href":"https:\/\/www.europesays.com\/fr\/wp-json\/wp\/v2\/posts\/367324","targetHints":{"allow":["GET"]}}],"collection":[{"href":"https:\/\/www.europesays.com\/fr\/wp-json\/wp\/v2\/posts"}],"about":[{"href":"https:\/\/www.europesays.com\/fr\/wp-json\/wp\/v2\/types\/post"}],"author":[{"embeddable":true,"href":"https:\/\/www.europesays.com\/fr\/wp-json\/wp\/v2\/users\/2"}],"replies":[{"embeddable":true,"href":"https:\/\/www.europesays.com\/fr\/wp-json\/wp\/v2\/comments?post=367324"}],"version-history":[{"count":0,"href":"https:\/\/www.europesays.com\/fr\/wp-json\/wp\/v2\/posts\/367324\/revisions"}],"wp:featuredmedia":[{"embeddable":true,"href":"https:\/\/www.europesays.com\/fr\/wp-json\/wp\/v2\/media\/367325"}],"wp:attachment":[{"href":"https:\/\/www.europesays.com\/fr\/wp-json\/wp\/v2\/media?parent=367324"}],"wp:term":[{"taxonomy":"category","embeddable":true,"href":"https:\/\/www.europesays.com\/fr\/wp-json\/wp\/v2\/categories?post=367324"},{"taxonomy":"post_tag","embeddable":true,"href":"https:\/\/www.europesays.com\/fr\/wp-json\/wp\/v2\/tags?post=367324"}],"curies":[{"name":"wp","href":"https:\/\/api.w.org\/{rel}","templated":true}]}}