{"id":367326,"date":"2025-09-05T04:42:14","date_gmt":"2025-09-05T04:42:14","guid":{"rendered":"https:\/\/www.europesays.com\/fr\/367326\/"},"modified":"2025-09-05T04:42:14","modified_gmt":"2025-09-05T04:42:14","slug":"equipe-de-france-et-pendant-ce-temps-zinedine-zidane-attend-son-heure-en-toute-discretion","status":"publish","type":"post","link":"https:\/\/www.europesays.com\/fr\/367326\/","title":{"rendered":"\u00c9quipe de France\u00a0: et pendant ce temps, Zin\u00e9dine Zidane attend son heure en toute discr\u00e9tion"},"content":{"rendered":"<p class=\"paragraph text_align_left lp-f-body-02\">Depuis que <a href=\"https:\/\/www.leparisien.fr\/sports\/football\/didier-deschamps\/\" target=\"_blank\" rel=\"noreferrer noopener\">Didier Deschamps<\/a> a annonc\u00e9 qu\u2019il l\u00e2cherait son tr\u00f4ne \u00e0 l\u2019issue de la <a href=\"https:\/\/www.leparisien.fr\/sports\/football\/coupe-du-monde\/\" target=\"_blank\" rel=\"noreferrer noopener\">Coupe du monde 2026<\/a> (11 juin-19 juillet), <a href=\"https:\/\/www.leparisien.fr\/sports\/football\/equipe-de-france\/depart-de-deschamps-en-2026-zinedine-zidane-le-successeur-tout-designe-07-01-2025-GTMLAUSBGNFBTEHCRHMJO6YEFM.php?ts=1756995663607\" target=\"_blank\" rel=\"noopener\">un seul revient pour lui succ\u00e9der<\/a>, comme une \u00e9vidence. <a href=\"https:\/\/www.leparisien.fr\/sports\/football\/zinedine-zidane\/\" target=\"_blank\" rel=\"noopener\">Zin\u00e9dine Zidane<\/a> est le grand favori pour reprendre le flambeau \u00e0 la t\u00eate de l\u2019\u00e9quipe de France. Longtemps, l\u2019\u00e9vocation du num\u00e9ro 10 embl\u00e9matique n\u2019aura \u00e9t\u00e9 qu\u2019un fantasme, un doux r\u00eave de supporter voulant voir l\u2019idole de tout un peuple h\u00e9riter \u00e0 son tour de la couronne, mais, cette fois, le r\u00eave pourrait bien devenir r\u00e9alit\u00e9.<\/p>\n<p class=\"paragraph text_align_left lp-f-body-02\">L\u2019int\u00e9ress\u00e9 lui-m\u00eame ne se cache plus. D\u2019ordinaire discret sur sa vie de tous les jours, Zizou a bris\u00e9 un petit peu la glace ces derni\u00e8res semaines. Un petit peu seulement, mais quand m\u00eame. On l\u2019a vu au Grand Prix de <a href=\"https:\/\/www.leparisien.fr\/sports\/formule-1\/\" target=\"_blank\" rel=\"noreferrer noopener\">Formule 1<\/a> de Monaco, <a href=\"https:\/\/www.leparisien.fr\/sports\/football\/ligue-2-quand-zinedine-zidane-rend-visite-au-club-de-rodez-pour-la-reprise-10-08-2025-W5P2OBIGI5CHHI4OXUMKC6NTX4.php\" target=\"_blank\" rel=\"noopener\">en visite \u00e0 Rodez en Ligue 2<\/a>, poussant la chansonnette avec son ami Christophe Dugarry sur le tube \u00ab Tourner la page \u00bb de Zaho, \u00e0 l\u2019occasion d\u2019une grande f\u00eate organis\u00e9e pour les 27 ans de la victoire des Bleus \u00e0 la Coupe du monde 1998.<\/p>\n","protected":false},"excerpt":{"rendered":"Depuis que Didier Deschamps a annonc\u00e9 qu\u2019il l\u00e2cherait son tr\u00f4ne \u00e0 l\u2019issue de la Coupe du monde 2026&hellip;\n","protected":false},"author":2,"featured_media":367327,"comment_status":"","ping_status":"","sticky":false,"template":"","format":"standard","meta":{"footnotes":""},"categories":[1412],"tags":[27345,1451,63,1452,1453,1454,1455,1011,27,60],"class_list":{"0":"post-367326","1":"post","2":"type-post","3":"status-publish","4":"format-standard","5":"has-post-thumbnail","7":"category-f1","8":"tag-equipe_france_foot","9":"tag-f1","10":"tag-football","11":"tag-formula-1","12":"tag-formula1","13":"tag-formule-1","14":"tag-formule1","15":"tag-fr","16":"tag-france","17":"tag-sports"},"share_on_mastodon":{"url":"https:\/\/pubeurope.com\/@fr\/115149861274568368","error":""},"_links":{"self":[{"href":"https:\/\/www.europesays.com\/fr\/wp-json\/wp\/v2\/posts\/367326","targetHints":{"allow":["GET"]}}],"collection":[{"href":"https:\/\/www.europesays.com\/fr\/wp-json\/wp\/v2\/posts"}],"about":[{"href":"https:\/\/www.europesays.com\/fr\/wp-json\/wp\/v2\/types\/post"}],"author":[{"embeddable":true,"href":"https:\/\/www.europesays.com\/fr\/wp-json\/wp\/v2\/users\/2"}],"replies":[{"embeddable":true,"href":"https:\/\/www.europesays.com\/fr\/wp-json\/wp\/v2\/comments?post=367326"}],"version-history":[{"count":0,"href":"https:\/\/www.europesays.com\/fr\/wp-json\/wp\/v2\/posts\/367326\/revisions"}],"wp:featuredmedia":[{"embeddable":true,"href":"https:\/\/www.europesays.com\/fr\/wp-json\/wp\/v2\/media\/367327"}],"wp:attachment":[{"href":"https:\/\/www.europesays.com\/fr\/wp-json\/wp\/v2\/media?parent=367326"}],"wp:term":[{"taxonomy":"category","embeddable":true,"href":"https:\/\/www.europesays.com\/fr\/wp-json\/wp\/v2\/categories?post=367326"},{"taxonomy":"post_tag","embeddable":true,"href":"https:\/\/www.europesays.com\/fr\/wp-json\/wp\/v2\/tags?post=367326"}],"curies":[{"name":"wp","href":"https:\/\/api.w.org\/{rel}","templated":true}]}}