{"id":367330,"date":"2025-09-05T04:44:11","date_gmt":"2025-09-05T04:44:11","guid":{"rendered":"https:\/\/www.europesays.com\/fr\/367330\/"},"modified":"2025-09-05T04:44:11","modified_gmt":"2025-09-05T04:44:11","slug":"fc-nantes-mercato-marcus-coco-a-deux-pistes-surprenantes-pour-rebondir","status":"publish","type":"post","link":"https:\/\/www.europesays.com\/fr\/367330\/","title":{"rendered":"FC Nantes Mercato\u00a0: Marcus Coco a deux pistes surprenantes pour rebondir"},"content":{"rendered":"<p><strong>Libre apr\u00e8s ses six saisons au FC Nantes, Marcus Coco (29 ans) est dans l\u2019attente d\u2019un nouveau challenge. Deux clubs pensent \u00e0 lui\u2026<\/strong><\/p>\n<p>On avait laiss\u00e9 Marcus Coco sur une confession surprenante : approch\u00e9 par un club russe durant l\u2019\u00e9t\u00e9, l\u2019ancien lat\u00e9ral droit du FC Nantes n\u2019avait pas donn\u00e9 suite car\u2026 ses parents craignaient pour sa s\u00e9curit\u00e9 dans un pays en guerre avec l\u2019Ukraine depuis trois ans et demi. Coco a donc poursuivi sa pr\u00e9paration estivale avec l\u2019UNFP, encha\u00eenant les matches amicaux. Mais il pourrait bient\u00f4t signer dans un nouveau club.<\/p>\n<p>Coco entre la Roumanie et Isra\u00ebl<\/p>\n<p>En effet, selon <a href=\"https:\/\/www.lequipe.fr\/Football\/Actualites\/Mercato-marcus-coco-entre-cluj-et-l-hapoel-tel-aviv\/1590564\" rel=\"noopener\" target=\"_blank\">L\u2019Equipe<\/a>, Marcus Coco a re\u00e7u r\u00e9cemment deux propositions de contrat, de la part des Roumains de Cluj et des Isra\u00e9liens de l\u2019Hapo\u00ebl Tel Aviv. En Roumanie, il pourrait rejoindre Kurt Zouma qui s\u2019est engag\u00e9 il y a quelques heures avec Cluj. L\u2019ailier ou lat\u00e9ral droit guadeloup\u00e9en est en pleine r\u00e9flexion.<\/p>\n","protected":false},"excerpt":{"rendered":"Libre apr\u00e8s ses six saisons au FC Nantes, Marcus Coco (29 ans) est dans l\u2019attente d\u2019un nouveau challenge.&hellip;\n","protected":false},"author":2,"featured_media":367331,"comment_status":"","ping_status":"","sticky":false,"template":"","format":"standard","meta":{"footnotes":""},"categories":[1410],"tags":[11,448,63,1011,27,66,3388,12,60,10662],"class_list":{"0":"post-367330","1":"post","2":"type-post","3":"status-publish","4":"format-standard","5":"has-post-thumbnail","7":"category-football","8":"tag-actualites","9":"tag-champions-league","10":"tag-football","11":"tag-fr","12":"tag-france","13":"tag-ligue-1","14":"tag-matchs","15":"tag-news","16":"tag-sports","17":"tag-transferts"},"share_on_mastodon":{"url":"https:\/\/pubeurope.com\/@fr\/115149869349374466","error":""},"_links":{"self":[{"href":"https:\/\/www.europesays.com\/fr\/wp-json\/wp\/v2\/posts\/367330","targetHints":{"allow":["GET"]}}],"collection":[{"href":"https:\/\/www.europesays.com\/fr\/wp-json\/wp\/v2\/posts"}],"about":[{"href":"https:\/\/www.europesays.com\/fr\/wp-json\/wp\/v2\/types\/post"}],"author":[{"embeddable":true,"href":"https:\/\/www.europesays.com\/fr\/wp-json\/wp\/v2\/users\/2"}],"replies":[{"embeddable":true,"href":"https:\/\/www.europesays.com\/fr\/wp-json\/wp\/v2\/comments?post=367330"}],"version-history":[{"count":0,"href":"https:\/\/www.europesays.com\/fr\/wp-json\/wp\/v2\/posts\/367330\/revisions"}],"wp:featuredmedia":[{"embeddable":true,"href":"https:\/\/www.europesays.com\/fr\/wp-json\/wp\/v2\/media\/367331"}],"wp:attachment":[{"href":"https:\/\/www.europesays.com\/fr\/wp-json\/wp\/v2\/media?parent=367330"}],"wp:term":[{"taxonomy":"category","embeddable":true,"href":"https:\/\/www.europesays.com\/fr\/wp-json\/wp\/v2\/categories?post=367330"},{"taxonomy":"post_tag","embeddable":true,"href":"https:\/\/www.europesays.com\/fr\/wp-json\/wp\/v2\/tags?post=367330"}],"curies":[{"name":"wp","href":"https:\/\/api.w.org\/{rel}","templated":true}]}}