{"id":367344,"date":"2025-09-05T04:51:16","date_gmt":"2025-09-05T04:51:16","guid":{"rendered":"https:\/\/www.europesays.com\/fr\/367344\/"},"modified":"2025-09-05T04:51:16","modified_gmt":"2025-09-05T04:51:16","slug":"si-votre-medecin-vous-dit-que-ce-nest-rien-changez-de-medecin","status":"publish","type":"post","link":"https:\/\/www.europesays.com\/fr\/367344\/","title":{"rendered":"Si votre m\u00e9decin vous dit que ce n&rsquo;est rien, changez de m\u00e9decin"},"content":{"rendered":"<p class=\"mb-4 text-lg md:leading-8 break-words\">Longtemps consid\u00e9r\u00e9 comme une maladie de la cinquantaine et au-del\u00e0, le cancer colorectal touche aujourd\u2019hui de plus en plus de personnes jeunes. Les statistiques montrent une augmentation de pr\u00e8s de 3,6 % par an des cas chez les moins de 50 ans en Angleterre, une tendance observ\u00e9e aussi dans d\u2019autres pays occidentaux. Ce ph\u00e9nom\u00e8ne inqui\u00e8te les sp\u00e9cialistes, d\u2019autant qu\u2019il survient parfois chez des patients en bonne sant\u00e9, actifs et sans ant\u00e9c\u00e9dents familiaux. Pour le docteur Karen Zaghiyan, chirurgienne oncologue am\u00e9ricaine, la cl\u00e9 r\u00e9side dans une meilleure vigilance face aux sympt\u00f4mes, un d\u00e9pistage adapt\u00e9 et des choix m\u00e9dicaux \u00e9clair\u00e9s. Voici les six v\u00e9rit\u00e9s qu\u2019elle partage dans une vid\u00e9o sur les r\u00e9seaux sociaux.<\/p>\n<ol class=\"mb-4\">\n<li class=\"ml-4 list-decimal\">\n<p><strong> \u00catre jeune et sans ant\u00e9c\u00e9dents familiaux ne prot\u00e8ge pas totalement<\/strong><\/p>\n<\/li>\n<\/ol>\n<p class=\"mb-4 text-lg md:leading-8 break-words\">\u00ab Je suis heureuse que vous vous sentiez bien et que vous n\u2019ayez pas d\u2019ant\u00e9c\u00e9dents familiaux, mais vous pouvez quand m\u00eame avoir un cancer colorectal \u00bb, avertit le docteur Zaghiyan. Une coloscopie reste l\u2019examen de r\u00e9f\u00e9rence pour d\u00e9pister pr\u00e9cocement des polypes avant qu\u2019ils ne se transforment en cancer.<\/p>\n<ol class=\"mb-4\">\n<li class=\"ml-4 list-decimal\">\n<p><strong> Ne pas se contenter d\u2019un diagnostic h\u00e2tif<\/strong><\/p>\n<\/li>\n<\/ol>\n<p class=\"mb-4 text-lg md:leading-8 break-words\">Les saignements rectaux ne doivent jamais \u00eatre banalis\u00e9s. \u00ab Si votre m\u00e9decin vous dit qu\u2019il s\u2019agit d\u2019h\u00e9morro\u00efdes sans m\u00eame v\u00e9rifier, changez de m\u00e9decin \u00bb, insiste la sp\u00e9cialiste. Une \u00e9valuation approfondie est indispensable, car les sympt\u00f4mes du cancer colorectal (sang (&#8230;)<\/p>\n<p class=\"mb-4 text-lg md:leading-8 break-words\"><a href=\"https:\/\/www.topsante.com\/medecine\/cancers\/une-oncologue-alerte-face-a-ce-symptome-de-cancer-si-votre-medecin-vous-dit-que-ce-nest-rien-changez-de-medecin-925990?utm_campaign=partenariat&amp;utm_source=yahoo-articles&amp;utm_medium=flux\" rel=\"nofollow noopener\" target=\"_blank\" data-ylk=\"slk:Lire la suite sur Top Sant\u00e9;elm:context_link;itc:0;sec:content-canvas\" class=\"link \">Lire la suite sur Top Sant\u00e9<\/a><\/p>\n<p class=\"mb-4 text-lg md:leading-8 break-words\"><a href=\"https:\/\/www.topsante.com\/medecine\/maladies_neurologiques\/les-femmes-peuvent-passer-a-cote-dalzheimer-en-mangeant-cet-aliment-gras-925957?utm_campaign=partenariat&amp;utm_source=yahoo-articles&amp;utm_medium=flux\" rel=\"nofollow noopener\" target=\"_blank\" data-ylk=\"slk:Les femmes peuvent passer \u00e0 c\u00f4t\u00e9 d&#039;Alzheimer en mangeant cet aliment gras;elm:context_link;itc:0;sec:content-canvas\" class=\"link \">Les femmes peuvent passer \u00e0 c\u00f4t\u00e9 d&rsquo;Alzheimer en mangeant cet aliment gras<\/a><br \/><a href=\"https:\/\/www.topsante.com\/senior\/en_forme_apres_60_ans\/a-cet-age-la-il-vaut-mieux-avoir-un-peu-dembonpoint-quetre-mince-ce-sont-les-medecins-qui-le-disent-925923?utm_campaign=partenariat&amp;utm_source=yahoo-articles&amp;utm_medium=flux\" rel=\"nofollow noopener\" target=\"_blank\" data-ylk=\"slk:A cet \u00e2ge-l\u00e0, il vaut mieux avoir un peu d&#039;embonpoint qu&#039;\u00eatre mince : ce sont les m\u00e9decins qui le disent;elm:context_link;itc:0;sec:content-canvas\" class=\"link \">A cet \u00e2ge-l\u00e0, il vaut mieux avoir un peu d&#8217;embonpoint qu&rsquo;\u00eatre mince : ce sont les m\u00e9decins qui le disent<\/a><br \/><a href=\"https:\/\/www.topsante.com\/nutrition_et_recettes\/kefir-ou-yaourt-lequel-choisir-un-gastro-enterologue-donne-son-avis-dexpert-925902?utm_campaign=partenariat&amp;utm_source=yahoo-articles&amp;utm_medium=flux\" rel=\"nofollow noopener\" target=\"_blank\" data-ylk=\"slk:K\u00e9fir ou yaourt : lequel choisir ? Un gastro-ent\u00e9rologue donne son avis d\u2019expert;elm:context_link;itc:0;sec:content-canvas\" class=\"link \">K\u00e9fir ou yaourt : lequel choisir ? Un gastro-ent\u00e9rologue donne son avis d\u2019expert<\/a><br \/><a href=\"https:\/\/www.topsante.com\/medecine\/maladies_chroniques\/diabete\/une-etude-alarmante-montre-un-effet-du-diabete-qui-navait-jamais-ete-demontre-chez-letre-humain-925912?utm_campaign=partenariat&amp;utm_source=yahoo-articles&amp;utm_medium=flux\" rel=\"nofollow noopener\" target=\"_blank\" data-ylk=\"slk:Une \u00e9tude alarmante montre un effet du diab\u00e8te qui n&#039;avait jamais \u00e9t\u00e9 d\u00e9montr\u00e9 chez l&#039;\u00eatre humain;elm:context_link;itc:0;sec:content-canvas\" class=\"link \">Une \u00e9tude alarmante montre un effet du diab\u00e8te qui n&rsquo;avait jamais \u00e9t\u00e9 d\u00e9montr\u00e9 chez l&rsquo;\u00eatre humain<\/a><br \/><a href=\"https:\/\/www.topsante.com\/nutrition_et_recettes\/les_bons_aliments\/fruits_et_legumes\/dans-ce-fruit-courant-on-trouve-1600-substances-benefiques-pour-le-coeur-le-cerveau-et-le-microbiote-925688?utm_campaign=partenariat&amp;utm_source=yahoo-articles&amp;utm_medium=flux\" rel=\"nofollow noopener\" target=\"_blank\" data-ylk=\"slk:Dans ce fruit courant, on trouve 1600 substances b\u00e9n\u00e9fiques pour le c\u0153ur, le cerveau et le microbiote;elm:context_link;itc:0;sec:content-canvas\" class=\"link \">Dans ce fruit courant, on trouve 1600 substances b\u00e9n\u00e9fiques pour le c\u0153ur, le cerveau et le microbiote<\/a><\/p>\n","protected":false},"excerpt":{"rendered":"Longtemps consid\u00e9r\u00e9 comme une maladie de la cinquantaine et au-del\u00e0, le cancer colorectal touche aujourd\u2019hui de plus en&hellip;\n","protected":false},"author":2,"featured_media":367345,"comment_status":"","ping_status":"","sticky":false,"template":"","format":"standard","meta":{"footnotes":""},"categories":[10],"tags":[46516,6332,101,14845,1011,27,72,50179,48747,71],"class_list":{"0":"post-367344","1":"post","2":"type-post","3":"status-publish","4":"format-standard","5":"has-post-thumbnail","7":"category-sante","8":"tag-antecedents-familiaux","9":"tag-bonne-sante","10":"tag-cancer","11":"tag-cancer-colorectal","12":"tag-fr","13":"tag-france","14":"tag-health","15":"tag-karen-zaghiyan","16":"tag-pays-occidentaux","17":"tag-sante"},"share_on_mastodon":{"url":"https:\/\/pubeurope.com\/@fr\/115149896698498522","error":""},"_links":{"self":[{"href":"https:\/\/www.europesays.com\/fr\/wp-json\/wp\/v2\/posts\/367344","targetHints":{"allow":["GET"]}}],"collection":[{"href":"https:\/\/www.europesays.com\/fr\/wp-json\/wp\/v2\/posts"}],"about":[{"href":"https:\/\/www.europesays.com\/fr\/wp-json\/wp\/v2\/types\/post"}],"author":[{"embeddable":true,"href":"https:\/\/www.europesays.com\/fr\/wp-json\/wp\/v2\/users\/2"}],"replies":[{"embeddable":true,"href":"https:\/\/www.europesays.com\/fr\/wp-json\/wp\/v2\/comments?post=367344"}],"version-history":[{"count":0,"href":"https:\/\/www.europesays.com\/fr\/wp-json\/wp\/v2\/posts\/367344\/revisions"}],"wp:featuredmedia":[{"embeddable":true,"href":"https:\/\/www.europesays.com\/fr\/wp-json\/wp\/v2\/media\/367345"}],"wp:attachment":[{"href":"https:\/\/www.europesays.com\/fr\/wp-json\/wp\/v2\/media?parent=367344"}],"wp:term":[{"taxonomy":"category","embeddable":true,"href":"https:\/\/www.europesays.com\/fr\/wp-json\/wp\/v2\/categories?post=367344"},{"taxonomy":"post_tag","embeddable":true,"href":"https:\/\/www.europesays.com\/fr\/wp-json\/wp\/v2\/tags?post=367344"}],"curies":[{"name":"wp","href":"https:\/\/api.w.org\/{rel}","templated":true}]}}