{"id":367379,"date":"2025-09-05T05:10:26","date_gmt":"2025-09-05T05:10:26","guid":{"rendered":"https:\/\/www.europesays.com\/fr\/367379\/"},"modified":"2025-09-05T05:10:26","modified_gmt":"2025-09-05T05:10:26","slug":"chl-grenoble-voyage-en-allemagne","status":"publish","type":"post","link":"https:\/\/www.europesays.com\/fr\/367379\/","title":{"rendered":"CHL. Grenoble voyage en Allemagne"},"content":{"rendered":"<p>\u00a0<\/p>\n<p class=\"chapeau\">Les Br\u00fbleurs de Loups de Grenoble continuent leur saison europ\u00e9enne en Champions Hockey League avec deux rencontres \u00e0 l\u2019ext\u00e9rieur vendredi et dimanche face aux Allemands des Pinguins de Bremerhaven et de l\u2019Eisb\u00e4ren Berlin.<\/p>\n<p style=\"text-align: right\">Cr\u00e9dit photo : Fabien Baldino<\/p>\n<p>Malheureusement la campagne europ\u00e9enne des BDL a d\u00e9but\u00e9 par deux d\u00e9faites cons\u00e9cutives devant le public venu en nombre \u00e0 la patinoire Polesud. Pour leur premi\u00e8re rencontre en CHL depuis 2022, les Grenoblois se sont inclin\u00e9s 0-2 face au SC Bern au terme d\u2019un match appliqu\u00e9 et prometteur pour la suite de la comp\u00e9tition. Ils ont ensuite enchain\u00e9 sur un <a href=\"https:\/\/liguemagnus.com\/2025\/08\/30\/chl-lev-zug-domine-grenoble\/\" rel=\"nofollow noopener\" target=\"_blank\">deuxi\u00e8me revers cons\u00e9cutif deux jours plus tard face aux Suisses de l\u2019EV Zug sur le score de 1-5<\/a>. Les hommes de Per Hanberg auront \u00e0 c\u0153ur de r\u00e9agir face aux deux clubs allemands en fin de semaine. Toutefois, les Is\u00e9rois devront faire sans Nicolas Deschamps, bless\u00e9 lors de la rencontre face \u00e0 Bern.<\/p>\n<p>Les Grenoblois commenceront leur week-end en Allemagne face aux Pinguins de Bremerhaven vendredi \u00e0 19h30. C\u2019est la troisi\u00e8me participation des Br\u00eamois \u00e0 la CHL, ils se sont hiss\u00e9s en quart de finale de playoffs la saison derni\u00e8re avant de s\u2019incliner face au club suisse de Gen\u00e8ve-Servette. Cette saison, le club allemand a lanc\u00e9 sa comp\u00e9tition sur une victoire apr\u00e8s prolongation face au ZCS Lions Zurich (2-3) avant de perdre face aux Autrichiens du Red Bull Salzbourg (3-2) deux jours plus tard. Les BDL auront fort \u00e0 faire et devront surveiller en priorit\u00e9 Ziga Jeglic auteur de deux points face \u00e0 Salzbourg et le Slov\u00e8ne Jan Urbas d\u00e9j\u00e0 d\u00e9cisif par trois fois en deux matchs.<\/p>\n<p>Apr\u00e8s Bremerhaven vendredi, les Grenoblois se rendront \u00e0 Berlin dimanche \u00e0 19h00 pour y affronter le champion de DEL en titre : l\u2019Eisbaren Berlin. Les Berlinois, eux aussi \u00e9limin\u00e9s en quart de finale de CHL la saison pass\u00e9e ont un bilan d\u2019une victoire et une d\u00e9faite apr\u00e8s deux matchs \u00e0 l\u2019ext\u00e9rieur. Leur saison europ\u00e9enne a d\u00e9but\u00e9 par un blanchissage face aux Norv\u00e9giens de Storhamar Hamar (0-3) puis ils se sont inclin\u00e9s d\u2019un seul but face \u00e0 KAC Klagenfurt (3-2). Les Berlinois pourront compter sur Leonhard Pfordel, meilleur pointeur la saison d\u2019avant avec 25 points, pour essayer de faire la diff\u00e9rence face aux BDL. Il faudra une tr\u00e8s grande performance des Grenoblois pour faire tomber l\u2019Eisb\u00e4ren Berlin, quatre fois champion d\u2019Allemagne dans les cinq derni\u00e8res ann\u00e9es !<\/p>\n<p>Grenoble devra r\u00e9agir suite \u00e0 leurs deux d\u00e9faites \u00e0 domicile mais ils vont faire face \u00e0 deux adversaires coriaces, qui se sont qualifi\u00e9s en quart de finale de playoffs la saison pass\u00e9e. Nous encourageons les Br\u00fbleurs de Loups dans ces nouveaux combats !<\/p>\n<blockquote class=\"twitter-tweet\">\n<p dir=\"ltr\" lang=\"fr\">\ud83d\uddd3 \ud835\udc0b\ud835\udc04 \ud835\udc0f\ud835\udc11\ud835\udc0e\ud835\udc06\ud835\udc11\ud835\udc00\ud835\udc0c\ud835\udc0c\ud835\udc04 \ud835\udc03\ud835\udc04 \ud835\udc0b\ud835\udc00 \ud835\udc12\ud835\udc04\ud835\udc0c\ud835\udc00\ud835\udc08\ud835\udc0d\ud835\udc04<\/p>\n<p>Nouvelle semaine europ\u00e9enne pour les BDL, avec 2 d\u00e9placements en Allemagne dans le cadre de la <a href=\"https:\/\/twitter.com\/championshockey?ref_src=twsrc%5Etfw\" rel=\"nofollow noopener\" target=\"_blank\">@championshockey<\/a> \ud83c\udde9\ud83c\uddea<\/p>\n<p>\u2694 \ud835\udc0c\ud835\udc00\ud835\udc13\ud835\udc02\ud835\udc07 1\ufe0f\u20e3<br \/>\ud83c\udd9a Bremerhaven<br \/>\ud83d\udcc5 vendredi 5 septembre<br \/>\u23f0 19h30<\/p>\n<p>\u2694 \ud835\udc0c\ud835\udc00\ud835\udc13\ud835\udc02\ud835\udc07 2\ufe0f\u20e3<br \/>\ud83c\udd9a Berlin<br \/>\ud83d\udcc5 dimanche 7\u2026 <a href=\"https:\/\/t.co\/tvDJneSngJ\" rel=\"nofollow\">pic.twitter.com\/tvDJneSngJ<\/a><\/p>\n<p>\u2014 Br\u00fbleurs De Loups (@bruleursdeloups) <a href=\"https:\/\/twitter.com\/bruleursdeloups\/status\/1962394997132570805?ref_src=twsrc%5Etfw\" rel=\"nofollow noopener\" target=\"_blank\">September 1, 2025<\/a><\/p>\n<\/blockquote>\n<p>Le calendrier des Br\u00fbleurs de Loups\u00a0 :<\/p>\n<ul>\n<li><strong>Jeudi 28 ao\u00fbt : Grenoble<\/strong>\u00a00-2 SC Bern (0-0 ; 0-2 ; 0-0)<\/li>\n<li><strong>Samedi 30 ao\u00fbt : Grenoble 1-5<\/strong>\u00a0EV Zug (0-3 ; 0-1 ; 1-1)<\/li>\n<li><strong>Vendredi 5 septembre<\/strong>\u00a0: Pinguins Bremerhaven \u2013\u00a0<strong>Grenoble\u00a0<\/strong>(19h30)<\/li>\n<li><strong>Dimanche 7 septembre<\/strong>\u00a0: Eisb\u00e4ren Berlin \u2013\u00a0<strong>Grenoble\u00a0<\/strong>(19h00)<\/li>\n<li><strong>Mercredi 8 octobre : Grenoble<\/strong>\u00a0<strong>\u2013\u00a0<\/strong>Lausanne HC (20h15)<\/li>\n<li><strong>Mardi 14 octobre :\u00a0<\/strong>Sparta Prague \u2013\u00a0<strong>Grenoble\u00a0<\/strong>(18h30)<\/li>\n<\/ul>\n<p>                            <script async src=\"https:\/\/platform.twitter.com\/widgets.js\" charset=\"utf-8\"><\/script><\/p>\n","protected":false},"excerpt":{"rendered":"\u00a0 Les Br\u00fbleurs de Loups de Grenoble continuent leur saison europ\u00e9enne en Champions Hockey League avec deux rencontres&hellip;\n","protected":false},"author":2,"featured_media":367380,"comment_status":"","ping_status":"","sticky":false,"template":"","format":"standard","meta":{"footnotes":""},"categories":[9566],"tags":[1111,11,2430,1777,674,1011,27,2731,12,25],"class_list":{"0":"post-367379","1":"post","2":"type-post","3":"status-publish","4":"format-standard","5":"has-post-thumbnail","7":"category-grenoble","8":"tag-actu","9":"tag-actualites","10":"tag-auvergne-rhone-alpes","11":"tag-eu","12":"tag-europe","13":"tag-fr","14":"tag-france","15":"tag-grenoble","16":"tag-news","17":"tag-republique-francaise"},"share_on_mastodon":{"url":"https:\/\/pubeurope.com\/@fr\/115149971446854440","error":""},"_links":{"self":[{"href":"https:\/\/www.europesays.com\/fr\/wp-json\/wp\/v2\/posts\/367379","targetHints":{"allow":["GET"]}}],"collection":[{"href":"https:\/\/www.europesays.com\/fr\/wp-json\/wp\/v2\/posts"}],"about":[{"href":"https:\/\/www.europesays.com\/fr\/wp-json\/wp\/v2\/types\/post"}],"author":[{"embeddable":true,"href":"https:\/\/www.europesays.com\/fr\/wp-json\/wp\/v2\/users\/2"}],"replies":[{"embeddable":true,"href":"https:\/\/www.europesays.com\/fr\/wp-json\/wp\/v2\/comments?post=367379"}],"version-history":[{"count":0,"href":"https:\/\/www.europesays.com\/fr\/wp-json\/wp\/v2\/posts\/367379\/revisions"}],"wp:featuredmedia":[{"embeddable":true,"href":"https:\/\/www.europesays.com\/fr\/wp-json\/wp\/v2\/media\/367380"}],"wp:attachment":[{"href":"https:\/\/www.europesays.com\/fr\/wp-json\/wp\/v2\/media?parent=367379"}],"wp:term":[{"taxonomy":"category","embeddable":true,"href":"https:\/\/www.europesays.com\/fr\/wp-json\/wp\/v2\/categories?post=367379"},{"taxonomy":"post_tag","embeddable":true,"href":"https:\/\/www.europesays.com\/fr\/wp-json\/wp\/v2\/tags?post=367379"}],"curies":[{"name":"wp","href":"https:\/\/api.w.org\/{rel}","templated":true}]}}