{"id":367411,"date":"2025-09-05T05:28:19","date_gmt":"2025-09-05T05:28:19","guid":{"rendered":"https:\/\/www.europesays.com\/fr\/367411\/"},"modified":"2025-09-05T05:28:19","modified_gmt":"2025-09-05T05:28:19","slug":"les-voleurs-ecumaient-la-france","status":"publish","type":"post","link":"https:\/\/www.europesays.com\/fr\/367411\/","title":{"rendered":"les voleurs \u00e9cumaient la France"},"content":{"rendered":"<p>La plus jeune des victimes a 76 ans, la plus \u00e2g\u00e9e en a 99. C\u2019est apr\u00e8s l\u2019agression subie par cette derni\u00e8re que les policiers lyonnais ont r\u00e9ussi \u00e0 mettre la main sur trois personnes, suspect\u00e9s d\u2019une dizaine de vols par ruse entre mai et juillet.<\/p>\n<p>  Ils ont verrouill\u00e9 la porte<\/p>\n<p>Le 26\u00a0avril peu avant midi, cette dame de 99 ans rentre du march\u00e9 de la Croix-Rousse quand deux individus, qui l\u2019ont probablement suivie, se pr\u00e9sentent chez elle, dans une rue voisine \u00e0 Lyon (1er) en pr\u00e9textant des travaux sur des canalisations. Elle les laisse entrer dans son appartement, mais prend peur en constatant qu\u2019ils ont verrouill\u00e9 sa porte d\u2019entr\u00e9e.<\/p>\n<p>Elle essaie alors de s\u2019enfuir mais l\u2019un d\u2019eux la repousse si violemment qu\u2019elle tombe et se fracture l\u2019\u00e9paule, ce qui lui vaudra 45 jours d\u2019ITT.<\/p>\n<p>Peu soucieux de son sort, les malfaiteurs prennent le temps de lui voler des bijoux et sa carte bancaire avant de quitter les lieux et d\u2019essayer de retirer de l\u2019argent.<\/p>\n<p>  Un tour de France<\/p>\n<p>Les enqu\u00eateurs de la Division Ouest se lancent alors dans des investigations qui leur permettent d\u2019identifier une ligne t\u00e9l\u00e9phonique qui appara\u00eet dans un autre dossier. Elle est utilis\u00e9e par un individu, connu pour des faits similaires, actuellement incarc\u00e9r\u00e9 \u00e0 la prison de Fresnes (Val-de-Marne) apr\u00e8s avoir \u00e9t\u00e9 arr\u00eat\u00e9 \u00e0 Paris.<\/p>\n<p>Les bornages montrent qu\u2019il est souvent accompagn\u00e9 d\u2019un complice, actuellement d\u00e9tenu pour violences \u00e0 la prison de Valence (Dr\u00f4me). Par recoupements, les policiers lyonnais \u00e9tablissent la pr\u00e9sence des suspects, appartenant \u00e0 la communaut\u00e9 des gens du voyage, sur les lieux d\u2019une dizaine de vols par ruse. \u00c0 Bordeaux en f\u00e9vrier, Valserh\u00f4ne (Ain) et Vienne (Is\u00e8re) en mai, dans la r\u00e9gion parisienne d\u00e9but juin, \u00e0 Grenoble fin juin et \u00e0 Saint-\u00c9tienne le 1er\u00a0juillet, le sc\u00e9nario et le signalement des faux plombiers est le m\u00eame.<\/p>\n<p>  Une victime \u00e0 \u00c9cully<\/p>\n<p>Enfin, le 2\u00a0juillet \u00e0 \u00c9cully, une dame de 88 ans re\u00e7oit la visite des <a href=\"https:\/\/www.leprogres.fr\/faits-divers-justice\/2025\/09\/05\/de%20la%20Croix-Rousse%20\" target=\"_blank\" rel=\"noopener\">deux faux plombiers,<\/a> accompagn\u00e9s d\u2019une jeune femme. Sous pr\u00e9texte de r\u00e9parer une fuite d\u2019eau, ils lui demandent de payer 9\u00a0euros par carte puis subtilisent la carte et des bijoux avant de partir.<\/p>\n<p>Ce contenu est bloqu\u00e9 car vous n&rsquo;avez pas accept\u00e9 les cookies et autres traceurs.<\/p>\n<p>En cliquant sur \u00ab J\u2019accepte \u00bb, les cookies et autres traceurs seront d\u00e9pos\u00e9s et vous pourrez visualiser les contenus  (<a href=\"\" class=\"consentModule_policy\" target=\"_blank\" title=\"Consulter la politique de protection des donn\u00e9es du fournisseur\">plus d&rsquo;informations<\/a>).<\/p>\n<p>En cliquant sur \u00ab J\u2019accepte tous les cookies \u00bb, vous autorisez des d\u00e9p\u00f4ts de cookies et autres traceurs pour le stockage de vos donn\u00e9es sur nos sites et applications \u00e0 des fins de personnalisation et de ciblage publicitaire.<\/p>\n<p class=\"consentModule_secondaryText\">Vous gardez la possibilit\u00e9 de retirer votre consentement \u00e0 tout moment en consultant notre <a href=\"https:\/\/www.leprogres.fr\/protection-des-donnees\" target=\"_blank\" title=\"Consulter notre politique de protection des donn\u00e9es\" rel=\"noopener\">politique de protection des donn\u00e9es<\/a>. <br \/>&#13;<br \/>\n            <a href=\"https:\/\/www.leprogres.fr\/faits-divers-justice\/2025\/09\/05\/javascript:Didomi.notice.show()\" class=\"consentModule_cmp\" target=\"_blank\" rel=\"noopener\">G\u00e9rer mes choix<\/a>&#13;\n        <\/p>\n<p>&#13;<br \/>\n                        J&rsquo;accepte&#13;<br \/>\n            J&rsquo;accepte tous les cookies&#13;\n        <\/p>\n<p>Les deux hommes, \u00e2g\u00e9s de 21 et 35 ans, ont \u00e9t\u00e9 extraits de prison le 2\u00a0septembre et la jeune femme, \u00e2g\u00e9e de 25 ans, a \u00e9t\u00e9 interpell\u00e9e \u00e0 son domicile du pays de Gex (Ain). Ils ont reconnu les faits en garde \u00e0 vue et le pr\u00e9judice total est estim\u00e9 \u00e0 7\u00a0000\u00a0euros en esp\u00e8ces, des bijoux et sept t\u00e9l\u00e9phones.\u00a0Ils ont \u00e9t\u00e9 pr\u00e9sent\u00e9s ce jeudi au parquet en vue d\u2019une comparution imm\u00e9diate.<\/p>\n","protected":false},"excerpt":{"rendered":"La plus jeune des victimes a 76 ans, la plus \u00e2g\u00e9e en a 99. C\u2019est apr\u00e8s l\u2019agression subie&hellip;\n","protected":false},"author":2,"featured_media":367412,"comment_status":"","ping_status":"","sticky":false,"template":"","format":"standard","meta":{"footnotes":""},"categories":[1889],"tags":[1111,11,2430,271,272,2757,1777,674,274,107,1011,27,2428,7789,2801,12,25,2429],"class_list":{"0":"post-367411","1":"post","2":"type-post","3":"status-publish","4":"format-standard","5":"has-post-thumbnail","7":"category-lyon","8":"tag-actu","9":"tag-actualites","10":"tag-auvergne-rhone-alpes","11":"tag-crime","12":"tag-delit-et-contravention","13":"tag-edition-lyon-villeurbanne","14":"tag-eu","15":"tag-europe","16":"tag-faits-divers-justice","17":"tag-fil-info","18":"tag-fr","19":"tag-france","20":"tag-lyon","21":"tag-lyon-1er","22":"tag-lyon-1er-arrondissement","23":"tag-news","24":"tag-republique-francaise","25":"tag-rhone"},"share_on_mastodon":{"url":"https:\/\/pubeurope.com\/@fr\/115150042124434238","error":""},"_links":{"self":[{"href":"https:\/\/www.europesays.com\/fr\/wp-json\/wp\/v2\/posts\/367411","targetHints":{"allow":["GET"]}}],"collection":[{"href":"https:\/\/www.europesays.com\/fr\/wp-json\/wp\/v2\/posts"}],"about":[{"href":"https:\/\/www.europesays.com\/fr\/wp-json\/wp\/v2\/types\/post"}],"author":[{"embeddable":true,"href":"https:\/\/www.europesays.com\/fr\/wp-json\/wp\/v2\/users\/2"}],"replies":[{"embeddable":true,"href":"https:\/\/www.europesays.com\/fr\/wp-json\/wp\/v2\/comments?post=367411"}],"version-history":[{"count":0,"href":"https:\/\/www.europesays.com\/fr\/wp-json\/wp\/v2\/posts\/367411\/revisions"}],"wp:featuredmedia":[{"embeddable":true,"href":"https:\/\/www.europesays.com\/fr\/wp-json\/wp\/v2\/media\/367412"}],"wp:attachment":[{"href":"https:\/\/www.europesays.com\/fr\/wp-json\/wp\/v2\/media?parent=367411"}],"wp:term":[{"taxonomy":"category","embeddable":true,"href":"https:\/\/www.europesays.com\/fr\/wp-json\/wp\/v2\/categories?post=367411"},{"taxonomy":"post_tag","embeddable":true,"href":"https:\/\/www.europesays.com\/fr\/wp-json\/wp\/v2\/tags?post=367411"}],"curies":[{"name":"wp","href":"https:\/\/api.w.org\/{rel}","templated":true}]}}