{"id":367414,"date":"2025-09-05T05:31:09","date_gmt":"2025-09-05T05:31:09","guid":{"rendered":"https:\/\/www.europesays.com\/fr\/367414\/"},"modified":"2025-09-05T05:31:09","modified_gmt":"2025-09-05T05:31:09","slug":"un-nouveau-spot-de-baignade-dans-la-seine-va-voir-le-jour-a-louest-de-paris-voici-le-site-retenu","status":"publish","type":"post","link":"https:\/\/www.europesays.com\/fr\/367414\/","title":{"rendered":"Un nouveau spot de baignade dans la Seine va voir le jour \u00e0 l&rsquo;ouest de Paris : voici le site retenu"},"content":{"rendered":"<p>            Par<br \/>\n        <strong><br \/>\n            <a href=\"https:\/\/actu.fr\/auteur\/hugo-hancewicz\" title=\"Consulter tous les articles de Hugo Hancewicz\" target=\"_blank\" rel=\"noopener\">Hugo Hancewicz<\/a><br \/>\n        <\/strong><\/p>\n<p>        Publi\u00e9 le<\/p>\n<p>            5 sept. 2025 \u00e0 7h18        <\/p>\n<p>Nager dans la <a href=\"https:\/\/actu.fr\/tag\/la-seine\" target=\"_blank\" rel=\"noopener\">Seine<\/a> \u00e0 <a href=\"https:\/\/actu.fr\/ile-de-france\/sevres_92072\" target=\"_blank\" rel=\"noopener\">S\u00e8vres<\/a>, ce n\u2019est plus seulement un doux r\u00eave d\u2019\u00e9t\u00e9. La ville et le d\u00e9partement ont bel et bien pos\u00e9 leur d\u00e9volu <strong>sur l\u2019\u00eele de Monsieur<\/strong>, o\u00f9 la base nautique deviendrait, d\u2019ici 2028, le spot officiel pour piquer une t\u00eate. L\u2019endroit est d\u00e9j\u00e0 valid\u00e9, reste maintenant \u00e0 franchir <strong>toutes les \u00e9tapes<\/strong> pour que le grand bain devienne r\u00e9alit\u00e9. Apr\u00e8s <a href=\"https:\/\/actu.fr\/paris\/\" target=\"_blank\" rel=\"noopener\">Paris<\/a> et le <a href=\"https:\/\/actu.fr\/ile-de-france\/val-de-marne_94\" target=\"_blank\" rel=\"noopener\">Val-de-Marne<\/a>, c\u2019est au tour des <a href=\"https:\/\/actu.fr\/ile-de-france\/hauts-de-seine_92\" target=\"_blank\" rel=\"noopener\">Hauts-de-Seine<\/a> d\u2019avoir son petit bout d\u2019eau baignable.<\/p>\n<p>Plusieurs ann\u00e9es de tests<\/p>\n<p class=\" wall-content\">Toutefois, ce projet n\u2019est pas une histoire de plongeon improvis\u00e9. Avant de pouvoir \u00e9tendre sa serviette sur les berges et enfiler son maillot, <strong>il y a encore de nombreuses \u00e9tapes \u00e0 passer<\/strong>. Premi\u00e8re mission, et pas des moindres, faire la chasse aux polluants. Cela passe par l\u2019entretien du r\u00e9seau d\u2019assainissement, l\u2019utilisation des bassins de stockage cr\u00e9\u00e9s le long du fleuve et m\u00eame <strong>le raccordement des p\u00e9niches au r\u00e9seau<\/strong>.<\/p>\n<p class=\" wall-content\">Ensuite, place \u00e0 la science avec une batterie de tests dans l\u2019eau, deux fois par semaine, d\u00e8s juin 2025 et <strong>sur trois \u00e9t\u00e9s cons\u00e9cutifs<\/strong>. Et pour finir, il faudra s\u00e9curiser le plan d\u2019eau en \u00e9tudiant le ballet des p\u00e9niches et en am\u00e9nageant la zone pour \u00e9viter tout t\u00e9lescopage entre nageurs et navigateurs.<\/p>\n<p>Une concertation avec tous les acteurs<\/p>\n<p class=\" wall-content\">En juin dernier, la ville a d\u00e9j\u00e0 pris le temps d\u2019\u00e9couter ceux qui font vivre le fleuve au quotidien. Clubs sportifs, associations environnementales, <strong>propri\u00e9taires de p\u00e9niches<\/strong>, tout ce petit monde s\u2019est retrouv\u00e9 autour de la table pour discuter du futur visage de l\u2019\u00eele de Monsieur. De quoi poser les bases d\u2019une cohabitation r\u00e9ussie entre activit\u00e9s existantes et baignade.<\/p>\n<p class=\" wall-content\">Et la facture dans tout \u00e7a ? Pour l\u2019instant, myst\u00e8re. <strong>La faisabilit\u00e9 du projet sera lanc\u00e9e en septembre<\/strong> et c\u2019est elle qui permettra de mettre enfin des chiffres sur ce grand plongeon.<\/p>\n<p class=\" wall-content\">Personnalisez votre actualit\u00e9 en ajoutant vos villes et m\u00e9dias en favori avec <a href=\"https:\/\/moncompte.actu.fr\" title=\"D\u00e9couvez Mon Actu\" rel=\"nofollow noopener\" data-trk=\"{&quot;cta&quot;:{&quot;action&quot;:&quot;https:\\\/\\\/moncompte.actu.fr&quot;,&quot;category&quot;:&quot;mon compte&quot;,&quot;from&quot;:&quot;article footer&quot;,&quot;name&quot;:&quot;Mon actu&quot;,&quot;type&quot;:&quot;cta&quot;}}\" target=\"_blank\">Mon Actu<\/a>.<\/p>\n","protected":false},"excerpt":{"rendered":"Par Hugo Hancewicz Publi\u00e9 le 5 sept. 2025 \u00e0 7h18 Nager dans la Seine \u00e0 S\u00e8vres, ce n\u2019est&hellip;\n","protected":false},"author":2,"featured_media":367415,"comment_status":"","ping_status":"","sticky":false,"template":"","format":"standard","meta":{"footnotes":""},"categories":[1888],"tags":[1111,1928,11,1927,1777,674,1011,27,5353,12,1926,626,1925,25,104],"class_list":{"0":"post-367414","1":"post","2":"type-post","3":"status-publish","4":"format-standard","5":"has-post-thumbnail","7":"category-paris","8":"tag-actu","9":"tag-actu-paris","10":"tag-actualites","11":"tag-actualites-paris","12":"tag-eu","13":"tag-europe","14":"tag-fr","15":"tag-france","16":"tag-la-seine","17":"tag-news","18":"tag-news-paris","19":"tag-paris","20":"tag-paris-news","21":"tag-republique-francaise","22":"tag-societe"},"share_on_mastodon":{"url":"https:\/\/pubeurope.com\/@fr\/115150054175080511","error":""},"_links":{"self":[{"href":"https:\/\/www.europesays.com\/fr\/wp-json\/wp\/v2\/posts\/367414","targetHints":{"allow":["GET"]}}],"collection":[{"href":"https:\/\/www.europesays.com\/fr\/wp-json\/wp\/v2\/posts"}],"about":[{"href":"https:\/\/www.europesays.com\/fr\/wp-json\/wp\/v2\/types\/post"}],"author":[{"embeddable":true,"href":"https:\/\/www.europesays.com\/fr\/wp-json\/wp\/v2\/users\/2"}],"replies":[{"embeddable":true,"href":"https:\/\/www.europesays.com\/fr\/wp-json\/wp\/v2\/comments?post=367414"}],"version-history":[{"count":0,"href":"https:\/\/www.europesays.com\/fr\/wp-json\/wp\/v2\/posts\/367414\/revisions"}],"wp:featuredmedia":[{"embeddable":true,"href":"https:\/\/www.europesays.com\/fr\/wp-json\/wp\/v2\/media\/367415"}],"wp:attachment":[{"href":"https:\/\/www.europesays.com\/fr\/wp-json\/wp\/v2\/media?parent=367414"}],"wp:term":[{"taxonomy":"category","embeddable":true,"href":"https:\/\/www.europesays.com\/fr\/wp-json\/wp\/v2\/categories?post=367414"},{"taxonomy":"post_tag","embeddable":true,"href":"https:\/\/www.europesays.com\/fr\/wp-json\/wp\/v2\/tags?post=367414"}],"curies":[{"name":"wp","href":"https:\/\/api.w.org\/{rel}","templated":true}]}}