{"id":367416,"date":"2025-09-05T05:32:23","date_gmt":"2025-09-05T05:32:23","guid":{"rendered":"https:\/\/www.europesays.com\/fr\/367416\/"},"modified":"2025-09-05T05:32:23","modified_gmt":"2025-09-05T05:32:23","slug":"les-5-rendez-vous-incontournables-de-la-paris-design-week","status":"publish","type":"post","link":"https:\/\/www.europesays.com\/fr\/367416\/","title":{"rendered":"Les 5 rendez-vous incontournables de la Paris Design Week"},"content":{"rendered":"<p class=\"editor-content__paragraph\">Le th\u00e8me retenu \u00e0 l\u2019occasion de cette quinzi\u00e8me \u00e9dition\u00a0? <strong>\u00ab\u00a0R\u00e9g\u00e9n\u00e9ration\u00a0\u00bb.<\/strong> Soit un appel au renouvellement, \u00e0 l\u2019innovation et \u00e0 la transformation durable. <strong>Autant de valeurs qui d\u00e9finissent le secteur du design<\/strong> et le pousse encore cette ann\u00e9e, \u00e0 l\u2019occasion du salon Maison &amp; Objet install\u00e9 au <strong>Parc des expositions Paris Nord Villepinte du 4\u00a0au 8\u00a0septembre<\/strong>, \u00e0 affirmer toute son audace.<\/p>\n<p class=\"editor-content__paragraph\">En dix jours, il s\u2019agit de <strong>prendre le pouls des nouvelles tendances, <\/strong> de d\u00e9couvrir les grandes maisons d\u2019\u00e9dition au fil des parcours propos\u00e9s. Sans h\u00e9siter \u00e0 <strong>sortir des sentiers battus<\/strong> en se rendant par exemple chez la r\u00e9sidence d\u2019artistes <a href=\"https:\/\/www.beauxarts.com\/grand-format\/poush-lincubateur-devenu-incontournable-pour-les-artistes\/\" target=\"_blank\" rel=\"noopener\">Poush<\/a> \u00e0 Aubervilliers. Sur le point de d\u00e9m\u00e9nager, celle-ci propose pour l\u2019occasion <strong>une programmation centr\u00e9e sur l\u2019objet.<\/strong> \u00c0 noter dans vos agendas.<\/p>\n<p>1.\tLa prise (tr\u00e8s cr\u00e9ative) de la Bastille par Aude Franjou<\/p>\n<p>    <img loading=\"lazy\" decoding=\"async\" class=\"image__img\" src=\"https:\/\/www.europesays.com\/fr\/wp-content\/uploads\/2025\/09\/webapr_maison-parisienne_les-coraux-de-la-liberte_pdw25_credit_vincent-leroux-3-964x1444.jpg\" alt=\"Aude Franjou, Exposition \u00ab\u00a0Coraux de la Libert\u00e9 \u00bb\" width=\"964\" height=\"1444\"\/><\/p>\n<p>Aude Franjou, Exposition \u00ab\u00a0Coraux de la Libert\u00e9\u00a0\u00bb<\/p>\n<p>    i<\/p>\n<p class=\"editor-content__paragraph\">La Paris Design Week, c\u2019est aussi l\u2019occasion de <strong>d\u00e9couvrir des monuments nationaux sous un nouveau jour.<\/strong> La colonne de juillet, <strong>place de la Bastille<\/strong>, est investie pour la premi\u00e8re fois par<strong> l\u2019artiste textile Aude Franjou<\/strong> qui y a sculpt\u00e9 en fibres de lin un titanesque r\u00e9cif. Compos\u00e9 de dizaine de <strong>branches de coraux<\/strong>, voil\u00e0 qu\u2019il prolif\u00e8re dans la rotonde interne\u2026 jusqu\u2019au plafond\u00a0! Con\u00e7u \u00e0 la main pendant plus de six mois, c\u2019est un clin d\u2019\u0153il <strong>au socle du monument<\/strong> qui est en r\u00e9alit\u00e9 <strong>celui d\u2019une fontaine imagin\u00e9e par Napol\u00e9on 1er<\/strong>en 1806<strong>.<\/strong> Quand la nature reprend ses droits.<\/p>\n<p>  Arrow<\/p>\n<p>Les \u00ab Coraux de la Libert\u00e9 \u00bb par maison parisienne<\/p>\n<p class=\"annexe-content__subtitle\">Colonne de juillet, place de la Bastille, 75004 Paris<\/p>\n<p>Visites uniquement sur rendez-vous du 4 au 13 septembre 2025<\/p>\n<p>Plus d\u2019informations <a href=\"https:\/\/maisonparisienne.fr\/\" target=\"_blank\" rel=\"noopener\">sur le site de maison parisienne<\/a><\/p>\n<p>2.\t\u00c0 la Paris Design Week Factory, des d\u00e9l\u00e9gations venues d\u2019ailleurs<\/p>\n<p>    <img loading=\"lazy\" decoding=\"async\" class=\"image__img\" src=\"https:\/\/www.europesays.com\/fr\/wp-content\/uploads\/2025\/09\/webjad_pdw25_janique-bourget_oree--janique-bourget-_-adagp-paris-964x851.jpg\" alt=\"Janique Bourget, Or\u00e9e\" width=\"964\" height=\"851\"\/><\/p>\n<p>Janique Bourget, Or\u00e9e, 2025<\/p>\n<p>    i<\/p>\n<p class=\"legende__cartel\">Sculpture, papier, colle, laiton \u2022 60 \u00d7 80 \u00d7 40\u00a0cm \u2022 \u00a9 Janique Bourget ADAGP Paris<\/p>\n<p class=\"editor-content__paragraph\">En explorant <strong>les cinq adresses de la Factory<\/strong> dans le quartier du marais vous croiserez non seulement les talents en r\u00e9sidence du <strong>Jardin des m\u00e9tiers d\u2019Art et du Design<\/strong> (parmi lesquels figurent h\u00e9liograveur, fresquiste, ou encore artisane du papier) mais aussi des d\u00e9l\u00e9gations de pays venues sp\u00e9cialement pour l\u2019occasion. <strong>Argentine, Ouzb\u00e9kistan, Guatemala<\/strong>\u2026 \u00ab\u00a0Nous pr\u00e9sentons treize designers. C\u2019est une chance incroyable de pouvoir exposer le travail de nos artisans et cr\u00e9ateurs\u00a0\u00bb nous confie la commissaire argentine Vivian Urfeig. Entre tapis fait main et coussins traditionnels d\u2019Asie centrale, <strong>les arts populaires r\u00e9veillent notre imagination<\/strong>, souvent revisit\u00e9s par des approches contemporaines.<\/p>\n<p>  Arrow<\/p>\n<p>Galerie Joseph &#8211; Rue de Turenne<\/p>\n<p class=\"annexe-content__infos\">116 Rue de Turenne \u2022 75003 Paris<br \/><a href=\"https:\/\/galeriejoseph.com\/\" target=\"_blank\" rel=\"noopener\">galeriejoseph.com<\/a><\/p>\n<p>  Arrow<\/p>\n<p>Galerie Joseph &#8211; Froissart<\/p>\n<p class=\"annexe-content__infos\">7 Rue Froissart \u2022 75003 Paris<br \/><a href=\"http:\/\/galeriejoseph.com\/\" target=\"_blank\" rel=\"noopener\">galeriejoseph.com<\/a><\/p>\n<p class=\"annexe-content__infos\">17 Rue Commines \u2022 75003 Paris<br \/><a href=\"https:\/\/www.commines.com\/\" target=\"_blank\" rel=\"noopener\">www.commines.com<\/a><\/p>\n<p>10 et 18 rue de Turenne, 75004 Paris<\/p>\n<p class=\"annexe-content__infos\">10 Rue de Turenne \u2022 75004 Paris<br \/><a href=\"https:\/\/www.ellia-artgallery.com\/\" target=\"_blank\" rel=\"noopener\">www.ellia-artgallery.com<\/a><\/p>\n<p>        \u00c0 lire aussi :<br \/>\n        <a class=\"renvoi-explicite__link\" href=\"https:\/\/www.beauxarts.com\/reportages\/le-jardin-des-metiers-dart-et-du-design-ou-se-cultivent-des-savoir-faire-revolutionnaires\/\" target=\"_blank\" rel=\"noopener\">Le Jardin des m\u00e9tiers d\u2019Art et du Design, o\u00f9 se cultivent des savoir-faire r\u00e9volutionnaires<\/a><\/p>\n<p>3.\tLe labyrinthe de J\u00e9r\u00e9my Pradier-Jeauneau s\u2019installe \u00e0 l\u2019h\u00f4tel de la Marine<\/p>\n<p>    <img loading=\"lazy\" decoding=\"async\" class=\"image__img\" src=\"https:\/\/www.europesays.com\/fr\/wp-content\/uploads\/2025\/09\/web859a0904-964x1446.jpg\" alt=\"Exposition \u00ab\u00a0Le Labyrinthe\u00a0\u00bb par Jeremy Pradier-Jeauneau\" width=\"964\" height=\"1446\"\/><\/p>\n<p>Exposition \u00ab\u00a0Le Labyrinthe\u00a0\u00bb par Jeremy Pradier-Jeauneau<\/p>\n<p>    i<\/p>\n<p class=\"editor-content__paragraph\">Apr\u00e8s l\u2019intervention du studio Uchronia dans la Cour d\u2019honneur du monument l\u2019ann\u00e9e derni\u00e8re (qui y avait install\u00e9 un lit \u00e0 baldaquin g\u00e9ant), c\u2019est <strong>au tour du cr\u00e9ateur <a href=\"https:\/\/www.beauxarts.com\/lifestyle\/quand-la-galerie-pradier-jeauneau-sassocie-avec-monoprix-pour-une-collection-design-ultra-chic\/\" target=\"_blank\" rel=\"noopener\">J\u00e9r\u00e9my Pradier-Jeauneau<\/a> d\u2019investir l\u2019h\u00f4tel de la Marine.<\/strong> Fondateur de la galerie \u00e9ponyme rue de Verneuil, cet ancien producteur de cin\u00e9ma d\u00e9fend <strong>un dialogue entre vintage, art et mobilier contemporain.<\/strong> Cette ann\u00e9e, alors qu\u2019il vient tout juste de lancer son studio de cr\u00e9ation, il d\u00e9voile <strong>son propre Garde-Meuble contemporain<\/strong> dans celui qui servait autrefois la Couronne. Canap\u00e9, chauffeuse et miroir sont mis en sc\u00e8ne dans un parcours labyrinthique pens\u00e9, dit-il, comme \u00ab\u00a0<strong>un hommage au mythe de D\u00e9dale<\/strong>, \u00e0 l\u2019ind\u00e9pendance et \u00e0 la cr\u00e9ation fran\u00e7aise.\u00a0\u00bb<\/p>\n<p>  Arrow<\/p>\n<p>Le Labyrinthe par Jeremy Pradier-Jeauneau<\/p>\n<p class=\"annexe-content__subtitle\">H\u00f4tel de la Marine, 2, Place de la Concorde, 75008 Paris<\/p>\n<p>Du 3 au 21 septembre 2025<\/p>\n<p>Plus d\u2019informations <a href=\"https:\/\/www.paris.fr\/evenements\/paris-design-week-le-labyrinthe-de-jeremy-pradier-jeauneau-89855\" target=\"_blank\" rel=\"noopener\">sur le site de la ville de Paris<\/a><\/p>\n<p>        \u00c0 lire aussi :<br \/>\n        <a class=\"renvoi-explicite__link\" href=\"https:\/\/www.beauxarts.com\/lifestyle\/quand-la-galerie-pradier-jeauneau-sassocie-avec-monoprix-pour-une-collection-design-ultra-chic\/\" target=\"_blank\" rel=\"noopener\">La galerie Pradier-Jeauneau s&rsquo;associe avec Monoprix pour une collection design ultra-chic et choc<\/a><\/p>\n<p>4.\tMonoprix x l\u2019\u00c9cole Camondo\u00a0: la collab de la rentr\u00e9e<\/p>\n<p>    <img loading=\"lazy\" decoding=\"async\" class=\"image__img\" src=\"https:\/\/www.europesays.com\/fr\/wp-content\/uploads\/2025\/09\/webcamondo-monoprix_6651-964x1414.jpg\" alt=\"Monoprix x l\u2019\u00c9cole Camondo\" width=\"964\" height=\"1414\"\/><\/p>\n<p>Monoprix x l\u2019\u00c9cole Camondo<\/p>\n<p>    i<\/p>\n<p class=\"editor-content__paragraph\">C\u2019est la premi\u00e8re fois que <strong>l\u2019enseigne Monoprix collabore avec une \u00e9cole.<\/strong> Celle de <strong>Camondo<\/strong>, reconnue pour sa formation <strong>en architecture d\u2019int\u00e9rieur et design<\/strong> (qui a notamment vu passer sur ses bancs le c\u00e9l\u00e8bre <a href=\"https:\/\/www.beauxarts.com\/lifestyle\/a-i-de-philippe-starck-la-premiere-chaise-concue-par-lintelligence-artificielle\/\" target=\"_blank\" rel=\"noopener\">Philippe Starck<\/a>) a ainsi sollicit\u00e9 ses jeunes dipl\u00f4m\u00e9s pour imaginer au minimum quatre objets du quotidien <strong>dont une lampe, une assise et un chariot de courses<\/strong>. Un jury d\u2019experts a ensuite s\u00e9lectionn\u00e9 trois \u00e9lus. Leurs noms\u00a0: Blanche Mijonnet, L\u00e9o Achard et Stanislas Dieupart. Rendez-vous au 116, rue de Turenne pour repartir avec <strong>leurs pi\u00e8ces au look tant\u00f4t vintage, sculptural ou presque kitsch<\/strong>\u2026 Mais assur\u00e9ment collector.<\/p>\n<p class=\"annexe-content__subtitle\">116 Rue de Turenne, 75003 Paris<\/p>\n<p>Du 4 au 8 septembre 2025<\/p>\n<p>Plus d\u2019informations <a href=\"https:\/\/www.ecolecamondo.fr\/actualite\/collection-capsule-monoprix-x-ecole-camondo\/\" target=\"_blank\" rel=\"noopener\">sur le site de l\u2019\u00c9cole Camondo<\/a><\/p>\n<p>Collaboration disponible \u00e0 partir du 3 septembre <a href=\"https:\/\/www.monoprix.fr\/Lookbook-camondo.html\" target=\"_blank\" rel=\"noopener\">sur le site de Monoprix <\/a>et dans une s\u00e9lection de magasins.<\/p>\n<p>5.\t\u00c0 l\u2019Institut su\u00e9dois, le verre se rebelle<\/p>\n<p>    <img loading=\"lazy\" decoding=\"async\" class=\"image__img\" src=\"https:\/\/www.europesays.com\/fr\/wp-content\/uploads\/2025\/09\/modkirsten-vikingstad-hermansson.-colombo.-photo-maddoc-photography-964x723.jpg\" alt=\"Kirsten Vikingstad Hermansson, Colombo\" width=\"964\" height=\"723\"\/><\/p>\n<p>Kirsten Vikingstad Hermansson, Colombo<\/p>\n<p>    i<\/p>\n<p class=\"editor-content__paragraph\">Du verre qui d\u00e9gouline, explose, s\u2019effile\u2026 Connue pour <strong>son art verrier<\/strong>, la Su\u00e8de a r\u00e9cemment vu na\u00eetre des artistes qui entendent <strong>casser les codes du mouvement Swedish Grace<\/strong>, cousin du mouvement <a href=\"https:\/\/www.beauxarts.com\/grand-format\/lart-deco-en-2-minutes\/\" target=\"_blank\" rel=\"noopener\">Art D\u00e9co<\/a> qui f\u00eate aussi cette ann\u00e9e <strong>son centenaire.<\/strong> Fini le verre lisse et transparent, sans bulle ni \u00e9clat. Celui-ci se fend, se tord, se bombe \u00e0 la peinture pour voiture. <strong>Tout est permis<\/strong> avec Fredrik Nielsen, Maria Bang Espersen, Hanna Hansdotter, Peter Hermansson et Kirsten Vikingstad Hermansson \u2013 <strong>cinq rebelles qui ont repouss\u00e9 les limites<\/strong> de ce mat\u00e9riau aussi po\u00e9tique que pop.<\/p>\n<p>Du 3 septembre 2025 au 21 septembre 2025<br \/>Portes-ouvertes le mercredi 3 septembre 2025, entre 8h30 et 12h30.<\/p>\n<p class=\"url-expo\"><a href=\"https:\/\/paris.si.se\/agenda\/exposition-blazing-grace\/\" target=\"_blank\" rel=\"noopener\">paris.si.se<\/a><\/p>\n<p class=\"annexe-content__infos\">Institut su\u00e9dois \u2022 11 Rue Payenne \u2022 75003 Paris<br \/><a href=\"https:\/\/paris.si.se\/\" target=\"_blank\" rel=\"noopener\">paris.si.se<\/a><\/p>\n<p>        \u00c0 lire aussi :<br \/>\n        <a class=\"renvoi-explicite__link\" href=\"https:\/\/www.beauxarts.com\/lifestyle\/8-galeries-de-design-incontournables-qui-font-vibrer-paris\/\" target=\"_blank\" rel=\"noopener\">8 galeries de design incontournables qui font vibrer Paris<\/a><\/p>\n","protected":false},"excerpt":{"rendered":"Le th\u00e8me retenu \u00e0 l\u2019occasion de cette quinzi\u00e8me \u00e9dition\u00a0? \u00ab\u00a0R\u00e9g\u00e9n\u00e9ration\u00a0\u00bb. Soit un appel au renouvellement, \u00e0 l\u2019innovation et&hellip;\n","protected":false},"author":2,"featured_media":367417,"comment_status":"","ping_status":"","sticky":false,"template":"","format":"standard","meta":{"footnotes":""},"categories":[1888],"tags":[1111,1928,11,1927,1396,1777,674,1011,27,50184,12,1926,626,1925,25],"class_list":{"0":"post-367416","1":"post","2":"type-post","3":"status-publish","4":"format-standard","5":"has-post-thumbnail","7":"category-paris","8":"tag-actu","9":"tag-actu-paris","10":"tag-actualites","11":"tag-actualites-paris","12":"tag-art-contemporain","13":"tag-eu","14":"tag-europe","15":"tag-fr","16":"tag-france","17":"tag-institut-suedois","18":"tag-news","19":"tag-news-paris","20":"tag-paris","21":"tag-paris-news","22":"tag-republique-francaise"},"share_on_mastodon":{"url":"https:\/\/pubeurope.com\/@fr\/115150058258624356","error":""},"_links":{"self":[{"href":"https:\/\/www.europesays.com\/fr\/wp-json\/wp\/v2\/posts\/367416","targetHints":{"allow":["GET"]}}],"collection":[{"href":"https:\/\/www.europesays.com\/fr\/wp-json\/wp\/v2\/posts"}],"about":[{"href":"https:\/\/www.europesays.com\/fr\/wp-json\/wp\/v2\/types\/post"}],"author":[{"embeddable":true,"href":"https:\/\/www.europesays.com\/fr\/wp-json\/wp\/v2\/users\/2"}],"replies":[{"embeddable":true,"href":"https:\/\/www.europesays.com\/fr\/wp-json\/wp\/v2\/comments?post=367416"}],"version-history":[{"count":0,"href":"https:\/\/www.europesays.com\/fr\/wp-json\/wp\/v2\/posts\/367416\/revisions"}],"wp:featuredmedia":[{"embeddable":true,"href":"https:\/\/www.europesays.com\/fr\/wp-json\/wp\/v2\/media\/367417"}],"wp:attachment":[{"href":"https:\/\/www.europesays.com\/fr\/wp-json\/wp\/v2\/media?parent=367416"}],"wp:term":[{"taxonomy":"category","embeddable":true,"href":"https:\/\/www.europesays.com\/fr\/wp-json\/wp\/v2\/categories?post=367416"},{"taxonomy":"post_tag","embeddable":true,"href":"https:\/\/www.europesays.com\/fr\/wp-json\/wp\/v2\/tags?post=367416"}],"curies":[{"name":"wp","href":"https:\/\/api.w.org\/{rel}","templated":true}]}}