{"id":367423,"date":"2025-09-05T05:36:36","date_gmt":"2025-09-05T05:36:36","guid":{"rendered":"https:\/\/www.europesays.com\/fr\/367423\/"},"modified":"2025-09-05T05:36:36","modified_gmt":"2025-09-05T05:36:36","slug":"guerre-en-ukraine-deux-helicopteres-russes-a-25-millions-deuros-detruits-nouveau-coup-dur-pour-moscou","status":"publish","type":"post","link":"https:\/\/www.europesays.com\/fr\/367423\/","title":{"rendered":"Guerre en Ukraine : deux h\u00e9licopt\u00e8res russes \u00e0 25 millions d&rsquo;euros d\u00e9truits, nouveau coup dur pour Moscou ?"},"content":{"rendered":"<p>L\u2019Ukraine a-t-elle frapp\u00e9 un grand coup sur le front alors que Moscou continue de mener des attaques sur son sol ? D\u00e9but septembre, on apprenait que seulement deux semaines apr\u00e8s avoir pr\u00e9sent\u00e9 son nouveau <a href=\"https:\/\/www.capital.fr\/economie-politique\/3000-km-de-portee-decouvrez-flamingo-le-nouveau-missile-ukrainien-1517473\" rel=\"nofollow noopener\" target=\"_blank\">missile de croisi\u00e8re Flamingo<\/a>, Kiev l\u2019avait lanc\u00e9 \u00e0 trois reprises en Crim\u00e9e, touchant notamment <strong>un avant-poste <\/strong>ainsi que <strong>des patrouilleurs<\/strong> du Service f\u00e9d\u00e9ral de s\u00e9curit\u00e9 russe. Cette fois-ci, selon les services de renseignement militaires ukrainiens, les frappes ukrainiennes auraient touch\u00e9 <a href=\"https:\/\/www.capital.fr\/economie-politique\/decouvrez-les-helicopteres-militaires-les-plus-redoutables-de-notre-siecle-1480024\" rel=\"nofollow noopener\" target=\"_blank\">deux h\u00e9licopt\u00e8res<\/a> d\u2019une tr\u00e8s grande valeur, relaie <a href=\"https:\/\/www.leparisien.fr\/international\/ukraine\/guerre-en-ukraine-deux-helicopteres-russes-mi-8-a-30-millions-deuros-detruits-nouvelle-reussite-pour-kiev-en-crimee-02-09-2025-22IEMAMFXZADBIWF3CXSQJ22PA.php\" rel=\"nofollow noopener\" target=\"_blank\">Le Parisien<\/a>.<\/p>\n<p>Comme l\u2019a appris The Kyiv Independent, <strong>des drones<\/strong> ont frapp\u00e9 la base a\u00e9rienne militaire de Hvardiiske, \u00e0 environ treize kilom\u00e8tres de Simferopol (Crim\u00e9e). Selon les services secrets, ces drones auraient permis de d\u00e9truire deux <a href=\"https:\/\/www.capital.fr\/economie-politique\/decouvrez-le-nouvel-helicoptere-des-forces-speciales-russes-1377056\" rel=\"nofollow noopener\" target=\"_blank\">h\u00e9licopt\u00e8res Mi-8<\/a> dont la valeur est estim\u00e9e <strong>entre 20 et 30 millions de dollars<\/strong>, soit environ 25 millions d\u2019euros. D\u00e9crit par nos confr\u00e8res ukrainiens comme un appareil de transport polyvalent, le Mi-8 a \u00e9t\u00e9 con\u00e7u par les Sovi\u00e9tiques dans les ann\u00e9es 1960.<\/p>\n<p>L\u2019Ukraine veut reprendre le contr\u00f4le de la Crim\u00e9e<\/p>\n<p>H\u00e9licopt\u00e8re de transport \u00e0 l\u2019origine, il est \u00e9galement utilis\u00e9 par les Russes pour l\u2019\u00e9vacuation m\u00e9dicale et surtout pour toutes sortes de missions de combat, \u00e0 l\u2019image de <strong>l&rsquo;appui-sol \u00e0 l&rsquo;aide de roquettes et d&rsquo;un canon<\/strong>. Il peut aussi \u00eatre \u00e9quip\u00e9 d\u2019un treuil lui permettant de soulever plus de trois tonnes. Dans le m\u00eame temps, les services du renseignement indiquent avoir d\u00e9truit un remorqueur militaire, un BUK-2190. L\u2019ogive aurait directement vis\u00e9 le navire.<\/p>\n<p>Soutenant les op\u00e9rations navales dans les ports et les baies, <strong>le BUK-2190<\/strong> a \u00e9t\u00e9 utilis\u00e9 derni\u00e8rement par les Russes pour des <strong>missions de sabotage sous-marines<\/strong>. Un coup dur pour la Russie ? Selon l\u2019agence de renseignement, \u00ables dommages inflig\u00e9s au remorqueur limitent consid\u00e9rablement les capacit\u00e9s de combat de l\u2019unit\u00e9 d\u2019\u00e9lite russe\u00bb. En outre, rappellent nos confr\u00e8res du Parisien, Kiev a d\u00e9truit r\u00e9cemment un radar de syst\u00e8me de d\u00e9fense a\u00e9rienne russe S-300 du c\u00f4t\u00e9 de Saky, en Crim\u00e9e.<\/p>\n<p>Les combats dans cette r\u00e9gion cruciale, annex\u00e9e ill\u00e9galement par <a href=\"https:\/\/www.capital.fr\/economie-politique\/l-avion-d-ursula-von-der-leyen-touche-par-un-brouillage-gps-la-russie-soupconnee-1517783\" rel=\"nofollow noopener\" target=\"_blank\">la Russie<\/a> en 2014, se multiplient. Kiev vise les infrastructures militaires depuis l\u2019invasion russe en f\u00e9vrier 2022. Et la <strong>base de Saky<\/strong> est particuli\u00e8rement importante, v\u00e9ritable point d\u2019attache sur la mer Noire. L\u2019Ukraine a \u00e9galement men\u00e9 des attaques de drones sur des infrastructures p\u00e9troli\u00e8res russes \u00e0 la fin du mois d\u2019ao\u00fbt.<\/p>\n","protected":false},"excerpt":{"rendered":"L\u2019Ukraine a-t-elle frapp\u00e9 un grand coup sur le front alors que Moscou continue de mener des attaques sur&hellip;\n","protected":false},"author":2,"featured_media":367424,"comment_status":"","ping_status":"","sticky":false,"template":"","format":"standard","meta":{"footnotes":""},"categories":[1590],"tags":[11,1777,674,12,220],"class_list":{"0":"post-367423","1":"post","2":"type-post","3":"status-publish","4":"format-standard","5":"has-post-thumbnail","7":"category-ukraine","8":"tag-actualites","9":"tag-eu","10":"tag-europe","11":"tag-news","12":"tag-ukraine"},"share_on_mastodon":{"url":"https:\/\/pubeurope.com\/@fr\/115150073594986686","error":""},"_links":{"self":[{"href":"https:\/\/www.europesays.com\/fr\/wp-json\/wp\/v2\/posts\/367423","targetHints":{"allow":["GET"]}}],"collection":[{"href":"https:\/\/www.europesays.com\/fr\/wp-json\/wp\/v2\/posts"}],"about":[{"href":"https:\/\/www.europesays.com\/fr\/wp-json\/wp\/v2\/types\/post"}],"author":[{"embeddable":true,"href":"https:\/\/www.europesays.com\/fr\/wp-json\/wp\/v2\/users\/2"}],"replies":[{"embeddable":true,"href":"https:\/\/www.europesays.com\/fr\/wp-json\/wp\/v2\/comments?post=367423"}],"version-history":[{"count":0,"href":"https:\/\/www.europesays.com\/fr\/wp-json\/wp\/v2\/posts\/367423\/revisions"}],"wp:featuredmedia":[{"embeddable":true,"href":"https:\/\/www.europesays.com\/fr\/wp-json\/wp\/v2\/media\/367424"}],"wp:attachment":[{"href":"https:\/\/www.europesays.com\/fr\/wp-json\/wp\/v2\/media?parent=367423"}],"wp:term":[{"taxonomy":"category","embeddable":true,"href":"https:\/\/www.europesays.com\/fr\/wp-json\/wp\/v2\/categories?post=367423"},{"taxonomy":"post_tag","embeddable":true,"href":"https:\/\/www.europesays.com\/fr\/wp-json\/wp\/v2\/tags?post=367423"}],"curies":[{"name":"wp","href":"https:\/\/api.w.org\/{rel}","templated":true}]}}