{"id":367425,"date":"2025-09-05T05:37:12","date_gmt":"2025-09-05T05:37:12","guid":{"rendered":"https:\/\/www.europesays.com\/fr\/367425\/"},"modified":"2025-09-05T05:37:12","modified_gmt":"2025-09-05T05:37:12","slug":"sucre-viande-bovine-les-exportations-bresiliennes-vers-les-etats-unis-en-chute-de-185-sur-un-an","status":"publish","type":"post","link":"https:\/\/www.europesays.com\/fr\/367425\/","title":{"rendered":"Sucre, viande bovine&#8230; les exportations br\u00e9siliennes vers les \u00c9tats-Unis en chute de 18,5% sur un an"},"content":{"rendered":"<p class=\"fig-paragraph\">Les exportations br\u00e9siliennes \u00e0 destination des \u00c9tats-Unis ont chut\u00e9 de 18,5% sur un an au mois d&rsquo;ao\u00fbt sous l&rsquo;effet des droits de douane de 50% d\u00e9cid\u00e9s par l&rsquo;administration Trump, selon des chiffres publi\u00e9s jeudi. Le pr\u00e9sident am\u00e9ricain soumet depuis le 6 ao\u00fbt plusieurs produits br\u00e9siliens \u00e0 des taxes douani\u00e8res de 50%, le taux le plus \u00e9lev\u00e9 fix\u00e9 jusqu&rsquo;\u00e0 pr\u00e9sent contre un autre pays, en invoquant une suppos\u00e9e\u00a0<a href=\"http:\/\/www.lefigaro.fr\/international\/proces-de-l-ancien-president-jair-bolsonaro-au-bresil-debut-des-audiences-en-vue-du-verdict-20250902\" data-fig-type=\"NewsFlash\" data-gtm-custom-categorie=\"navigation\" data-gtm-custom-action=\"crossclick\" data-gtm-custom-label=\"Contextuel\" data-gtm-event=\"customEventSPE\" data-fig-domain=\"LEFIGARO\" rel=\"nofollow noopener\" target=\"_blank\">\u00abchasse aux sorci\u00e8res\u00bb contre l&rsquo;ex-pr\u00e9sident d&rsquo;extr\u00eame droite Jair Bolsonaro.<\/a><\/p>\n<p class=\"fig-paragraph\">Ce dernier, alli\u00e9 de Donald Trump, fait face \u00e0 un proc\u00e8s pour tentative pr\u00e9sum\u00e9e de coup d&rsquo;\u00c9tat en 2022. Les exportations br\u00e9siliennes vers le march\u00e9 am\u00e9ricain ont atteint 2,76 milliards de dollars en ao\u00fbt, contre 3,39 milliards de dollars au m\u00eame mois de 2024, selon les donn\u00e9es publi\u00e9es par le minist\u00e8re du Commerce.<\/p>\n<p>                                    <a class=\"fig-a11y-skip a11y-hidden\" href=\"#fig-a11y-skip-main-inarticle\"><br \/>\n        Passer la publicit\u00e9<br \/>\n    <\/a><\/p>\n<p class=\"fig-paragraph\">Le Br\u00e9sil maintient un d\u00e9ficit commercial avec les \u00c9tats-Unis depuis 16 ann\u00e9es cons\u00e9cutives. Le d\u00e9ficit de la balance commerciale br\u00e9silienne s&rsquo;est \u00e9lev\u00e9 \u00e0 1,23 milliard de dollars en ao\u00fbt, de loin le plus \u00e9lev\u00e9 de 2025.<\/p>\n<p class=\"fig-body-link\">\n            \u00c0 lire aussi<br \/>\n        <a class=\"fig-body-link__link fig-premium-mark\" href=\"http:\/\/www.lefigaro.fr\/conjoncture\/droits-de-douane-au-bresil-l-agriculture-en-premiere-ligne-face-a-la-punition-imposee-par-donald-trump-20250819\" target=\"_blank\" data-fig-type=\"Article\" rel=\"noopener nofollow\" data-gtm-custom-categorie=\"navigation\" data-gtm-custom-action=\"crossclick\" data-gtm-custom-label=\"Contextuel\" data-gtm-event=\"customEventSPE\" data-fig-domain=\"LEFIGARO\">Droits de douane\u00a0: au Br\u00e9sil, l\u2019agriculture en premi\u00e8re ligne face \u00e0 la punition impos\u00e9e par Donald Trump<br \/>\n    <\/a>\n<\/p>\n<p>D\u00e9g\u00e2ts collat\u00e9raux<\/p>\n<p class=\"fig-paragraph\">Les produits touch\u00e9s par les droits de douane punitifs ont enregistr\u00e9 des baisses significatives, \u00e0 l&rsquo;instar du sucre (-88,4%) et de la viande bovine fra\u00eeche (-46,2%). \u00abIl est tr\u00e8s probable que cela soit li\u00e9 aux droits de douane, qui entra\u00eenent un niveau de prix plus \u00e9lev\u00e9 et une r\u00e9duction de la demande\u00bb, a indiqu\u00e9 le directeur des statistiques du minist\u00e8re du Commerce, Herlon Brandao.<\/p>\n<p class=\"fig-paragraph\">Mais la baisse a \u00e9galement affect\u00e9 des produits exempts de\u00a0<a href=\"http:\/\/www.lefigaro.fr\/flash-eco\/bresil-lula-annonce-5-5-milliards-de-dollars-de-credits-pour-les-entreprises-touchees-par-les-droits-de-douane-20250813\" data-fig-type=\"NewsFlash\" data-gtm-custom-categorie=\"navigation\" data-gtm-custom-action=\"crossclick\" data-gtm-custom-label=\"Contextuel\" data-gtm-event=\"customEventSPE\" data-fig-domain=\"LEFIGARO\" rel=\"nofollow noopener\" target=\"_blank\">droits de douane<\/a>. \u00abLe niveau d&rsquo;incertitude en juillet a sans doute entra\u00een\u00e9 une anticipation des exp\u00e9ditions\u00bb, a-t-il expliqu\u00e9. Malgr\u00e9 l&rsquo;impact des taxes am\u00e9ricaines sur ses ventes vers les \u00c9tats-Unis, le Br\u00e9sil a enregistr\u00e9 en ao\u00fbt une croissance de 3,9% de ses exportations totales, avec de fortes augmentations vers la Chine, l&rsquo;Argentine et le Mexique.<\/p>\n","protected":false},"excerpt":{"rendered":"Les exportations br\u00e9siliennes \u00e0 destination des \u00c9tats-Unis ont chut\u00e9 de 18,5% sur un an au mois d&rsquo;ao\u00fbt sous&hellip;\n","protected":false},"author":2,"featured_media":367426,"comment_status":"","ping_status":"","sticky":false,"template":"","format":"standard","meta":{"footnotes":""},"categories":[1589],"tags":[11,327,2548,73,1866,1074,12,1864,1865,1863,308],"class_list":{"0":"post-367425","1":"post","2":"type-post","3":"status-publish","4":"format-standard","5":"has-post-thumbnail","7":"category-etats-unis","8":"tag-actualites","9":"tag-agriculture","10":"tag-bresil","11":"tag-etats-unis","12":"tag-etats-unis-damerique","13":"tag-guerre-commerciale","14":"tag-news","15":"tag-united-states","16":"tag-united-states-of-america","17":"tag-us","18":"tag-usa"},"share_on_mastodon":{"url":"https:\/\/pubeurope.com\/@fr\/115150077745470524","error":""},"_links":{"self":[{"href":"https:\/\/www.europesays.com\/fr\/wp-json\/wp\/v2\/posts\/367425","targetHints":{"allow":["GET"]}}],"collection":[{"href":"https:\/\/www.europesays.com\/fr\/wp-json\/wp\/v2\/posts"}],"about":[{"href":"https:\/\/www.europesays.com\/fr\/wp-json\/wp\/v2\/types\/post"}],"author":[{"embeddable":true,"href":"https:\/\/www.europesays.com\/fr\/wp-json\/wp\/v2\/users\/2"}],"replies":[{"embeddable":true,"href":"https:\/\/www.europesays.com\/fr\/wp-json\/wp\/v2\/comments?post=367425"}],"version-history":[{"count":0,"href":"https:\/\/www.europesays.com\/fr\/wp-json\/wp\/v2\/posts\/367425\/revisions"}],"wp:featuredmedia":[{"embeddable":true,"href":"https:\/\/www.europesays.com\/fr\/wp-json\/wp\/v2\/media\/367426"}],"wp:attachment":[{"href":"https:\/\/www.europesays.com\/fr\/wp-json\/wp\/v2\/media?parent=367425"}],"wp:term":[{"taxonomy":"category","embeddable":true,"href":"https:\/\/www.europesays.com\/fr\/wp-json\/wp\/v2\/categories?post=367425"},{"taxonomy":"post_tag","embeddable":true,"href":"https:\/\/www.europesays.com\/fr\/wp-json\/wp\/v2\/tags?post=367425"}],"curies":[{"name":"wp","href":"https:\/\/api.w.org\/{rel}","templated":true}]}}