{"id":367427,"date":"2025-09-05T05:38:10","date_gmt":"2025-09-05T05:38:10","guid":{"rendered":"https:\/\/www.europesays.com\/fr\/367427\/"},"modified":"2025-09-05T05:38:10","modified_gmt":"2025-09-05T05:38:10","slug":"qui-attise-la-colere-antimigrants-au-royaume-uni","status":"publish","type":"post","link":"https:\/\/www.europesays.com\/fr\/367427\/","title":{"rendered":"qui attise la col\u00e8re antimigrants au Royaume-Uni\u00a0?"},"content":{"rendered":"<p>Manifestations contre les demandeurs d&rsquo;asile\u00a0: comment l&rsquo;extr\u00eame droite attise la col\u00e8re dans les rues britanniques. Depuis fin juillet, la col\u00e8re gronde dans plusieurs villes d&rsquo;Angleterre, dont Londres, apr\u00e8s l&rsquo;agression d&rsquo;une jeune adolescente par un demandeur d&rsquo;asile dans le nord de la capitale. Ce qui \u00e9tait au d\u00e9part des manifestations de r\u00e9sidents locaux s&rsquo;est rapidement transform\u00e9 en protestations plus violentes men\u00e9es par des mouvements d&rsquo;extr\u00eame droite.<\/p>\n<p>Tout a commenc\u00e9 le 20\u00a0juillet dernier, quand un demandeur d&rsquo;asile a \u00e9t\u00e9 inculp\u00e9 pour des agressions sexuelles sur une adolescente de 14\u00a0ans et une adulte dans la ville d&rsquo;Epping, dans le nord de Londres. Une agression qui s&rsquo;est d\u00e9roul\u00e9e huit jours \u00e0 peine apr\u00e8s son arriv\u00e9e au <a class=\"Link\" href=\"https:\/\/www.lepoint.fr\/tags\/royaume-uni\" data-gtm=\"click:capsule\" data-capsule=\"Lien\" target=\"_blank\" rel=\"noopener\">Royaume-Uni<\/a> par bateau. Hadush Kebatu, 38\u00a0ans, originair&#8230;<\/p>\n<p>Toute l\u2019actualit\u00e9 \u00e0 1\u20ac le premier mois<\/p>\n<p><a href=\"https:\/\/abo.lepoint.fr\/?provenance=21EDI020098\" class=\"btn\" title=\"S&#039;abonner\" data-gtm=\"click:abo|display:abo\" data-campaign=\"paywall_maison\" target=\"_blank\" rel=\"noopener\">S&rsquo;abonner<\/a><\/p>\n<p>ou<\/p>\n","protected":false},"excerpt":{"rendered":"Manifestations contre les demandeurs d&rsquo;asile\u00a0: comment l&rsquo;extr\u00eame droite attise la col\u00e8re dans les rues britanniques. Depuis fin juillet,&hellip;\n","protected":false},"author":2,"featured_media":367428,"comment_status":"","ping_status":"","sticky":false,"template":"","format":"standard","meta":{"footnotes":""},"categories":[1588],"tags":[11,1777,674,2581,12,10669,473,1853,1851,1850,1852],"class_list":{"0":"post-367427","1":"post","2":"type-post","3":"status-publish","4":"format-standard","5":"has-post-thumbnail","7":"category-royaume-uni","8":"tag-actualites","9":"tag-eu","10":"tag-europe","11":"tag-keir-starmer","12":"tag-news","13":"tag-nigel-farage","14":"tag-royaume-uni","15":"tag-royaume-uni-de-grande-bretagne-et-dirlande-du-nord","16":"tag-uk","17":"tag-united-kingdom","18":"tag-united-kingdom-of-great-britain-and-northern-ireland"},"share_on_mastodon":{"url":"https:\/\/pubeurope.com\/@fr\/115150081443880438","error":""},"_links":{"self":[{"href":"https:\/\/www.europesays.com\/fr\/wp-json\/wp\/v2\/posts\/367427","targetHints":{"allow":["GET"]}}],"collection":[{"href":"https:\/\/www.europesays.com\/fr\/wp-json\/wp\/v2\/posts"}],"about":[{"href":"https:\/\/www.europesays.com\/fr\/wp-json\/wp\/v2\/types\/post"}],"author":[{"embeddable":true,"href":"https:\/\/www.europesays.com\/fr\/wp-json\/wp\/v2\/users\/2"}],"replies":[{"embeddable":true,"href":"https:\/\/www.europesays.com\/fr\/wp-json\/wp\/v2\/comments?post=367427"}],"version-history":[{"count":0,"href":"https:\/\/www.europesays.com\/fr\/wp-json\/wp\/v2\/posts\/367427\/revisions"}],"wp:featuredmedia":[{"embeddable":true,"href":"https:\/\/www.europesays.com\/fr\/wp-json\/wp\/v2\/media\/367428"}],"wp:attachment":[{"href":"https:\/\/www.europesays.com\/fr\/wp-json\/wp\/v2\/media?parent=367427"}],"wp:term":[{"taxonomy":"category","embeddable":true,"href":"https:\/\/www.europesays.com\/fr\/wp-json\/wp\/v2\/categories?post=367427"},{"taxonomy":"post_tag","embeddable":true,"href":"https:\/\/www.europesays.com\/fr\/wp-json\/wp\/v2\/tags?post=367427"}],"curies":[{"name":"wp","href":"https:\/\/api.w.org\/{rel}","templated":true}]}}