{"id":367433,"date":"2025-09-05T05:41:10","date_gmt":"2025-09-05T05:41:10","guid":{"rendered":"https:\/\/www.europesays.com\/fr\/367433\/"},"modified":"2025-09-05T05:41:10","modified_gmt":"2025-09-05T05:41:10","slug":"leurope-doit-faire-face-aux-empires-sans-en-devenir-un","status":"publish","type":"post","link":"https:\/\/www.europesays.com\/fr\/367433\/","title":{"rendered":"\u201cL\u2019Europe doit faire face aux empires sans en devenir un\u201d"},"content":{"rendered":"<p>        Lire\u00a0plus\u00a0tard      <\/p>\n<p><a aria-label=\"Nous suivre sur Google News\" href=\"https:\/\/news.google.com\/publications\/CAAqBwgKMJe4nQkw3dFs?hl=fr&amp;gl=FR&amp;ceid=FR%3Afr\" target=\"_blank\" data-piano=\"Page_Article,Sous_date_publi,Nous_suivre_sur_google_news,1er_clic,action\" class=\"btn btn--small btn--tertiary btn--icon-only\" rel=\"nofollow noopener\"><\/p>\n<p>      Google Actualit\u00e9s<br \/>\n  <\/a><\/p>\n<p>  Partager<\/p>\n<p>        Facebook<\/p>\n<p>        Bluesky<\/p>\n<p>        E-mail<\/p>\n<p>        Copier le lien<\/p>\n<p>      Envoyer<\/p>\n<p>      S\u2019abonner    <\/p>\n<p class=\"node__paragraphe antonia-750r text-grey-800 pb-24 pb-md-32\">\nL\u2019Europe est \u00e0 ce moment de son histoire o\u00f9 elle doit se confronter aux empires sans en devenir un. Ce moment est peut-\u00eatre celui o\u00f9 l\u2019\u00e9thique est notre arme la plus pr\u00e9cieuse si nous croyons, avec Paul Val\u00e9ry, que \u00ab\u00a0la faiblesse de la force, c\u2019est de ne croire qu\u2019en la force\u00a0\u00bb.<\/p>\n<p class=\"node__paragraphe antonia-750r text-grey-800 pb-24 pb-md-32\">\nSi notre Union demeure une promesse inachev\u00e9e, elle est aujourd\u2019hui un de ces lieux au monde o\u00f9 puissance publique et Etat de droit vont de pair, ce lieu \u2013 surtout \u2013 o\u00f9 s\u2019incarne le mieux le caract\u00e8re irr\u00e9ductible de la personne humaine. Tout le reste en proc\u00e8de\u00a0: une certaine id\u00e9e de la la\u00efcit\u00e9, le souffle de la solidarit\u00e9, le go\u00fbt de la libert\u00e9.<\/p>\n<p class=\"node__paragraphe antonia-750r text-grey-800 pb-24 pb-md-32\">\nCette promesse a grandi dans le double mouvement de la diversit\u00e9 et de l\u2019unit\u00e9, celui de nos attachements respectifs et de l\u2019art singulier de la traduction. Elle a grandi avec l\u2019h\u00e9ritage d\u2019une m\u00e9moire tragique. L\u2019ethos europ\u00e9en n\u2019a pas emp\u00each\u00e9 la Shoah, il lui a surv\u00e9cu, \u00e0 jamais diff\u00e9rent. Elle est \u2013 au-del\u00e0 de sa propre g\u00e9ographie \u2013 l\u2019esquisse fragile d\u2019une coop\u00e9ration en vue du bien commun. L\u2019Europe est un commencement.<\/p>\n<p class=\"node__paragraphe antonia-750r text-grey-800 pb-24 pb-md-32\">\nDans les chaos du monde, nous sommes aujourd\u2019hui gardiens d\u2019une extraordinaire esp\u00e9rance. Ce tr\u00e9sor qui ne nous appartient pas, c\u2019est l\u2019universalisme. Une id\u00e9e si puissante que nous devons l\u2019\u00e9noncer avec humilit\u00e9, sans ambigu\u00eft\u00e9 avec l\u2019id\u00e9ologie qui justifia notre pass\u00e9 colonial. Son travestissement a nourri l\u2019asservissement, sa v\u00e9rit\u00e9 en est l\u2019antidote.<\/p>\n<p class=\"node__paragraphe antonia-750r text-grey-800 pb-24 pb-md-32\">\nL\u2019universalisme est une profession de foi dans l\u2019humanit\u00e9\u00a0: l\u2019\u00e9gale dignit\u00e9 de tous les \u00eatres humains telle que proclam\u00e9e en\u00a01948 par ceux qui travers\u00e8rent la nuit avec honneur et l\u2019aube d\u2019une conscience \u00e9cologique, celle d\u2019habiter une maison commune.<\/p>\n<p class=\"latino-500b text-grey-600 pb-16\">A lire aussi<\/p>\n<p><a href=\"https:\/\/www.nouvelobs.com\/monde\/20250904.OBS107323\/union-europeenne-devenir-un-protectorat-americain-n-est-pas-inevitable.html\" data-article-key=\"20250904.OBS107323\" class=\"link--box flex-grow-1\" data-piano=\"Page_Article,Lire_aussi,,Lien1,navigation\" rel=\"nofollow noopener\" target=\"_blank\"><\/p>\n<p>                <img decoding=\"async\" src=\"data:image\/svg+xml,%3Csvg%20xmlns%3D%27http%3A%2F%2Fwww.w3.org%2F2000%2Fsvg%27%20fill%3D%22%23e4e4e4%22%20viewBox%3D%270%200%20120%2080%27%20width%3D%22120%22%20height%3D%2280%22%3E%3Cpath%20d%3D%27M0%200h120v80H0z%27%2F%3E%3C%2Fsvg%3E\"  width=\"120\" height=\"79\" loading=\"lazy\" alt=\"Ursula von der Leyen, pr\u00e9sidente de la Commission europ\u00e9enne, s\u2019appr\u00eate \u00e0 serrer la main de Donald Trump, pr\u00e9sident des Etats-Unis, le 27\u00a0juillet 2025\u00a0\u00e0 Turnberry (Ecosse).\"\/><\/p>\n<p class=\"latino-300r latino-lg-600m text-grey-800\">\n                      <strong class=\"latino-300b latino-lg-600m text-grey-500\">Tribune\u00a0<\/strong><br \/>\n                    Union europ\u00e9enne\u00a0: \u00ab\u00a0Devenir un protectorat am\u00e9ricain n\u2019est pas in\u00e9vitable\u00a0\u00bb        <\/p>\n<p><\/a><\/p>\n<p class=\"node__paragraphe antonia-750r text-grey-800 pb-24 pb-md-32\">\nFace au triomphe de la force, le moment europ\u00e9en est celui du refus de la servitude. Le temps est venu d\u2019\u00eatre une puissance \u00e9conomique, militaire, normative, celui de l\u2019affirmation de notre souverainet\u00e9. La n\u00f4tre ne saurait \u00eatre solitaire. Notre vis\u00e9e politique doit \u00eatre celle d\u2019une souverainet\u00e9 solidaire. Solidaire \u2013 sur notre sol comme au bout du monde \u2013 de la protection de nos communs environnementaux et de la dignit\u00e9 humaine.<\/p>\n<p class=\"node__paragraphe antonia-750r text-grey-800 pb-24 pb-md-32\">\nNous serons europ\u00e9ens, si nous avons ensemble des raisons de vivre et de mourir. L\u2019individualisme mat\u00e9rialiste n\u2019en est pas une. C\u2019est la vision partag\u00e9e de ce qui s\u00e9pare l\u2019humain de l\u2019inhumain qui, au sens juridique, nous \u00ab\u00a0constitue\u00a0\u00bb europ\u00e9en. Cet humanisme, dont nous sommes, \u00e0 ce moment de l\u2019histoire, d\u00e9positaires singuliers, n\u2019est pas un concept \u00e9th\u00e9r\u00e9. Il s\u2019incarne dans une fa\u00e7on de faire la guerre et la paix, de produire et de commercer, de cr\u00e9er et de partager.<\/p>\n<p class=\"node__paragraphe antonia-750r text-grey-800 pb-24 pb-md-32\">\nCar la puissance tient avant tout de la coh\u00e9rence. Elle nous guida cette derni\u00e8re d\u00e9cennie \u2013 y compris dans la travers\u00e9e des\u00a0\u00e9preuves \u2013 dans le dessein d\u2019un pacte \u00e9cologique et social. Cette trajectoire commune est d\u00e9sormais ab\u00eem\u00e9e par le nationalisme, l\u2019app\u00e2t du gain, la servitude marchande\u00a0: la somme de nos d\u00e9missions individuelles et collectives.<\/p>\n<p class=\"latino-500b text-grey-600 pb-16\">A lire aussi<\/p>\n<p><a href=\"https:\/\/www.nouvelobs.com\/monde\/20250415.OBS102751\/pourquoi-l-europe-apparait-rassurante-face-au-spectacle-effrayant-de-la-presidence-trump.html\" data-article-key=\"20250415.OBS102751\" class=\"link--box flex-grow-1\" data-piano=\"Page_Article,Lire_aussi,,Lien2,navigation\" rel=\"nofollow noopener\" target=\"_blank\"><\/p>\n<p>                <img decoding=\"async\" src=\"data:image\/svg+xml,%3Csvg%20xmlns%3D%27http%3A%2F%2Fwww.w3.org%2F2000%2Fsvg%27%20fill%3D%22%23e4e4e4%22%20viewBox%3D%270%200%20120%2080%27%20width%3D%22120%22%20height%3D%2280%22%3E%3Cpath%20d%3D%27M0%200h120v80H0z%27%2F%3E%3C%2Fsvg%3E\"  width=\"120\" height=\"80\" loading=\"lazy\" alt=\"Au sommet des chefs d\u2019Etat et de gouvernement de l\u2019Union europ\u00e9enne, \u00e0 Bruxelles, le 20\u00a0mars 2025.\"\/><\/p>\n<p class=\"latino-300r latino-lg-600m text-grey-800\">\n                      <strong class=\"latino-300b latino-lg-600m text-grey-500\">Chronique\u00a0<\/strong><br \/>\n                    Pourquoi l\u2019Europe appara\u00eet rassurante face au spectacle effrayant de la pr\u00e9sidence Trump        <\/p>\n<p><\/a><\/p>\n<p class=\"node__paragraphe antonia-750r text-grey-800 pb-24 pb-md-32\">\nPour raviver notre courage, il faut parfois prendre le large. Ce kairos europ\u00e9en \u00e9voque celui o\u00f9 les Etats-Unis d\u2019Am\u00e9rique furent \u00e0 la hauteur de l\u2019histoire en conjurant le risque de s\u00e9cession par l\u2019appel \u00e0 une morale universelle. Nous avons soif de la parole d\u2019un Lincoln devant le Congr\u00e8s en\u00a01862 lors de cette bascule de l\u2019humanit\u00e9 que fut l\u2019abolition de l\u2019esclavage\u00a0:<\/p>\n<p class=\"node__paragraphe antonia-750r text-grey-800 pb-24 pb-md-32\">\n\u00ab\u00a0Les dogmes du paisible pass\u00e9 ne sont plus \u00e0 la hauteur de l\u2019orageux pr\u00e9sent. L\u2019occasion offre un amoncellement de difficult\u00e9s et il faut nous \u00e9lever \u00e0 la hauteur de l\u2019occasion. De m\u00eame que notre position est nouvelle, il nous faut de nouvelles pens\u00e9es et des actes nouveaux\u00a0; il faut nous affranchir nous-m\u00eames, et alors nous sauverons le pays. [\u2026]<br \/>Nous disons que nous sommes pour l\u2019Union. Le monde n\u2019oubliera pas que, tandis que nous disons cela, nous savons comment sauver l\u2019Union. Le monde sait, nous savons, comment la sauver. C\u2019est nous qui, ici m\u00eame, en avons le pouvoir et en supportons la responsabilit\u00e9.<br \/>En donnant la libert\u00e9 \u00e0 l\u2019esclave, nous donnons la libert\u00e9 \u00e0 l\u2019homme libre et nous nous montrons honorables \u00e0 la fois dans ce que nous donnons et dans ce que nous conservons.<br \/>Nous sauverons noblement ou nous perdrons mis\u00e9rablement la derni\u00e8re et la plus belle esp\u00e9rance de la terre.<br \/>D\u2019autres moyens peuvent r\u00e9ussir, celui-ci ne saurait faillir.<br \/>La ligne \u00e0 suivre est claire, paisible, g\u00e9n\u00e9reuse, juste.\u00a0\u00bb<\/p>\n<p class=\"node__paragraphe antonia-750r text-grey-800 pb-24 pb-md-32\">\nCette qu\u00eate d\u2019une coh\u00e9rence \u00e9thique est l\u2019urgence europ\u00e9enne. Elle doit devenir la boussole du d\u00e9bat d\u00e9mocratique. Elle seule est susceptible de faire \u00e9cho, au-del\u00e0 de nos fronti\u00e8res, \u00e0 la profonde esp\u00e9rance des soci\u00e9t\u00e9s civiles qui ne consentent pas au culte de la force.<\/p>\n<p class=\"latino-600m text-green-500\">Cet article est une tribune, r\u00e9dig\u00e9e par un auteur ext\u00e9rieur<br \/>\n            au journal et dont le point de vue n\u2019engage pas la r\u00e9daction.<\/p>\n","protected":false},"excerpt":{"rendered":"Lire\u00a0plus\u00a0tard Google Actualit\u00e9s Partager Facebook Bluesky E-mail Copier le lien Envoyer S\u2019abonner L\u2019Europe est \u00e0 ce moment de&hellip;\n","protected":false},"author":2,"featured_media":367434,"comment_status":"","ping_status":"","sticky":false,"template":"","format":"standard","meta":{"footnotes":""},"categories":[1586],"tags":[17,11,8300,50185,1777,674,1779,2823,4560,1011,27,74,12,25,1778,364],"class_list":{"0":"post-367433","1":"post","2":"type-post","3":"status-publish","4":"format-standard","5":"has-post-thumbnail","7":"category-europe","8":"tag-17","9":"tag-actualites","10":"tag-devenir","11":"tag-empires","12":"tag-eu","13":"tag-europe","14":"tag-european-union","15":"tag-face","16":"tag-faire","17":"tag-fr","18":"tag-france","19":"tag-monde","20":"tag-news","21":"tag-republique-francaise","22":"tag-ue","23":"tag-union-europeenne"},"share_on_mastodon":{"url":"https:\/\/pubeurope.com\/@fr\/115150093341799565","error":""},"_links":{"self":[{"href":"https:\/\/www.europesays.com\/fr\/wp-json\/wp\/v2\/posts\/367433","targetHints":{"allow":["GET"]}}],"collection":[{"href":"https:\/\/www.europesays.com\/fr\/wp-json\/wp\/v2\/posts"}],"about":[{"href":"https:\/\/www.europesays.com\/fr\/wp-json\/wp\/v2\/types\/post"}],"author":[{"embeddable":true,"href":"https:\/\/www.europesays.com\/fr\/wp-json\/wp\/v2\/users\/2"}],"replies":[{"embeddable":true,"href":"https:\/\/www.europesays.com\/fr\/wp-json\/wp\/v2\/comments?post=367433"}],"version-history":[{"count":0,"href":"https:\/\/www.europesays.com\/fr\/wp-json\/wp\/v2\/posts\/367433\/revisions"}],"wp:featuredmedia":[{"embeddable":true,"href":"https:\/\/www.europesays.com\/fr\/wp-json\/wp\/v2\/media\/367434"}],"wp:attachment":[{"href":"https:\/\/www.europesays.com\/fr\/wp-json\/wp\/v2\/media?parent=367433"}],"wp:term":[{"taxonomy":"category","embeddable":true,"href":"https:\/\/www.europesays.com\/fr\/wp-json\/wp\/v2\/categories?post=367433"},{"taxonomy":"post_tag","embeddable":true,"href":"https:\/\/www.europesays.com\/fr\/wp-json\/wp\/v2\/tags?post=367433"}],"curies":[{"name":"wp","href":"https:\/\/api.w.org\/{rel}","templated":true}]}}