{"id":367438,"date":"2025-09-05T05:44:14","date_gmt":"2025-09-05T05:44:14","guid":{"rendered":"https:\/\/www.europesays.com\/fr\/367438\/"},"modified":"2025-09-05T05:44:14","modified_gmt":"2025-09-05T05:44:14","slug":"dans-les-coulisses-de-laccord-foxconn-thales","status":"publish","type":"post","link":"https:\/\/www.europesays.com\/fr\/367438\/","title":{"rendered":"dans les\u00a0coulisses de l\u2019accord Foxconn-Thales"},"content":{"rendered":"<p>Le secret aura \u00e9t\u00e9 bien gard\u00e9. Juste avant l&rsquo;ouverture du sommet <a href=\"https:\/\/www.latribune.fr\/economie\/france\/choose-france-macron-annonce-une-salve-record-de-20-milliard-d-euros-d-investissements-1025114.html\" target=\"_blank\" rel=\"noopener\">Choose France<\/a>, au mois de mai, l&rsquo;\u00c9lys\u00e9e r\u00e9v\u00e8le que le fleuron tricolore de la d\u00e9fense <a href=\"https:\/\/www.latribune.fr\/entreprises-finance\/industrie\/aeronautique-defense\/thales-la-defense-et-l-aeronautique-tirent-le-groupe-vers-de-nouveaux-records-1030159.html\" target=\"_blank\" rel=\"noopener\">Thales <\/a>et le poids lourd ta\u00efwanais de l&rsquo;\u00e9lectronique <a href=\"https:\/\/www.latribune.fr\/entreprises-finance\/industrie\/automobile\/foxconn-veut-racheter-la-participation-de-renault-dans-nissan-1014328.html\" target=\"_blank\" rel=\"noopener\">Foxconn <\/a>envisagent d&rsquo;implanter sur notre sol une usine de semi-conducteurs. Le projet doit se faire en partenariat avec Radiall, sp\u00e9cialiste des connecteurs et composants. \u00ab\u00a0Un pas vers l&rsquo;autonomie strat\u00e9gique pour la micro\u00e9lectronique \u00bb, exulte la pr\u00e9sidence. L&rsquo;annonce fait l&rsquo;effet d&rsquo;une bombe, alors que la France peine \u00e0 se r\u00e9industrialiser et que 80\u00a0% de la production de semi-conducteurs provient d&rsquo;Asie du Sud-Est.<\/p>\n<p>Certes, la France avait d\u00e9j\u00e0 r\u00e9ussi \u00e0 convaincre l&rsquo;entreprise ta\u00efwanaise Prologium de se lancer dans une gigafactory de batteries \u00e0 Dunkerque.\u00a0Le montant d&rsquo;investissement attendu de Foxconn est moindre, puisqu&rsquo;il doit contribuer avec Thales et Radiall \u00e0 une enveloppe de \u00ab\u00a0seulement\u00a0\u00bb\u00a0250\u00a0millions d&rsquo;euros.\u00a0Mais en termes d&rsquo;images, le nom de ce champion ta\u00efwanais claque bien davantage et\u00a0laisse esp\u00e9rer un effet d&rsquo;entra\u00eenement vis-\u00e0-vis d&rsquo;autres acteurs, ta\u00efwanais et \u00e9trangers. C&rsquo;est donc un joli coup.<\/p>\n","protected":false},"excerpt":{"rendered":"Le secret aura \u00e9t\u00e9 bien gard\u00e9. Juste avant l&rsquo;ouverture du sommet Choose France, au mois de mai, l&rsquo;\u00c9lys\u00e9e&hellip;\n","protected":false},"author":2,"featured_media":367439,"comment_status":"","ping_status":"","sticky":false,"template":"","format":"standard","meta":{"footnotes":""},"categories":[4],"tags":[17,11,1446,50186,1011,27,20843,20559,12,25,11869,1807,2103],"class_list":{"0":"post-367438","1":"post","2":"type-post","3":"status-publish","4":"format-standard","5":"has-post-thumbnail","7":"category-france","8":"tag-17","9":"tag-actualites","10":"tag-dans","11":"tag-foxconn-thales","12":"tag-fr","13":"tag-france","14":"tag-laccord","15":"tag-les-coulisses","16":"tag-news","17":"tag-republique-francaise","18":"tag-semi-conducteurs","19":"tag-technos-medias","20":"tag-usine"},"share_on_mastodon":{"url":"https:\/\/pubeurope.com\/@fr\/115150105021351247","error":""},"_links":{"self":[{"href":"https:\/\/www.europesays.com\/fr\/wp-json\/wp\/v2\/posts\/367438","targetHints":{"allow":["GET"]}}],"collection":[{"href":"https:\/\/www.europesays.com\/fr\/wp-json\/wp\/v2\/posts"}],"about":[{"href":"https:\/\/www.europesays.com\/fr\/wp-json\/wp\/v2\/types\/post"}],"author":[{"embeddable":true,"href":"https:\/\/www.europesays.com\/fr\/wp-json\/wp\/v2\/users\/2"}],"replies":[{"embeddable":true,"href":"https:\/\/www.europesays.com\/fr\/wp-json\/wp\/v2\/comments?post=367438"}],"version-history":[{"count":0,"href":"https:\/\/www.europesays.com\/fr\/wp-json\/wp\/v2\/posts\/367438\/revisions"}],"wp:featuredmedia":[{"embeddable":true,"href":"https:\/\/www.europesays.com\/fr\/wp-json\/wp\/v2\/media\/367439"}],"wp:attachment":[{"href":"https:\/\/www.europesays.com\/fr\/wp-json\/wp\/v2\/media?parent=367438"}],"wp:term":[{"taxonomy":"category","embeddable":true,"href":"https:\/\/www.europesays.com\/fr\/wp-json\/wp\/v2\/categories?post=367438"},{"taxonomy":"post_tag","embeddable":true,"href":"https:\/\/www.europesays.com\/fr\/wp-json\/wp\/v2\/tags?post=367438"}],"curies":[{"name":"wp","href":"https:\/\/api.w.org\/{rel}","templated":true}]}}