{"id":367440,"date":"2025-09-05T05:46:19","date_gmt":"2025-09-05T05:46:19","guid":{"rendered":"https:\/\/www.europesays.com\/fr\/367440\/"},"modified":"2025-09-05T05:46:19","modified_gmt":"2025-09-05T05:46:19","slug":"volleyball-championnat-du-monde-feminin-le-direct-et-les-resultats-turquie-japon-italie-et-bresil-en-demi-sports-infos-ski","status":"publish","type":"post","link":"https:\/\/www.europesays.com\/fr\/367440\/","title":{"rendered":"Volleyball &#8211; Championnat du monde f\u00e9minin &#8211; Le direct et les r\u00e9sultats &#8211; Turquie, Japon, Italie et Br\u00e9sil en demi &#8211; Sports Infos &#8211; Ski"},"content":{"rendered":"<p><strong>Mondial de Volleyball F\u00e9minin 2025 : La France de retour<\/strong><\/p>\n<p>Du 22 ao\u00fbt au 7 septembre en Tha\u00eflande, 32 nations, un record, s\u2019affronteront pour la premi\u00e8re fois dans un format in\u00e9dit.<\/p>\n<p>Parmi elles, l\u2019\u00e9quipe de France fait son grand retour, 51 ans apr\u00e8s sa derni\u00e8re participation en 1974. D\u00e8s vendredi, les Bleues entrent dans la danse \u00e0 Chiang Mai, avec l\u2019envie de briller.<\/p>\n<p>Ce Mondial, organis\u00e9 pour la premi\u00e8re fois en Tha\u00eflande, promet du spectacle avec des cadors comme l\u2019Italie, aur\u00e9ol\u00e9e d\u2019un titre olympique \u00e0 Paris 2024 et d\u2019une victoire en Ligue des Nations.<\/p>\n<p>Les \u00c9tats-Unis et le Br\u00e9sil, m\u00e9daill\u00e9s olympiques \u00e0 Paris, ne comptent pas rester dans l\u2019ombre. La Serbie, double championne en titre, r\u00eave d\u2019un tripl\u00e9 historique. La Pologne, le Japon, la Turquie et la Chine sont \u00e9galement ambitieuses.<\/p>\n<p>C\u00f4t\u00e9 fran\u00e7ais, la capitaine H\u00e9l\u00e9na Cazaute reste pragmatique : \u00ab Passer les poules serait super, viser la premi\u00e8re ou deuxi\u00e8me place. Ensuite, pourquoi pas les quarts, mais on se concentre d\u2019abord sur notre groupe. \u00bb<\/p>\n<p><img decoding=\"async\" alt=\"FIVB.jpg\" src=\"https:\/\/www.europesays.com\/fr\/wp-content\/uploads\/2025\/09\/FIVB.jpg\"\/><\/p>\n<p><strong>Les groupes et le calendrier<\/strong><\/p>\n<p><strong>Groupe A<\/strong> : Tha\u00eflande, Pays-Bas, Su\u00e8de, \u00c9gypte<br \/>&#13;<br \/>\n<strong>Groupe B<\/strong> : Italie, Belgique, Cuba, Slovaquie<br \/>&#13;<br \/>\n<strong>Groupe C<\/strong> : Br\u00e9sil, Porto Rico, France, Gr\u00e8ce<br \/>&#13;<br \/>\n<strong>Groupe D<\/strong> : \u00c9tats-Unis, Tch\u00e9quie, Argentine, Slov\u00e9nie<br \/>&#13;<br \/>\n<strong>Groupe E<\/strong> : Turquie, Canada, Bulgarie, Espagne<br \/>&#13;<br \/>\n<strong>Groupe F<\/strong> : Chine, R\u00e9publique dominicaine, Colombie, Mexique<br \/>&#13;<br \/>\n<strong>Groupe G<\/strong> : Pologne, Allemagne, Kenya, Vietnam<br \/>&#13;<br \/>\n<strong>Groupe H<\/strong> : Japon, Serbie, Ukraine, Cameroun.<\/p>\n<p><a href=\"\" target=\"_blank\"><img decoding=\"async\" alt=\"Intersport partenaire UTMB\" src=\"https:\/\/www.europesays.com\/fr\/wp-content\/uploads\/2025\/09\/1756808594_752_\"\/><\/a><\/p>\n<p><strong>Le calendrier complet<\/strong><\/p>\n<p>Horaires indiqu\u00e9s en heure locale. Pour obtenir l\u2019heure de chez nous, retranchez cinq heures.<\/p>\n<p><strong>Tour pr\u00e9liminaire<\/strong><\/p>\n<p>Vendredi 22 ao\u00fbt<\/p>\n<p>16h00 : Tch\u00e9quie \ud83c\udde8\ud83c\uddff &#8211; Argentine \ud83c\udde6\ud83c\uddf7 : 1\/3<\/p>\n<p><strong>16h00 : Porto Rico \ud83c\uddf5\ud83c\uddf7 &#8211; France \ud83c\uddeb\ud83c\uddf7 : 1\/3<\/strong><\/p>\n<\/p>\n<p>\u00a0<\/p>\n<p>17h00 : Pays-Bas \ud83c\uddf3\ud83c\uddf1 &#8211; Su\u00e8de \ud83c\uddf8\ud83c\uddea : 3\/2<\/p>\n<p>17h00 : Belgique \ud83c\udde7\ud83c\uddea &#8211; Cuba \ud83c\udde8\ud83c\uddfa : 3\/0<\/p>\n<p>19h30 : \u00c9tats-Unis \ud83c\uddfa\ud83c\uddf8 &#8211; Slov\u00e9nie \ud83c\uddf8\ud83c\uddee : 3\/1<\/p>\n<p>19h30 : Br\u00e9sil \ud83c\udde7\ud83c\uddf7 &#8211; Gr\u00e8ce \ud83c\uddec\ud83c\uddf7 : 3\/0<\/p>\n<p>20h30 : Tha\u00eflande \ud83c\uddf9\ud83c\udded &#8211; \u00c9gypte \ud83c\uddea\ud83c\uddec : 3\/1<\/p>\n<p>20h30 : Italie \ud83c\uddee\ud83c\uddf9 &#8211; Slovaquie \ud83c\uddf8\ud83c\uddf0 : 3\/0<\/p>\n<p>\u00a0<\/p>\n<p>Samedi 23 ao\u00fbt<\/p>\n<p>16h00 : Canada \ud83c\udde8\ud83c\udde6 &#8211; Bulgarie \ud83c\udde7\ud83c\uddec : 3\/1<\/p>\n<p>16h00 : R\u00e9publique dominicaine \ud83c\udde9\ud83c\uddf4 &#8211; Colombie \ud83c\udde8\ud83c\uddf4 : 3\/0<\/p>\n<p>17h00 : Japon \ud83c\uddef\ud83c\uddf5 &#8211; Cameroun \ud83c\udde8\ud83c\uddf2 : 3\/0<\/p>\n<p>17h00 : Allemagne \ud83c\udde9\ud83c\uddea &#8211; Kenya \ud83c\uddf0\ud83c\uddea : 3\/1<\/p>\n<p>19h30 : Turquie \ud83c\uddf9\ud83c\uddf7 &#8211; Espagne \ud83c\uddea\ud83c\uddf8 : 3\/0<\/p>\n<p>19h30 : R\u00e9publique populaire de Chine \ud83c\udde8\ud83c\uddf3 &#8211; Mexique \ud83c\uddf2\ud83c\uddfd : 3\/1<\/p>\n<p>20h30 : Serbie \ud83c\uddf7\ud83c\uddf8 &#8211; Ukraine \ud83c\uddfa\ud83c\udde6 : 3-0<\/p>\n<p>20h30 : Pologne \ud83c\uddf5\ud83c\uddf1 &#8211; Vietnam \ud83c\uddfb\ud83c\uddf3 : 3-1<\/p>\n<p>\u00a0<\/p>\n<p><strong>Dimanche 24 ao\u00fbt<\/strong><\/p>\n<p>16h00 : Tch\u00e9quie \ud83c\udde8\ud83c\uddff &#8211; Slov\u00e9nie \ud83c\uddf8\ud83c\uddee : 3-2<\/p>\n<p>16h00 : Porto Rico \ud83c\uddf5\ud83c\uddf7 &#8211; Gr\u00e8ce \ud83c\uddec\ud83c\uddf7 : 1-3<\/p>\n<p>17h00 : Pays-Bas \ud83c\uddf3\ud83c\uddf1 &#8211; \u00c9gypte \ud83c\uddea\ud83c\uddec : 3-0<\/p>\n<p>17h00 : Italie \ud83c\uddee\ud83c\uddf9 &#8211; Cuba \ud83c\udde8\ud83c\uddfa : 3-0<\/p>\n<p>19h30 : \u00c9tats-Unis d\u2019Am\u00e9rique \ud83c\uddfa\ud83c\uddf8 &#8211; Argentine \ud83c\udde6\ud83c\uddf7 : 3-1<\/p>\n<p><strong>19h30 : Br\u00e9sil \ud83c\udde7\ud83c\uddf7 &#8211; France \ud83c\uddeb\ud83c\uddf7 : 3-2<\/strong><\/p>\n<\/p>\n<p>20h30 : Tha\u00eflande \ud83c\uddf9\ud83c\udded &#8211; Su\u00e8de \ud83c\uddf8\ud83c\uddea : 3-0<\/p>\n<p>20h30 : Belgique \ud83c\udde7\ud83c\uddea &#8211; Slovaquie \ud83c\uddf8\ud83c\uddf0 : 3-0<\/p>\n<p>\u00a0<\/p>\n<p><strong>Lundi 25 ao\u00fbt<\/strong><\/p>\n<p>16h00 : Canada \ud83c\udde8\ud83c\udde6 &#8211; Espagne \ud83c\uddea\ud83c\uddf8 : 3-2<\/p>\n<p>16h00 : R\u00e9publique dominicaine \ud83c\udde9\ud83c\uddf4 &#8211; Mexique \ud83c\uddf2\ud83c\uddfd : 3-0<\/p>\n<p>17h00 : Japon \ud83c\uddef\ud83c\uddf5 &#8211; Ukraine \ud83c\uddfa\ud83c\udde6 : 3-2<\/p>\n<p>17h00 : Allemagne \ud83c\udde9\ud83c\uddea &#8211; Vietnam \ud83c\uddfb\ud83c\uddf3 : 3-0<\/p>\n<p>19h30 : Turquie\u00a0\ud83c\uddf9\ud83c\uddf7 &#8211; Bulgarie \ud83c\udde7\ud83c\uddec : 3-0<\/p>\n<p>19h30 : R\u00e9publique populaire de Chine \ud83c\udde8\ud83c\uddf3 &#8211; Colombie \ud83c\udde8\ud83c\uddf4 : 3-1<\/p>\n<p>20h30 : Serbie \ud83c\uddf7\ud83c\uddf8 &#8211; Cameroun \ud83c\udde8\ud83c\uddf2 : 3-1<\/p>\n<p>20h30 : Pologne \ud83c\uddf5\ud83c\uddf1 &#8211; Kenya \ud83c\uddf0\ud83c\uddea : 3-0<\/p>\n<p>\u00a0<\/p>\n<p><strong>Mardi 26 ao\u00fbt<\/strong><\/p>\n<p>16h00 : Argentine \ud83c\udde6\ud83c\uddf7 &#8211; Slov\u00e9nie \ud83c\uddf8\ud83c\uddee : 0-3<\/p>\n<p><strong>16h00 : France \ud83c\uddeb\ud83c\uddf7 &#8211; Gr\u00e8ce \ud83c\uddec\ud83c\uddf7 : 3-1<\/strong><\/p>\n<p>Cesar Hernandez, entra\u00eeneur de l\u2019\u00e9quipe de France :<\/p>\n<p>\u00ab\u00a0La Gr\u00e8ce a r\u00e9ussi aujourd\u2019hui \u00e0 nous poser des probl\u00e8mes, comme on l\u2019avait fait dimanche face au Br\u00e9sil. Au premier set, elles nous ont \u00ab tu\u00e9s \u00bb, c\u2019\u00e9tait vraiment difficile de les arr\u00eater, elles \u00e9taient vraiment fortes en attaque et en d\u00e9fense.<\/p>\n<p>Ensuite, nous sommes peu \u00e0 peu rentr\u00e9es dans le match que nous avions besoin de faire, nous avons bien contr\u00f4l\u00e9 le deuxi\u00e8me set.<\/p>\n<p>Dans le troisi\u00e8me, elles ont bien commenc\u00e9, nous n\u2019arrivions pas \u00e0 les contr\u00f4ler, mais dans la derni\u00e8re partie du set, nous avons vraiment fait du tr\u00e8s bon travail, ce qui nous a permis de revenir et de gagner cette manche, c\u2019\u00e9tait vraiment la cl\u00e9 du match.<\/p>\n<p>M\u00eame si dans la quatri\u00e8me, on a encore eu des difficult\u00e9s au d\u00e9but, il a fallu se remobiliser pour faire tourner le score et arriver \u00e0 la fin \u00e0 l\u00e2cher les \u00e9motions et les nerfs li\u00e9s \u00e0 ces situations difficiles.<\/p>\n<p>Parfois, c\u2019est bien de gagner en jouant bien, mais c\u2019est aussi bien de gagner en jouant mal, \u00e7a rend plus fort mentalement, ce qui \u00e9tait le cas aujourd\u2019hui.<\/p>\n<p>Cette qualification \u00e9tait notre objectif, on peut dire que la mission est accomplie, maintenant j\u2019ai dit aux joueuses que je voulais qu\u2019on continue \u00e0 \u00e9crire l\u2019histoire de cet \u00e9t\u00e9.<\/p>\n<p>On sait que le niveau va encore s\u2019\u00e9lever avec une grosse \u00e9quipe face \u00e0 nous, la Chine ou la R\u00e9publique dominicaine, mais nous n\u2019avons rien \u00e0 perdre.<\/p>\n<p>Nous allons bien \u00e9tudier notre adversaire et aborder ce huiti\u00e8me de finale avec confiance et avec le r\u00eave de se dire que c\u2019est possible. On a r\u00e9ussi \u00e0 poser des probl\u00e8mes au Br\u00e9sil, nous devons faire la m\u00eame chose.<\/p>\n<\/p>\n<p>17h00 : Su\u00e8de \ud83c\uddf8\ud83c\uddea &#8211; \u00c9gypte \ud83c\uddea\ud83c\uddec : 3-1<\/p>\n<p>17h00 : Italie \ud83c\uddee\ud83c\uddf9 &#8211; Belgique \ud83c\udde7\ud83c\uddea : 3-1<\/p>\n<p>19h30 : \u00c9tats-Unis d&rsquo;Am\u00e9rique \ud83c\uddfa\ud83c\uddf8 &#8211; Tch\u00e9quie \ud83c\udde8\ud83c\uddff : 3-0<\/p>\n<p>19h30 : Br\u00e9sil \ud83c\udde7\ud83c\uddf7 &#8211; Porto Rico \ud83c\uddf5\ud83c\uddf7 : 3-0<\/p>\n<p>20h30 : Tha\u00eflande \ud83c\uddf9\ud83c\udded &#8211; Pays-Bas \ud83c\uddf3\ud83c\uddf1 : 2-3<\/p>\n<p>20h30 : Cuba \ud83c\udde8\ud83c\uddfa &#8211; Slovaquie \ud83c\uddf8\ud83c\uddf0 : 3-1<\/p>\n<p>\u00a0<\/p>\n<p>Mercredi 27 ao\u00fbt<\/p>\n<p>16h00 : Turquie\u00a0\ud83c\uddf9\ud83c\uddf7 &#8211; Canada \ud83c\udde8\ud83c\udde6 : 3-0<\/p>\n<p>16h00 : Colombie \ud83c\udde8\ud83c\uddf4 &#8211; Mexique \ud83c\uddf2\ud83c\uddfd : 3-2<\/p>\n<p>17h00 : Japon \ud83c\uddef\ud83c\uddf5 &#8211; Serbie \ud83c\uddf7\ud83c\uddf8 : 3-1<\/p>\n<p>17h00 : Kenya \ud83c\uddf0\ud83c\uddea &#8211; Vietnam \ud83c\uddfb\ud83c\uddf3 : 3-0<\/p>\n<p>19h30 : Bulgarie \ud83c\udde7\ud83c\uddec &#8211; Espagne \ud83c\uddea\ud83c\uddf8 : 1-3<\/p>\n<p>19h30 : R\u00e9publique populaire de Chine \ud83c\udde8\ud83c\uddf3 &#8211; R\u00e9publique dominicaine \ud83c\udde9\ud83c\uddf4 : 3-0<\/p>\n<p>20h30 : Ukraine \ud83c\uddfa\ud83c\udde6 &#8211; Cameroun \ud83c\udde8\ud83c\uddf2 : 3-0<\/p>\n<p>20h30 : Pologne \ud83c\uddf5\ud83c\uddf1 &#8211; Allemagne \ud83c\udde9\ud83c\uddea : 3-2<\/p>\n<p><img decoding=\"async\" alt=\"FI.jpg\" src=\"https:\/\/www.europesays.com\/fr\/wp-content\/uploads\/2025\/09\/FI.jpg\"\/><\/p>\n<p><strong>Huiti\u00e8mes de finale<\/strong><\/p>\n<p>Vendredi 29 ao\u00fbt<\/p>\n<p><strong>Pays-Bas \ud83c\uddf3\ud83c\uddf1<\/strong>\u00a0 vs Serbie \ud83c\uddf7\ud83c\uddf8 : 3\/2<\/p>\n<p><strong>Japon \ud83c\uddef\ud83c\uddf5 <\/strong>vs Thailande \ud83c\uddf9\ud83c\udded 3\/0<\/p>\n<\/p>\n<p>\u00a0<\/p>\n<p><strong>Samedi 30 ao\u00fbt<\/strong><\/p>\n<p><strong>Italie<\/strong> vs Allemagne : 3\/0<\/p>\n<p><strong>Pologne<\/strong> vs Belgique : 3\/2<\/p>\n<\/p>\n<p>\u00a0<\/p>\n<p><strong>Dimanche 31 ao\u00fbt<\/strong><\/p>\n<p>Chine vs<strong> France :<\/strong> 1\/3<\/p>\n<p><strong>Br\u00e9sil <\/strong>vs R\u00e9p Dominicaine : 3\/1<\/p>\n<\/p>\n<p>\u00a0<\/p>\n<p><strong>Lundi 1er septembre<\/strong><\/p>\n<p><strong>USA <\/strong>vs Canada : 3\/0<\/p>\n<p><strong>Turquie <\/strong>vs Slov\u00e9nie : 3\/0<\/p>\n<p>\u00a0<\/p>\n<p><strong>Quarts de finale<\/strong><\/p>\n<p><strong>Mercredi 3 septembre<\/strong><\/p>\n<p>Pays Bas \ud83c\uddf3\ud83c\uddf1 vs <strong>Japon \ud83c\uddef\ud83c\uddf5 :<\/strong> 2\/3<\/p>\n<p><strong>Italie \ud83c\uddee\ud83c\uddf9<\/strong> vs Pologne \ud83c\uddf5\ud83c\uddf1 : 3\/0<\/p>\n<\/p>\n<p>\u00a0<\/p>\n<p><strong>Jeudi 4 septembre<\/strong><\/p>\n<p>France \ud83c\uddeb\ud83c\uddf7 vs <strong>Br\u00e9sil \ud83c\udde7\ud83c\uddf7<\/strong> : 0\/3 <a href=\"https:\/\/www.ski-nordique.net\/volleyball-lequipe-de-france-feminine-quitte-les-mondiaux-avec-les-honneurs.6728000-476262.html\" target=\"_blank\" rel=\"noopener\">(voir notre article et la vid\u00e9o ICI)<\/a><\/p>\n<p>USA \ud83c\uddfa\ud83c\uddf8 vs <strong>Turquie \ud83c\uddf9\ud83c\uddf7 <\/strong>: 1\/3<\/p>\n<\/p>\n<p>\u00a0<\/p>\n<p><strong>Demi-finales<\/strong><\/p>\n<p><strong>Samedi 6 septembre<\/strong><\/p>\n<p>15h30\u00a0:\u00a0<strong>Turquie \ud83c\uddf9\ud83c\uddf7 vs\u00a0Japon \ud83c\uddef\ud83c\uddf5 :<\/strong><\/p>\n<p>19h30 :\u00a0<strong>Br\u00e9sil \ud83c\udde7\ud83c\uddf7<\/strong>\u00a0vs\u00a0<strong>Italie \ud83c\uddee\ud83c\uddf9<\/strong><\/p>\n<p>\u00a0<\/p>\n<p>Match pour la m\u00e9daille de bronze<\/p>\n<p>Dimanche 7 septembre<\/p>\n<p>15h30 : Petite finale<\/p>\n<p>Match pour la m\u00e9daille d\u2019or<\/p>\n<p>Dimanche 7 septembre<\/p>\n<p>19h30 : Finale<\/p>\n<p><strong>Le savais-tu ?<\/strong> La derni\u00e8re participation de l\u2019\u00e9quipe de France f\u00e9minine au Mondial remonte \u00e0 1974, soit plus d\u2019un demi-si\u00e8cle d\u2019attente avant ce grand retour.<\/p>\n","protected":false},"excerpt":{"rendered":"Mondial de Volleyball F\u00e9minin 2025 : La France de retour Du 22 ao\u00fbt au 7 septembre en Tha\u00eflande,&hellip;\n","protected":false},"author":2,"featured_media":367441,"comment_status":"","ping_status":"","sticky":false,"template":"","format":"standard","meta":{"footnotes":""},"categories":[1417],"tags":[2863,525,3477,3233,3949,1295,1011,27,1114,820,74,8975,9622,8974,395,60,9620,1684,2955,1470,1469],"class_list":{"0":"post-367440","1":"post","2":"type-post","3":"status-publish","4":"format-standard","5":"has-post-thumbnail","7":"category-volley","8":"tag-aout","9":"tag-calendrier","10":"tag-cette","11":"tag-championnat","12":"tag-complet","13":"tag-feminin","14":"tag-fr","15":"tag-france","16":"tag-infos","17":"tag-live","18":"tag-monde","19":"tag-page","20":"tag-prevu","21":"tag-retrouvez","22":"tag-septembre","23":"tag-sports","24":"tag-suivi","25":"tag-thailande","26":"tag-videos","27":"tag-volley","28":"tag-volleyball"},"share_on_mastodon":{"url":"https:\/\/pubeurope.com\/@fr\/115150113690199445","error":""},"_links":{"self":[{"href":"https:\/\/www.europesays.com\/fr\/wp-json\/wp\/v2\/posts\/367440","targetHints":{"allow":["GET"]}}],"collection":[{"href":"https:\/\/www.europesays.com\/fr\/wp-json\/wp\/v2\/posts"}],"about":[{"href":"https:\/\/www.europesays.com\/fr\/wp-json\/wp\/v2\/types\/post"}],"author":[{"embeddable":true,"href":"https:\/\/www.europesays.com\/fr\/wp-json\/wp\/v2\/users\/2"}],"replies":[{"embeddable":true,"href":"https:\/\/www.europesays.com\/fr\/wp-json\/wp\/v2\/comments?post=367440"}],"version-history":[{"count":0,"href":"https:\/\/www.europesays.com\/fr\/wp-json\/wp\/v2\/posts\/367440\/revisions"}],"wp:featuredmedia":[{"embeddable":true,"href":"https:\/\/www.europesays.com\/fr\/wp-json\/wp\/v2\/media\/367441"}],"wp:attachment":[{"href":"https:\/\/www.europesays.com\/fr\/wp-json\/wp\/v2\/media?parent=367440"}],"wp:term":[{"taxonomy":"category","embeddable":true,"href":"https:\/\/www.europesays.com\/fr\/wp-json\/wp\/v2\/categories?post=367440"},{"taxonomy":"post_tag","embeddable":true,"href":"https:\/\/www.europesays.com\/fr\/wp-json\/wp\/v2\/tags?post=367440"}],"curies":[{"name":"wp","href":"https:\/\/api.w.org\/{rel}","templated":true}]}}