{"id":367450,"date":"2025-09-05T05:52:10","date_gmt":"2025-09-05T05:52:10","guid":{"rendered":"https:\/\/www.europesays.com\/fr\/367450\/"},"modified":"2025-09-05T05:52:10","modified_gmt":"2025-09-05T05:52:10","slug":"jonas-vingegaard-remplace-cest-officiel","status":"publish","type":"post","link":"https:\/\/www.europesays.com\/fr\/367450\/","title":{"rendered":"Jonas Vingegaard remplac\u00e9, c\u2019est officiel\u00a0!"},"content":{"rendered":"<p><strong>Alors que le forfait de Jonas<br \/>\nVingegaard a \u00e9t\u00e9 act\u00e9, le Danemark s\u2019appuiera sur Mattias Skjelmose<br \/>\nlors des Championnats du monde au Rwanda.<\/strong><\/p>\n<p>L\u2019annonce, deux jours avant le coup d\u2019envoi de la Vuelta, avait<br \/>\nfait l\u2019effet d\u2019une bombe. Tandis que son s\u00e9lectionneur, Michael<br \/>\nMorkov, avait confirm\u00e9, quelques jours plus t\u00f4t, sa pr\u00e9sence \u00e0<br \/>\nKigali pour les Mondiaux, Jonas Vingegaard avait indiqu\u00e9 finalement<br \/>\nrenoncer aux Championnats du monde.<\/p>\n<p>\u00ab\u00a0Cela ne convient pas \u00e0 mon calendrier, avait-il<br \/>\njustifi\u00e9.\u00a0Pour aller aux Mondiaux, vous devez \u00eatre frais, et<br \/>\nje ne sais pas comment je vais ressortir de cette Vuelta. \u00bb Le<br \/>\nTour d\u2019Espagne s\u2019ach\u00e8ve en effet le 14 septembre tandis que la<br \/>\ncourse en ligne des Mondiaux se d\u00e9roulera deux semaines plus tard,<br \/>\nle 28.<\/p>\n<p>De nombreux coureurs pr\u00e9sents en Espagne n\u2019en ont pas moins<br \/>\nd\u00e9cid\u00e9 d\u2019encha\u00eener les deux courses. Mais Jonas Vingegaard<br \/>\nentretient une relation visiblement compliqu\u00e9e avec sa s\u00e9lection.<br \/>\nIl n\u2019a plus port\u00e9 le maillot du Danemark depuis les Mondiaux U23 de<br \/>\n2018, \u00e0 Innsbruck, zappant syst\u00e9matiquement Jeux Olympiques,<br \/>\nChampionnats du monde ou d\u2019Europe.<\/p>\n<p>Jonas Vingegaard \u00e9galement absent aux Championnats d\u2019Europe<br \/>\n?<\/p>\n<p>Et s\u2019il a affirm\u00e9 vouloir \u00eatre pr\u00e9sent en Ard\u00e8che, le 5 octobre<br \/>\nprochain, pour les Championnats d\u2019Europe, de nombreux observateurs<br \/>\nau Danemark redoutent qu\u2019il ne mette un terme \u00e0 sa saison \u00e0 l\u2019issue<br \/>\nde cette Vuelta. Et ce d\u2019autant plus s\u2019il remporte la victoire.<\/p>\n<p>L\u2019\u00e9quipe danoise n\u2019en aura pas moins fi\u00e8re allure au Danemark<br \/>\npuisqu\u2019elle pourra compter sur Mattias Skjelmose, vainqueur de<br \/>\nl\u2019Amstel Gold Race au printemps apr\u00e8s avoir domin\u00e9 Tadej Pogacar et<br \/>\nRemco Evenepoel. Pour \u00e9pauler le coureur de la Lidl-Trek,<br \/>\nfigureront Casper Pedersen\u00a0(Soudal Quick-Step),\u00a0Anthon<br \/>\nCharmig\u00a0(XDS Astana Team),\u00a0Mikkel<br \/>\nHonor\u00e9\u00a0et\u00a0Michael Valgren\u00a0(EF Education \u2013<br \/>\nEasyPost),\u00a0Anders Foldager,\u00a0Christopher<br \/>\nJuul-Jensen\u00a0et\u00a0Asbj\u00f8rn Hellemose\u00a0(Team Jayco<br \/>\nAlUla)<\/p>\n","protected":false},"excerpt":{"rendered":"Alors que le forfait de Jonas Vingegaard a \u00e9t\u00e9 act\u00e9, le Danemark s\u2019appuiera sur Mattias Skjelmose lors des&hellip;\n","protected":false},"author":2,"featured_media":367451,"comment_status":"","ping_status":"","sticky":false,"template":"","format":"standard","meta":{"footnotes":""},"categories":[1411],"tags":[1154,207,1011,27,60],"class_list":{"0":"post-367450","1":"post","2":"type-post","3":"status-publish","4":"format-standard","5":"has-post-thumbnail","7":"category-cyclisme","8":"tag-cycling","9":"tag-cyclisme","10":"tag-fr","11":"tag-france","12":"tag-sports"},"share_on_mastodon":{"url":"https:\/\/pubeurope.com\/@fr\/115150136538592346","error":""},"_links":{"self":[{"href":"https:\/\/www.europesays.com\/fr\/wp-json\/wp\/v2\/posts\/367450","targetHints":{"allow":["GET"]}}],"collection":[{"href":"https:\/\/www.europesays.com\/fr\/wp-json\/wp\/v2\/posts"}],"about":[{"href":"https:\/\/www.europesays.com\/fr\/wp-json\/wp\/v2\/types\/post"}],"author":[{"embeddable":true,"href":"https:\/\/www.europesays.com\/fr\/wp-json\/wp\/v2\/users\/2"}],"replies":[{"embeddable":true,"href":"https:\/\/www.europesays.com\/fr\/wp-json\/wp\/v2\/comments?post=367450"}],"version-history":[{"count":0,"href":"https:\/\/www.europesays.com\/fr\/wp-json\/wp\/v2\/posts\/367450\/revisions"}],"wp:featuredmedia":[{"embeddable":true,"href":"https:\/\/www.europesays.com\/fr\/wp-json\/wp\/v2\/media\/367451"}],"wp:attachment":[{"href":"https:\/\/www.europesays.com\/fr\/wp-json\/wp\/v2\/media?parent=367450"}],"wp:term":[{"taxonomy":"category","embeddable":true,"href":"https:\/\/www.europesays.com\/fr\/wp-json\/wp\/v2\/categories?post=367450"},{"taxonomy":"post_tag","embeddable":true,"href":"https:\/\/www.europesays.com\/fr\/wp-json\/wp\/v2\/tags?post=367450"}],"curies":[{"name":"wp","href":"https:\/\/api.w.org\/{rel}","templated":true}]}}