{"id":367460,"date":"2025-09-05T05:57:38","date_gmt":"2025-09-05T05:57:38","guid":{"rendered":"https:\/\/www.europesays.com\/fr\/367460\/"},"modified":"2025-09-05T05:57:38","modified_gmt":"2025-09-05T05:57:38","slug":"quotidien-jeudi-4-septembre-2025-les-invites-recus-par-yann-barthes-sur-tmc","status":"publish","type":"post","link":"https:\/\/www.europesays.com\/fr\/367460\/","title":{"rendered":"\u00ab\u00a0Quotidien\u00a0\u00bb jeudi 4 septembre 2025, les invit\u00e9s re\u00e7us par Yann Barth\u00e8s sur TMC"},"content":{"rendered":"<p>Yann Barth\u00e8s vous donne rendez-vous ce jeudi 4 septembre 2025 \u00e0 19:15 sur TMC pour un nouveau num\u00e9ro du magazine \u00ab\u00a0Quotidien\u00a0\u00bb. Voici les invit\u00e9s qui seront re\u00e7us ce soir dans l&rsquo;\u00e9mission.<\/p>\n<p>Diffus\u00e9 du lundi au vendredi \u00e0 19:25 sur <strong>TMC,<\/strong>\u00a0le magazine \u00ab\u00a0<strong>Quotidien\u00a0\u00bb<\/strong> propose une grande session d&rsquo;information qui m\u00eale humour et impertinence.<\/p>\n<p>Politique fran\u00e7aise et internationale, m\u00e9dias, culture, sport : tous les sujets sont pass\u00e9s en revue dans \u00ab\u00a0<strong>Quotidien\u00a0\u00bb<\/strong>.<\/p>\n<p>\u00c0 chaque \u00e9mission, l&rsquo;\u00e9quipe a carte blanche pour traiter l&rsquo;actualit\u00e9 \u00e0 sa fa\u00e7on.<\/p>\n<p><strong>Les invit\u00e9s re\u00e7us jeudi 4 septembre 2025 :<\/strong><\/p>\n<p><strong>Paul Gasnier<\/strong>, pour son livre\u00a0<a href=\"https:\/\/www.gallimard.fr\/catalogue\/la-collision\/9782073101228\" target=\"_blank\" rel=\"noopener nofollow\" style=\"color: #008000;\"><strong>\u00ab La collision \u00bb<\/strong><\/a> chez Gallimard.<\/p>\n<p><strong>Audrey Fleurot, Bruno Sanches, Mehdi Nebbou<\/strong> et <strong>Marie Denardaud<\/strong>, pour les derniers \u00e9pisodes de <strong>\u00ab\u00a0HPI\u00a0\u00bb<\/strong> diffus\u00e9s \u00e0 partir de ce soir sur <strong>TF1<\/strong>.<\/p>\n","protected":false},"excerpt":{"rendered":"Yann Barth\u00e8s vous donne rendez-vous ce jeudi 4 septembre 2025 \u00e0 19:15 sur TMC pour un nouveau num\u00e9ro&hellip;\n","protected":false},"author":2,"featured_media":367461,"comment_status":"","ping_status":"","sticky":false,"template":"","format":"standard","meta":{"footnotes":""},"categories":[1356],"tags":[58,59,1011,27,252,1364],"class_list":{"0":"post-367460","1":"post","2":"type-post","3":"status-publish","4":"format-standard","5":"has-post-thumbnail","7":"category-television","8":"tag-divertissement","9":"tag-entertainment","10":"tag-fr","11":"tag-france","12":"tag-television","13":"tag-tv"},"share_on_mastodon":{"url":"https:\/\/pubeurope.com\/@fr\/115150156190475424","error":""},"_links":{"self":[{"href":"https:\/\/www.europesays.com\/fr\/wp-json\/wp\/v2\/posts\/367460","targetHints":{"allow":["GET"]}}],"collection":[{"href":"https:\/\/www.europesays.com\/fr\/wp-json\/wp\/v2\/posts"}],"about":[{"href":"https:\/\/www.europesays.com\/fr\/wp-json\/wp\/v2\/types\/post"}],"author":[{"embeddable":true,"href":"https:\/\/www.europesays.com\/fr\/wp-json\/wp\/v2\/users\/2"}],"replies":[{"embeddable":true,"href":"https:\/\/www.europesays.com\/fr\/wp-json\/wp\/v2\/comments?post=367460"}],"version-history":[{"count":0,"href":"https:\/\/www.europesays.com\/fr\/wp-json\/wp\/v2\/posts\/367460\/revisions"}],"wp:featuredmedia":[{"embeddable":true,"href":"https:\/\/www.europesays.com\/fr\/wp-json\/wp\/v2\/media\/367461"}],"wp:attachment":[{"href":"https:\/\/www.europesays.com\/fr\/wp-json\/wp\/v2\/media?parent=367460"}],"wp:term":[{"taxonomy":"category","embeddable":true,"href":"https:\/\/www.europesays.com\/fr\/wp-json\/wp\/v2\/categories?post=367460"},{"taxonomy":"post_tag","embeddable":true,"href":"https:\/\/www.europesays.com\/fr\/wp-json\/wp\/v2\/tags?post=367460"}],"curies":[{"name":"wp","href":"https:\/\/api.w.org\/{rel}","templated":true}]}}