{"id":367466,"date":"2025-09-05T06:00:16","date_gmt":"2025-09-05T06:00:16","guid":{"rendered":"https:\/\/www.europesays.com\/fr\/367466\/"},"modified":"2025-09-05T06:00:16","modified_gmt":"2025-09-05T06:00:16","slug":"les-edulcorants-presents-dans-les-sodas-light-et-aliments-alleges-font-vieillir-notre-cerveau-plus-rapidement","status":"publish","type":"post","link":"https:\/\/www.europesays.com\/fr\/367466\/","title":{"rendered":"Les \u00e9dulcorants pr\u00e9sents dans les sodas light et aliments all\u00e9g\u00e9s font vieillir notre cerveau plus rapidement"},"content":{"rendered":"<p>        <img decoding=\"async\" loading=\"lazy\" src=\"https:\/\/www.europesays.com\/fr\/wp-content\/uploads\/2025\/09\/fec4dde_upload-1-sujxmbemmwtk-pexels-artempodrez-6823518.jpg\"  width=\"728\" height=\"410\" alt=\"Les personnes qui consommaient le plus ces \u00e9dulcorants pr\u00e9sentaient un d\u00e9clin plus rapide de leurs capacit\u00e9s de r\u00e9flexion et de m\u00e9moire que celles qui n\u2019en consommaient pas, ou peu.\"\/>  <\/p>\n<p>Pexels \/ Artem Podrez<\/p>\n<p>Les personnes qui consommaient le plus ces \u00e9dulcorants pr\u00e9sentaient un d\u00e9clin plus rapide de leurs capacit\u00e9s de r\u00e9flexion et de m\u00e9moire que celles qui n\u2019en consommaient pas, ou peu.<\/p>\n<p class=\"asset asset-text\">SANT\u00c9 &#8211; Non seulement suspect\u00e9s d\u2019<a href=\"https:\/\/www.huffingtonpost.fr\/life\/article\/l-aspartame-cancerogene-possible-pour-l-homme-visee-par-une-petition-pour-interdire-son-utilisation_245741.html\" target=\"_blank\" rel=\"noopener nofollow\" title=\"Nouvelle fen\u00eatre\">accro\u00eetre le risque de cancer<\/a>, <a href=\"https:\/\/www.huffingtonpost.fr\/life\/article\/remplacer-le-sucre-par-un-edulcorant-n-aide-pas-a-la-perte-de-poids-selon-l-oms_218043.html\" target=\"_blank\" rel=\"noopener nofollow\" title=\"Nouvelle fen\u00eatre\">les \u00e9dulcorants<\/a> sont aussi d\u00e9l\u00e9t\u00e8res pour la sant\u00e9 cognitive. C\u2019est ce que met en lumi\u00e8re une vaste publi\u00e9e dans la revue scientifique <a href=\"https:\/\/www.neurology.org\/doi\/10.1212\/WNL.0000000000214023\" target=\"_blank\" rel=\"noopener nofollow\" title=\"Nouvelle fen\u00eatre\">Neurology<\/a>, qui a examin\u00e9 le r\u00e9gime alimentaire de plus de 12\u00a0700\u00a0adultes r\u00e9sidant au Br\u00e9sil.<\/p>\n<p class=\"asset asset-text\">Les r\u00e9sultats ont montr\u00e9 que les personnes qui consommaient le plus <a href=\"https:\/\/www.huffingtonpost.fr\/life\/article\/l-aspartame-le-faux-sucre-des-sodas-classe-peut-etre-cancerogene-faut-il-changer-d-alimentation_220638.html\" rel=\"nofollow noopener\" target=\"_blank\">ces \u00e9dulcorants hypocaloriques<\/a> pr\u00e9sentaient un d\u00e9clin plus rapide de leurs capacit\u00e9s de r\u00e9flexion et de m\u00e9moire que celles qui n\u2019en consommaient pas, ou peu.<\/p>\n<p class=\"asset asset-text\">\u00ab\u00a0Les personnes qui ont consomm\u00e9 le plus d\u2019\u00e9dulcorants \u00e0 faible teneur en calories ou sans calories ont montr\u00e9 un d\u00e9clin cognitif global 62\u00a0% plus rapide que celles qui en ont consomm\u00e9 la plus faible quantit\u00e9 &#8211; soit l\u2019\u00e9quivalent de 1,6 an de vieillissement c\u00e9r\u00e9bral\u00a0\u00bb, explique dans <a href=\"https:\/\/www.eurekalert.org\/news-releases\/1096504\" target=\"_blank\" rel=\"noopener nofollow\" title=\"Nouvelle fen\u00eatre\">un communiqu\u00e9<\/a> la docteure Claudia Kimie Suemoto, professeure \u00e0 la facult\u00e9 de m\u00e9decine de l\u2019Universit\u00e9 de S\u00e3o Paulo au Br\u00e9sil et autrice principale de l\u2019\u00e9tude.<\/p>\n<p>    Un impact sur la m\u00e9moire, le langage et la r\u00e9flexion    <\/p>\n<p class=\"asset asset-text\">Pour parvenir \u00e0 cette conclusion, les auteurs des travaux ont commenc\u00e9 par sonder \u00e0 l\u2019aide de questionnaires ce qu\u2019avaient mang\u00e9 et bu les participants durant l\u2019ann\u00e9e \u00e9coul\u00e9e. Ils les ont ensuite r\u00e9partis en trois groupes d\u2019\u00e9tude correspondant \u00e0 leur consommation (faible, mod\u00e9r\u00e9e, importante) des sept principaux \u00e9dulcorants pr\u00e9sents dans <a href=\"https:\/\/www.huffingtonpost.fr\/life\/article\/les-aliments-sont-ils-moins-sucres-avec-la-baisse-du-nombre-d-ingredients-sucrants-pas-forcement_231429.html\" rel=\"nofollow noopener\" target=\"_blank\">les aliments et boissons \u00ab\u00a0sans sucres\u00a0\u00bb<\/a>\u00a0: l\u2019aspartame, la saccharine, le tagatose, l\u2019ac\u00e9sulfame-K, l\u2019\u00e9rythritol, le sorbitol et le xylitol. En parall\u00e8le, les participants se sont pli\u00e9s \u00e0 des tests cognitifs au d\u00e9but, au milieu et \u00e0 la fin de l\u2019\u00e9tude afin de suivre l\u2019\u00e9volution de leurs capacit\u00e9s de m\u00e9moire, de langage et de r\u00e9flexion.<\/p>\n<p class=\"asset asset-text\">Les chercheurs ont alors observ\u00e9 que les personnes ayant consomm\u00e9 la plus grande quantit\u00e9 de six des \u00e9dulcorants (tous sauf le tagatose) pr\u00e9sentaient un d\u00e9clin plus rapide de leurs capacit\u00e9s de r\u00e9flexion et de m\u00e9moire globales que celles ayant consomm\u00e9 la plus faible quantit\u00e9, avec une baisse 62\u00a0% plus rapide. Cela \u00e9quivaut \u00e0 environ 1,6 an de vieillissement. Les personnes du groupe interm\u00e9diaire pr\u00e9sentaient, elles, un d\u00e9clin 35\u00a0% plus rapide que celles du groupe le plus faible, soit environ 1,3 an de vieillissement.<\/p>\n<p>    Les moins de 60\u00a0ans particuli\u00e8rement \u00e0 risque    <\/p>\n<p class=\"asset asset-text\">Si un d\u00e9clin cognitif plus rapide a \u00e9t\u00e9 relev\u00e9 chez les patients diab\u00e9tiques, les chercheurs ont \u00e9t\u00e9 surpris de constater que les personnes de moins de 60\u00a0ans consommant de grandes quantit\u00e9s d\u2019\u00e9dulcorants pr\u00e9sentaient, elles aussi, une diminution plus rapide de leurs capacit\u00e9s cognitives globales, et en particulier de la fluidit\u00e9 verbale.<\/p>\n<p class=\"asset asset-text\">\u00ab\u00a0Je m\u2019attendais \u00e0 ce que l\u2019association soit plus marqu\u00e9e chez les personnes \u00e2g\u00e9es, car elles pr\u00e9sentent un risque plus \u00e9lev\u00e9 de\u00a0d\u00e9mence\u00a0et de troubles cognitifs, a d\u00e9clar\u00e9 le Dr Suemoto aupr\u00e8s de la <a href=\"https:\/\/www.sciencefocus.com\/news\/artificial-sweeteners-brain-ageing\" target=\"_blank\" rel=\"noopener nofollow\" title=\"Nouvelle fen\u00eatre\">BBC<\/a>. Or, nos r\u00e9sultats sugg\u00e8rent que l\u2019exposition aux \u00e9dulcorants en milieu de vie pourrait \u00eatre particuli\u00e8rement n\u00e9faste, ce qui est important car le milieu de vie est une p\u00e9riode cruciale pour la sant\u00e9 c\u00e9r\u00e9brale.\u00a0\u00bb<\/p>\n<p class=\"asset asset-text\">D\u2019autres recherches sont d\u00e9sormais n\u00e9cessaires pour confirmer ceux de l\u2019\u00e9tude, qui pr\u00e9sente plusieurs limites. D\u2019abord, elle n\u2019inclut pas tous les \u00e9dulcorants artificiels pr\u00e9sents sur le march\u00e9. Ensuite, ses r\u00e9sultats se basent sur les d\u00e9clarations des participants, sujettes \u00e0 des oublis ou des erreurs.<\/p>\n<p class=\"asset asset-text\">Cependant, la docteure Suemoto estime que ces r\u00e9sultats appellent \u00e0 la prudence quant \u00e0 la consommation d\u2019\u00e9dulcorants artificiels. Elle souhaite d\u00e9sormais les confirmer en utilisant l\u2019imagerie c\u00e9r\u00e9brale et \u00ab\u00a0d\u00e9terminer si d\u2019autres alternatives au sucre raffin\u00e9, comme la compote de pommes, le miel, le sirop d\u2019\u00e9rable ou le sucre de coco, pourraient \u00eatre efficaces\u00a0\u00bb pour contrer le d\u00e9clin cognitif.<\/p>\n","protected":false},"excerpt":{"rendered":"Pexels \/ Artem Podrez Les personnes qui consommaient le plus ces \u00e9dulcorants pr\u00e9sentaient un d\u00e9clin plus rapide de&hellip;\n","protected":false},"author":2,"featured_media":367467,"comment_status":"","ping_status":"","sticky":false,"template":"","format":"standard","meta":{"footnotes":""},"categories":[10],"tags":[231,1011,27,72,5656,222,71,1277],"class_list":{"0":"post-367466","1":"post","2":"type-post","3":"status-publish","4":"format-standard","5":"has-post-thumbnail","7":"category-sante","8":"tag-cerveau","9":"tag-fr","10":"tag-france","11":"tag-health","12":"tag-life","13":"tag-neurologie","14":"tag-sante","15":"tag-sucre"},"share_on_mastodon":{"url":"https:\/\/pubeurope.com\/@fr\/115150167987467539","error":""},"_links":{"self":[{"href":"https:\/\/www.europesays.com\/fr\/wp-json\/wp\/v2\/posts\/367466","targetHints":{"allow":["GET"]}}],"collection":[{"href":"https:\/\/www.europesays.com\/fr\/wp-json\/wp\/v2\/posts"}],"about":[{"href":"https:\/\/www.europesays.com\/fr\/wp-json\/wp\/v2\/types\/post"}],"author":[{"embeddable":true,"href":"https:\/\/www.europesays.com\/fr\/wp-json\/wp\/v2\/users\/2"}],"replies":[{"embeddable":true,"href":"https:\/\/www.europesays.com\/fr\/wp-json\/wp\/v2\/comments?post=367466"}],"version-history":[{"count":0,"href":"https:\/\/www.europesays.com\/fr\/wp-json\/wp\/v2\/posts\/367466\/revisions"}],"wp:featuredmedia":[{"embeddable":true,"href":"https:\/\/www.europesays.com\/fr\/wp-json\/wp\/v2\/media\/367467"}],"wp:attachment":[{"href":"https:\/\/www.europesays.com\/fr\/wp-json\/wp\/v2\/media?parent=367466"}],"wp:term":[{"taxonomy":"category","embeddable":true,"href":"https:\/\/www.europesays.com\/fr\/wp-json\/wp\/v2\/categories?post=367466"},{"taxonomy":"post_tag","embeddable":true,"href":"https:\/\/www.europesays.com\/fr\/wp-json\/wp\/v2\/tags?post=367466"}],"curies":[{"name":"wp","href":"https:\/\/api.w.org\/{rel}","templated":true}]}}